{"id":631298,"date":"2026-08-13T23:35:17","date_gmt":"2026-08-13T23:35:17","guid":{"rendered":"https:\/\/www.europesays.com\/it\/631298\/"},"modified":"2026-08-13T23:35:17","modified_gmt":"2026-08-13T23:35:17","slug":"tremila-euro-nel-portafoglio-derubato-al-supermercato","status":"publish","type":"post","link":"https:\/\/www.europesays.com\/it\/631298\/","title":{"rendered":"Tremila euro nel portafoglio, derubato al supermercato"},"content":{"rendered":"<p>&#13;<\/p>\n<p class=\"entry-meta\">\n13 Agosto 2026\n<\/p>\n<p><img loading=\"lazy\" decoding=\"async\" width=\"1000\" height=\"563\" src=\"https:\/\/www.europesays.com\/it\/wp-content\/uploads\/2026\/08\/furto-portafoglio-2.jpg\" alt=\"\" class=\"wp-image-88397\"  \/><\/p>\n<p class=\"has-medium-font-size wp-block-paragraph\">Lo avevano preso probabilmente di mira, perch\u00e9 il furto \u00e8 stato fulmineo e con destrezza. Soprattutto per\u00f2 il bottino ingente: tremila euro in contanti che un giovane pratolano portava con s\u00e9 per pagare la caparra di un\u2019attivit\u00e0 commerciale che deve rilevare.<\/p>\n<p class=\"has-medium-font-size wp-block-paragraph\">Il ladro lo ha sorpreso all\u2019interno di un supermercato, dove con abilit\u00e0 ha rubato il portafoglio per riconsegnarglielo davanti alla sua attivit\u00e0.<\/p>\n<p class=\"has-medium-font-size wp-block-paragraph\">Il danno e la beffa, insomma, e la dimostrazione che il ladro sapeva bene chi e come colpire.<\/p>\n<p class=\"has-medium-font-size wp-block-paragraph\">Ora sar\u00e0 compito dei carabinieri, a cui il giovane ha presentato denuncia, ricostruire la vicenda e trovare il responsabile. Al vaglio ci sono gi\u00e0 le immagini delle telecamere del supermercato.<\/p>\n<p>\t&#13;<\/p>\n","protected":false},"excerpt":{"rendered":"&#13; 13 Agosto 2026 Lo avevano preso probabilmente di mira, perch\u00e9 il furto \u00e8 stato fulmineo e con&hellip;\n","protected":false},"author":3,"featured_media":631299,"comment_status":"","ping_status":"","sticky":false,"template":"","format":"standard","meta":{"footnotes":"","_share_on_mastodon":"0"},"categories":[172],"tags":[178,177,276671,7100,1537,90,89,348406],"class_list":["post-631298","post","type-post","status-publish","format-standard","has-post-thumbnail","category-affari","tag-affari","tag-business","tag-destrezza","tag-furto","tag-it","tag-italia","tag-italy","tag-pratola"],"share_on_mastodon":{"url":"https:\/\/pubeurope.com\/@it\/117090826716448531","error":""},"_links":{"self":[{"href":"https:\/\/www.europesays.com\/it\/wp-json\/wp\/v2\/posts\/631298","targetHints":{"allow":["GET"]}}],"collection":[{"href":"https:\/\/www.europesays.com\/it\/wp-json\/wp\/v2\/posts"}],"about":[{"href":"https:\/\/www.europesays.com\/it\/wp-json\/wp\/v2\/types\/post"}],"author":[{"embeddable":true,"href":"https:\/\/www.europesays.com\/it\/wp-json\/wp\/v2\/users\/3"}],"replies":[{"embeddable":true,"href":"https:\/\/www.europesays.com\/it\/wp-json\/wp\/v2\/comments?post=631298"}],"version-history":[{"count":0,"href":"https:\/\/www.europesays.com\/it\/wp-json\/wp\/v2\/posts\/631298\/revisions"}],"wp:featuredmedia":[{"embeddable":true,"href":"https:\/\/www.europesays.com\/it\/wp-json\/wp\/v2\/media\/631299"}],"wp:attachment":[{"href":"https:\/\/www.europesays.com\/it\/wp-json\/wp\/v2\/media?parent=631298"}],"wp:term":[{"taxonomy":"category","embeddable":true,"href":"https:\/\/www.europesays.com\/it\/wp-json\/wp\/v2\/categories?post=631298"},{"taxonomy":"post_tag","embeddable":true,"href":"https:\/\/www.europesays.com\/it\/wp-json\/wp\/v2\/tags?post=631298"}],"curies":[{"name":"wp","href":"https:\/\/api.w.org\/{rel}","templated":true}]}}