{"id":631366,"date":"2026-08-14T00:54:23","date_gmt":"2026-08-14T00:54:23","guid":{"rendered":"https:\/\/www.europesays.com\/it\/631366\/"},"modified":"2026-08-14T00:54:23","modified_gmt":"2026-08-14T00:54:23","slug":"fedez-in-costa-smeralda-lite-furibonda-con-il-bodyguard-poi-festa-fino-allalba-la-vacanza-dopo-i-giorni-difficili","status":"publish","type":"post","link":"https:\/\/www.europesays.com\/it\/631366\/","title":{"rendered":"Fedez in Costa Smeralda: lite furibonda con il bodyguard, poi festa fino all&#8217;alba. La vacanza dopo i giorni difficili"},"content":{"rendered":"<p>Dopo la grande paura per il ricovero d&#8217;urgenza a causa di un nuovo sanguinamento dell&#8217;ulcera, Fedez ha scelto la Costa Smeralda per ritrovare spensieratezza e ripartire. In Sardegna, infatti, il rapper sta trascorrendo le vacanze estive insieme alla compagna Giulia e al piccolo Edoardo Lupo, il suo terzo figlio nato di recente.\u00a0<\/p>\n<p>Tra giornate di sole e mare, tuttavia, non mancano i momenti di tensione, alimentati dal carattere da sempre fumantino e impulsivo del rapper 36enne.<\/p>\n<p>La lite prima della festa<\/p>\n<p>Ieri notte, infatti, prima di tuffarsi nella movida isolana, il cantante \u00e8 stato protagonista di una lite con un bodyguard. Il tutto \u00e8 stato immortalato da un filmato pubblicato su TikTok, che mostra un alterco acceso. Video che, nel giro di 17 ore ha gi\u00e0 raggiunto 460.000 visualizzazioni. Ed \u00e8 per questa viralit\u00e0, d&#8217;altronde, che se ne sta parlando.<\/p>\n<p>Pur in assenza dell&#8217;audio originale &#8211; di conseguenza non si comprende cosa stia gridando Fedez all&#8217;uomo della security e cosa risponda quest&#8217;ultimo &#8211; \u00e8 evidente che sia accaduto qualcosa. Ma cosa, di preciso, non si sa.<\/p>\n<p>Altres\u00ec \u00e8 chiaro che poi tutto sia andato per il meglio, come si vede in un altro filmato in cui il rapper balla. Un&#8217;uscita di divertimento che racconta bene il desiderio del rapper di lasciarsi definitivamente alle spalle la sofferenza e i giorni bui trascorsi in ospedale.<\/p>\n<p><a href=\"https:\/\/www.today.it\/gossip\/vip\/fedez-pio-amedeo-verita-lite-tumore.html\" target=\"_blank\" rel=\"nofollow noopener\">&#8220;Con Pio e Amedeo ho chiuso, non lo raccontano ma il motivo \u00e8 che sono stato insultato da un loro familiare mentre ero in sala operatoria per il tumore&#8221;. Cos\u00ec Fedez (che poi parla del figlio Edoardo Lupo)<\/a>La prima estate di Fedez, Giulia ed Edoardo Lupo insieme<\/p>\n<p>Sebbene le cause dello scontro verbale rimangano sconosciute, Fedez ha dimostrato di voler vivere quest&#8217;estate a 360 gradi, senza filtri e senza freni. Una vera e propria rinascita, con l&#8217;auspicio che possa ora vivere in serenit\u00e0 e in salute. Per lui e per i suoi amati tre figli (Leone e Vittoria, nati dall&#8217;amore con Chiara Ferragni. Edoardo Lupo, figlio del rapper e della stilista Giulia Honegger).\u00a0<\/p>\n<p>Questa \u00e8 la prima estate di Fedez, Giulia ed Edoardo Lupo insieme. Tra gite in yacht, una mega villa e tanto divertimento. A testimoniarlo sono anche i dettagli condivisi sui social, dove il cantante ha documentato un&#8217;accesa sfida a paintball.\u00a0<\/p>\n<p>Una vacanza dinamica ma al tempo stesso intima, che segna un capitolo nuovo per la vita privata del rapper, da poco di nuovo pap\u00e0. <a href=\"https:\/\/www.today.it\/gossip\/vip\/fedez-antidolorifici-rischi-stomaco.html\" target=\"_blank\" rel=\"nofollow noopener\">Da poco uscito fuori dall&#8217;ennesimo problema di salute<\/a>.<\/p>\n<p><a href=\"https:\/\/www.today.it\/gossip\/fedez-giulia-casa-nuova.html\" target=\"_blank\" rel=\"nofollow noopener\">Fedez e Giulia, i dettagli della nuova casa a Milano: il divano da 40mila euro, la cameretta del figlio (che rimanda a Ferragni), il terrazzo<\/a>\u00a0<\/p>\n<p>In basso i video pubblicatu su TikTok dagli account @TRASHVIRAL e @leragazzeee<\/p>\n","protected":false},"excerpt":{"rendered":"Dopo la grande paura per il ricovero d&#8217;urgenza a causa di un nuovo sanguinamento dell&#8217;ulcera, Fedez ha scelto&hellip;\n","protected":false},"author":3,"featured_media":631367,"comment_status":"","ping_status":"","sticky":false,"template":"","format":"standard","meta":{"footnotes":"","_share_on_mastodon":"0"},"categories":[174],"tags":[203,466,348431,348432,348433,204,1537,90,89],"class_list":["post-631366","post","type-post","status-publish","format-standard","has-post-thumbnail","category-intrattenimento","tag-entertainment","tag-fedez","tag-fedez-costa-smeralda","tag-fedez-litigio","tag-fedez-vacanza","tag-intrattenimento","tag-it","tag-italia","tag-italy"],"share_on_mastodon":{"url":"https:\/\/pubeurope.com\/@it\/117091137648362408","error":""},"_links":{"self":[{"href":"https:\/\/www.europesays.com\/it\/wp-json\/wp\/v2\/posts\/631366","targetHints":{"allow":["GET"]}}],"collection":[{"href":"https:\/\/www.europesays.com\/it\/wp-json\/wp\/v2\/posts"}],"about":[{"href":"https:\/\/www.europesays.com\/it\/wp-json\/wp\/v2\/types\/post"}],"author":[{"embeddable":true,"href":"https:\/\/www.europesays.com\/it\/wp-json\/wp\/v2\/users\/3"}],"replies":[{"embeddable":true,"href":"https:\/\/www.europesays.com\/it\/wp-json\/wp\/v2\/comments?post=631366"}],"version-history":[{"count":0,"href":"https:\/\/www.europesays.com\/it\/wp-json\/wp\/v2\/posts\/631366\/revisions"}],"wp:featuredmedia":[{"embeddable":true,"href":"https:\/\/www.europesays.com\/it\/wp-json\/wp\/v2\/media\/631367"}],"wp:attachment":[{"href":"https:\/\/www.europesays.com\/it\/wp-json\/wp\/v2\/media?parent=631366"}],"wp:term":[{"taxonomy":"category","embeddable":true,"href":"https:\/\/www.europesays.com\/it\/wp-json\/wp\/v2\/categories?post=631366"},{"taxonomy":"post_tag","embeddable":true,"href":"https:\/\/www.europesays.com\/it\/wp-json\/wp\/v2\/tags?post=631366"}],"curies":[{"name":"wp","href":"https:\/\/api.w.org\/{rel}","templated":true}]}}