{"id":631381,"date":"2026-08-14T01:13:28","date_gmt":"2026-08-14T01:13:28","guid":{"rendered":"https:\/\/www.europesays.com\/it\/631381\/"},"modified":"2026-08-14T01:13:28","modified_gmt":"2026-08-14T01:13:28","slug":"unattrice-di-hollywood-vuole-chiedere-a-pedro-pascal-di-sposarla","status":"publish","type":"post","link":"https:\/\/www.europesays.com\/it\/631381\/","title":{"rendered":"Un&#8217;attrice di Hollywood vuole chiedere a Pedro Pascal di sposarla"},"content":{"rendered":"<p data-journey-content=\"true\" data-node-id=\"3\" class=\"css-1ood0zq emevuu60\">L&#8217;uscita di I Fantastici 4: Gli inizi (2025), diretto da <strong data-node-id=\"3.3\">Matt Shakman<\/strong>, ha segnato l&#8217;ingresso definitivo di uno dei gruppi di supereroi pi\u00f9 emblematici della storia dei fumetti nel Marvel Cinematic Universe. Il film, definito dalla critica di Fotogramas \u00abun inno alla speranza\u00bb per il cinema dei supereroi, racconta le origini dei personaggi all&#8217;interno di un universo retrofuturistico, dove quattro scienziati acquisiscono capacit\u00e0 straordinarie in seguito a una missione spaziale finita male. La storia si collega alla continuit\u00e0 gi\u00e0 stabilita dell&#8217;MCU, <strong data-node-id=\"3.7\">aprendo una nuova linea temporale e anticipando future interazioni con personaggi gi\u00e0 conosciuti in <\/strong><strong data-node-id=\"3.8.0\">Avengers: Doomsday<\/strong>. Considerato da molti l&#8217;inizio di una nuova fase per i Marvel Studios dopo diversi titoli accolti piuttosto tiepidamente, il film ha ottenuto recensioni positive e sembra aver riacceso l&#8217;interesse di un pubblico che negli ultimi anni aveva mostrato alcuni segnali di stanchezza.<\/p>\n<p><img draggable=\"true\" alt=\"los 4 fantasticos primeros pasos\" title=\"los 4 fantasticos primeros pasos\" loading=\"lazy\" width=\"1734\" height=\"2400\" decoding=\"async\" data-nimg=\"1\" style=\"color:transparent;width:100%;height:auto;\"   src=\"https:\/\/www.europesays.com\/it\/wp-content\/uploads\/2026\/08\/los-4-fantasticos-primeros-pasos-2025-pelicula-estreno-cines-6880b3b32572b.jpg\" class=\"css-0 e1ddfba50\"\/><\/p>\n<p>Disney<\/p>\n<p data-journey-content=\"true\" data-node-id=\"10\" class=\"css-1ood0zq emevuu60\"><strong data-node-id=\"10.0\">Il cast \u00e8 stato uno dei principali motivi di interesse fin dall&#8217;annuncio del progetto.<\/strong> Joseph Quinn, conosciuto per il ruolo di Eddie Munson in Stranger Things 4 (2022) e pi\u00f9 recentemente per quello dell&#8217;imperatore Geta in Gladiator II (2024), interpreta Johnny Storm, la Torcia Umana. Ebon Moss-Bachrach, premiato per il suo lavoro nella serie The Bear, veste i panni di Ben Grimm, alias La Cosa. Vanessa Kirby, diventata celebre grazie alla sua interpretazione della principessa Margaret nella serie britannica The Crown e apparsa anche nel ruolo di Giuseppina in Napoleon (2023) di Ridley Scott, \u00e8 invece Sue Storm, la Donna Invisibile.<\/p>\n<p><img draggable=\"true\" alt=\"los 4 fantasticos primeros pasos\" title=\"los 4 fantasticos primeros pasos\" loading=\"lazy\" width=\"2000\" height=\"2600\" decoding=\"async\" data-nimg=\"1\" style=\"color:transparent;width:100%;height:auto;\"   src=\"https:\/\/www.europesays.com\/it\/wp-content\/uploads\/2026\/08\/los-4-fantasticos-primeros-pasos-pelicula-2025-6880b3b32e119.jpg\" class=\"css-0 e1ddfba50\"\/><\/p>\n<p>Disney<\/p>\n<p data-journey-content=\"true\" data-node-id=\"17\" class=\"css-1ood0zq emevuu60\"><strong data-node-id=\"17.0\">Il casting che ha attirato maggiormente l&#8217;attenzione nel nuovo progetto Marvel \u00e8 stato per\u00f2 quello di Pedro Pascal nel ruolo di Reed Richards, meglio conosciuto come Mr. Fantastic.<\/strong> L&#8217;attore di origini cilene, diventato uno dei nomi pi\u00f9 richiesti dell&#8217;industria grazie a serie come Game of Thrones, The Mandalorian e The Last of Us, guida il nuovo gruppo di supereroi. <\/p>\n<p data-journey-content=\"true\" data-node-id=\"23\" class=\"css-1ood0zq emevuu60\">Questo ruolo di leader \u00e8 emerso anche durante il lungo e impegnativo tour promozionale di I Fantastici 4: Gli inizi, nel corso del quale <strong data-node-id=\"23.3\">Pascal ha rafforzato ulteriormente il suo legame con il pubblico<\/strong>, mostrando vicinanza, senso dell&#8217;umorismo e un atteggiamento affabile particolarmente apprezzato. Anche lontano dalle telecamere ha assunto una posizione centrale all&#8217;interno del cast, diventando una figura capace di tenere unito il gruppo e conquistando l&#8217;ammirazione dei colleghi.<\/p>\n<p data-journey-content=\"true\" data-node-id=\"27\" class=\"css-1ood0zq emevuu60\">La sua amicizia con Joseph Quinn ed Ebon Moss-Bachrach \u00e8 apparsa evidente durante interviste ed eventi promozionali, <strong data-node-id=\"27.1\">ma \u00e8 con <a href=\"https:\/\/www.elle.com\/it\/bellezza-beauty\/a70999946\/vanessa-kirby\/\" target=\"_blank\" data-vars-ga-outbound-link=\"https:\/\/www.elle.com\/it\/bellezza-beauty\/a70999946\/vanessa-kirby\/\" data-vars-ga-ux-element=\"Hyperlink\" data-vars-ga-call-to-action=\"Vanessa Kirby\" data-node-id=\"27.1.1\" class=\"body-link css-ohbdae emevuu60\" rel=\"nofollow noopener\">Vanessa Kirby<\/a> che l&#8217;attore ha costruito un rapporto particolarmente stretto<\/strong>. L&#8217;attrice britannica, in attesa del suo primo figlio con l&#8217;ex giocatore di lacrosse Paul Rabil, ha ringraziato pubblicamente Pascal per il sostegno ricevuto durante le riprese e la promozione del film, descrivendolo come un collega attento e generoso.<\/p>\n<p><img draggable=\"true\" alt=\"los 4 fantasticos primeros pasos\" title=\"los 4 fantasticos primeros pasos\" loading=\"lazy\" width=\"2000\" height=\"2600\" decoding=\"async\" data-nimg=\"1\" style=\"color:transparent;width:100%;height:auto;\"   src=\"https:\/\/www.europesays.com\/it\/wp-content\/uploads\/2026\/08\/los-4-fantasticos-primeros-pasos-pelicula-2025-estreno-6880b3b362fc9.jpg\" class=\"css-0 e1ddfba50\"\/><\/p>\n<p>Disney<\/p>\n<p>Vanessa Kirby su Pedro Pascal: &#8220;La gente \u00e8 attratta da chi non indossa alcuna corazza&#8221;<\/p>\n<p data-journey-content=\"true\" data-node-id=\"33\" class=\"css-1ood0zq emevuu60\">In una recente intervista concessa all&#8217;edizione britannica di Grazia, Vanessa Kirby \u00e8 stata interrogata direttamente sul magnetismo di Pascal e sui motivi che lo hanno trasformato, senza troppi dubbi, nell&#8217;uomo del momento a Hollywood.<\/p>\n<p><img decoding=\"async\" data-dynamic-svg=\"true\" src=\"https:\/\/www.elle.com\/_assets\/design-tokens\/fre\/static\/icons\/arrow-right.7440adc.svg?primary=%2523D4D4D4\" loading=\"lazy\" data-testid=\"dynamic-svg-base\" height=\"auto\" width=\"auto\" aria-label=\"Prev carousel button\" alt=\"Chevron Left Icon\" data-theme-key=\"icon-button-icon\" transform=\"scaleX(-1)\" class=\"css-14vtfey erhb41k0\"\/><img decoding=\"async\" data-dynamic-svg=\"true\" src=\"https:\/\/www.elle.com\/_assets\/design-tokens\/fre\/static\/icons\/arrow-right.7440adc.svg?primary=%25230f0f15\" loading=\"lazy\" data-testid=\"dynamic-svg-base\" height=\"auto\" width=\"auto\" aria-label=\"Next carousel button\" alt=\"Chevron Right Icon\" data-theme-key=\"icon-button-icon\" class=\"css-18znc9e erhb41k0\"\/><\/p>\n<p data-journey-content=\"true\" data-node-id=\"38\" class=\"css-1ood0zq emevuu60\">L&#8217;attrice, 36 anni, ha risposto con una riflessione sulla personalit\u00e0 del collega: &#8220;<strong data-node-id=\"38.1\">Abbiamo tutti le nostre teorie. La mia \u00e8 che succede perch\u00e9 lui \u00e8 se stesso senza mai scusarsi per esserlo. Non \u00e8 affatto protetto, semplicemente non pu\u00f2 fare a meno di essere se stesso. E credo che le persone siano profondamente attratte da qualcuno che non indossa alcuna corazza, perch\u00e9 questo lo rende davvero vulnerabile. Ma penso che la vulnerabilit\u00e0 sia qualcosa di molto coraggioso e non puoi fare a meno di fidarti: senti semplicemente che \u00e8 autentico.&#8221;<\/strong><\/p>\n<p data-journey-content=\"true\" data-node-id=\"42\" class=\"css-1ood0zq emevuu60\">La 36enne attrice inglese \u00e8 tornata a parlare di Pascal anche ai microfoni di Hits Radio, questa volta con un tono decisamente pi\u00f9 ironico: &#8220;<strong data-node-id=\"42.3\">Voglio dire, chi non vorrebbe sposare Pedro? Io sono la prima della fila, tesoro.&#8221;<\/strong><\/p>\n<p data-journey-content=\"true\" data-node-id=\"46\" class=\"css-1ood0zq emevuu60\">Pascal ha risposto sottovoce e scherzando. <strong data-node-id=\"46.1\">Potrei farti una lunga lista di persone che non vorrebbero sposarmi.<\/strong>\u00bb<\/p>\n<p data-journey-content=\"true\" data-node-id=\"50\" class=\"css-1ood0zq emevuu60\">Kirby, per\u00f2, ha continuato a elogiare la star di The Last of Us, facendo riferimento al rapporto tra i loro personaggi in I Fantastici 4: &#8220;<strong data-node-id=\"50.5\">\u00c8 stato il miglior marito di sempre.&#8221;                          <\/strong> <\/p>\n<p><img draggable=\"true\" alt=\"los 4 fantasticos primeros pasos\" title=\"los 4 fantasticos primeros pasos\" loading=\"lazy\" width=\"3840\" height=\"2160\" decoding=\"async\" data-nimg=\"1\" style=\"color:transparent;width:100%;height:auto;\"   src=\"https:\/\/www.europesays.com\/it\/wp-content\/uploads\/2026\/08\/los-4-fantasticos-primeros-pasos-pelicula-2025-estreno-cines-6880b3b32a1cd.jpg\" class=\"css-0 e1ddfba50\"\/><\/p>\n<p>Disney<\/p>\n<p>&#8220;Pedro Pascal \u00e8 uno dei grandi amori della mia vita&#8221;<\/p>\n<p data-journey-content=\"true\" data-node-id=\"57\" class=\"css-1ood0zq emevuu60\">Non \u00e8 la prima volta che Vanessa Kirby parla apertamente dell&#8217;affetto che prova per il collega. In precedenza, durante un&#8217;intervista con Madame Figaro, l&#8217;attrice di The Crown aveva raccontato quanto voglia bene a Pascal.<\/p>\n<p data-journey-content=\"true\" data-node-id=\"61\" class=\"css-1ood0zq emevuu60\">Parlando dell&#8217;esperienza sul set del nuovo film Marvel, la vincitrice del BAFTA aveva spiegato di essersi sentita \u00abmolto fortunata\u00bb quando Pascal aveva accettato di interpretare Mr. Fantastic.<\/p>\n<p data-journey-content=\"true\" data-node-id=\"65\" class=\"css-1ood0zq emevuu60\">\u00ab<strong data-node-id=\"65.1\">\u00c8 stato uno dei giorni pi\u00f9 belli della mia vita quando mi ha detto di s\u00ec. \u00c8 incredibile quanto gli voglia bene, e non sono l&#8217;unica, cosa piuttosto irritante.<\/strong><br data-node-id=\"65.2\"\/><\/p>\n<p data-journey-content=\"true\" data-node-id=\"71\" class=\"css-1ood0zq emevuu60\">Kirby si \u00e8 spinta ancora oltre, spiegando che Pascal potrebbe essere <strong data-node-id=\"71.1\">\u00abuno dei grandi amori\u00bb della sua vita<\/strong> e che avr\u00e0 sempre un posto nel suo <strong data-node-id=\"71.3\">\u00abcuore\u00bb<\/strong>.<\/p>\n<p data-journey-content=\"true\" data-node-id=\"75\" class=\"css-1ood0zq emevuu60\">Parole che raccontano un rapporto nato sul set ma diventato molto pi\u00f9 profondo durante le riprese e il lungo tour promozionale del film: un&#8217;amicizia costruita sulla fiducia e sull&#8217;affetto reciproco che, secondo Vanessa Kirby, trova proprio nell&#8217;autenticit\u00e0 e nella vulnerabilit\u00e0 di Pedro Pascal la sua ragione pi\u00f9 profonda.<\/p>\n","protected":false},"excerpt":{"rendered":"L&#8217;uscita di I Fantastici 4: Gli inizi (2025), diretto da Matt Shakman, ha segnato l&#8217;ingresso definitivo di uno&hellip;\n","protected":false},"author":3,"featured_media":631382,"comment_status":"","ping_status":"","sticky":false,"template":"","format":"standard","meta":{"footnotes":"","_share_on_mastodon":"0"},"categories":[1451],"tags":[1621,1620,1616,203,204,1537,90,89],"class_list":["post-631381","post","type-post","status-publish","format-standard","has-post-thumbnail","category-celebrita","tag-celebrita","tag-celebrities","tag-discover","tag-entertainment","tag-intrattenimento","tag-it","tag-italia","tag-italy"],"share_on_mastodon":{"url":"https:\/\/pubeurope.com\/@it\/117091212432849559","error":""},"_links":{"self":[{"href":"https:\/\/www.europesays.com\/it\/wp-json\/wp\/v2\/posts\/631381","targetHints":{"allow":["GET"]}}],"collection":[{"href":"https:\/\/www.europesays.com\/it\/wp-json\/wp\/v2\/posts"}],"about":[{"href":"https:\/\/www.europesays.com\/it\/wp-json\/wp\/v2\/types\/post"}],"author":[{"embeddable":true,"href":"https:\/\/www.europesays.com\/it\/wp-json\/wp\/v2\/users\/3"}],"replies":[{"embeddable":true,"href":"https:\/\/www.europesays.com\/it\/wp-json\/wp\/v2\/comments?post=631381"}],"version-history":[{"count":0,"href":"https:\/\/www.europesays.com\/it\/wp-json\/wp\/v2\/posts\/631381\/revisions"}],"wp:featuredmedia":[{"embeddable":true,"href":"https:\/\/www.europesays.com\/it\/wp-json\/wp\/v2\/media\/631382"}],"wp:attachment":[{"href":"https:\/\/www.europesays.com\/it\/wp-json\/wp\/v2\/media?parent=631381"}],"wp:term":[{"taxonomy":"category","embeddable":true,"href":"https:\/\/www.europesays.com\/it\/wp-json\/wp\/v2\/categories?post=631381"},{"taxonomy":"post_tag","embeddable":true,"href":"https:\/\/www.europesays.com\/it\/wp-json\/wp\/v2\/tags?post=631381"}],"curies":[{"name":"wp","href":"https:\/\/api.w.org\/{rel}","templated":true}]}}