{"id":631387,"date":"2026-08-14T01:19:25","date_gmt":"2026-08-14T01:19:25","guid":{"rendered":"https:\/\/www.europesays.com\/it\/631387\/"},"modified":"2026-08-14T01:19:25","modified_gmt":"2026-08-14T01:19:25","slug":"perche-suzuki-alla-juventus-sta-saltando-e-perche-vicario-e-tornato-in-corsa-cosa-sta-succedendo-col-psg","status":"publish","type":"post","link":"https:\/\/www.europesays.com\/it\/631387\/","title":{"rendered":"Perch\u00e9 Suzuki alla Juventus sta saltando e perch\u00e9 Vicario \u00e8 tornato in corsa: cosa sta succedendo col PSG"},"content":{"rendered":"<p>Secondo la Gazzetta dello Sport, infatti, il PSG si sarebbe preso un po&#8217; di tempo per decidere che cosa fare di Suzuki in vista della prossima stagione: <b><strong>se cio\u00e8 tenerlo nella rosa di Luis Enrique, o se darlo via in prestito per 12 mesi<\/strong><\/b>.<\/p>\n<p>La Juventus, che aspettava appena l&#8217;ufficialit\u00e0 del trasferimento a Parigi del giapponese per finalizzare a sua volta l&#8217;accordo per il prestito secco, \u00e8 rimasta spiazzata. E ha deciso di ricominciare a guardarsi altrove, come del resto ha fatto praticamente dall&#8217;inizio del mercato, per un altro portiere.<\/p>\n<p>Attualmente il titolare del PSG \u00e8 il russo Safonov, in campo anche nella Supercoppa Europea contro l&#8217;Aston Villa. Il suo vice \u00e8 invece l&#8217;ex Lille Chevalier, preso un anno fa come erede di Donnarumma prima di perdere il posto e rischiare addirittura la cessione dopo appena 12 mesi.<\/p>\n","protected":false},"excerpt":{"rendered":"Secondo la Gazzetta dello Sport, infatti, il PSG si sarebbe preso un po&#8217; di tempo per decidere che&hellip;\n","protected":false},"author":3,"featured_media":631388,"comment_status":"","ping_status":"","sticky":false,"template":"","format":"standard","meta":{"footnotes":"","_share_on_mastodon":"0"},"categories":[176],"tags":[353,1537,90,89,558,13562,1543,251,245,244,355,110271],"class_list":["post-631387","post","type-post","status-publish","format-standard","has-post-thumbnail","category-sport","tag-calciomercato","tag-it","tag-italia","tag-italy","tag-juventus","tag-paris-saint-germain","tag-parma-calcio-1913","tag-serie-a","tag-sport","tag-sports","tag-transfers","tag-z-suzuki"],"share_on_mastodon":{"url":"https:\/\/pubeurope.com\/@it\/117091235653444767","error":""},"_links":{"self":[{"href":"https:\/\/www.europesays.com\/it\/wp-json\/wp\/v2\/posts\/631387","targetHints":{"allow":["GET"]}}],"collection":[{"href":"https:\/\/www.europesays.com\/it\/wp-json\/wp\/v2\/posts"}],"about":[{"href":"https:\/\/www.europesays.com\/it\/wp-json\/wp\/v2\/types\/post"}],"author":[{"embeddable":true,"href":"https:\/\/www.europesays.com\/it\/wp-json\/wp\/v2\/users\/3"}],"replies":[{"embeddable":true,"href":"https:\/\/www.europesays.com\/it\/wp-json\/wp\/v2\/comments?post=631387"}],"version-history":[{"count":0,"href":"https:\/\/www.europesays.com\/it\/wp-json\/wp\/v2\/posts\/631387\/revisions"}],"wp:featuredmedia":[{"embeddable":true,"href":"https:\/\/www.europesays.com\/it\/wp-json\/wp\/v2\/media\/631388"}],"wp:attachment":[{"href":"https:\/\/www.europesays.com\/it\/wp-json\/wp\/v2\/media?parent=631387"}],"wp:term":[{"taxonomy":"category","embeddable":true,"href":"https:\/\/www.europesays.com\/it\/wp-json\/wp\/v2\/categories?post=631387"},{"taxonomy":"post_tag","embeddable":true,"href":"https:\/\/www.europesays.com\/it\/wp-json\/wp\/v2\/tags?post=631387"}],"curies":[{"name":"wp","href":"https:\/\/api.w.org\/{rel}","templated":true}]}}