{"id":631580,"date":"2026-08-14T05:28:14","date_gmt":"2026-08-14T05:28:14","guid":{"rendered":"https:\/\/www.europesays.com\/it\/631580\/"},"modified":"2026-08-14T05:28:14","modified_gmt":"2026-08-14T05:28:14","slug":"ferragosto-cambia-la-raccolta-dei-rifiuti-a-latina","status":"publish","type":"post","link":"https:\/\/www.europesays.com\/it\/631580\/","title":{"rendered":"Ferragosto, cambia la raccolta dei rifiuti a Latina"},"content":{"rendered":"<p class=\"isSelectedEnd\">In vista di Ferragosto cambiano alcuni servizi di igiene urbana a Latina. ABC ha comunicato le modifiche previste per sabato 15 agosto, con variazioni sia nella raccolta porta a porta sia nell&#8217;apertura dei Centri di Raccolta.<\/p>\n<p class=\"isSelectedEnd\">I Centri di Raccolta di via Bassianese e Chiesuola resteranno chiusi il 15 agosto. Sar\u00e0 invece regolarmente aperto quello di via Massaro, in zona Lido, dalle 9 alle 13.<\/p>\n<p class=\"isSelectedEnd\">Dal 14 al 30 agosto, in tutti i Centri di Raccolta sar\u00e0 inoltre sospeso temporaneamente il conferimento di calcinacci e rifiuti inerti, a causa dell&#8217;indisponibilit\u00e0 del servizio di conferimento.<\/p>\n<p class=\"isSelectedEnd\">Per quanto riguarda la raccolta porta a porta, nella giornata di sabato sar\u00e0 garantito il servizio esclusivamente nella zona di Latina Lido. Nelle restanti aree della citt\u00e0 \u00e8 invece previsto il fermo del servizio. Nel centro cittadino saranno comunque effettuati gli interventi di spazzamento e riassetto urbano.<\/p>\n<p class=\"isSelectedEnd\">A Ferragosto non sar\u00e0 effettuata neppure la raccolta dei cassonetti stradali, in concomitanza con la chiusura dell&#8217;impianto di destinazione Rida Ambiente. ABC invita quindi i cittadini a limitare il conferimento dei rifiuti nella giornata festiva e a non lasciare sacchetti a terra accanto ai cassonetti, evitando la formazione di accumuli nelle aree pubbliche.<\/p>\n<p>I servizi torneranno alla piena regolarit\u00e0 da domenica 16 agosto.<\/p>\n","protected":false},"excerpt":{"rendered":"In vista di Ferragosto cambiano alcuni servizi di igiene urbana a Latina. ABC ha comunicato le modifiche previste&hellip;\n","protected":false},"author":3,"featured_media":631581,"comment_status":"","ping_status":"","sticky":false,"template":"","format":"standard","meta":{"footnotes":"","_share_on_mastodon":"0"},"categories":[79],"tags":[28468,14,93,94,1537,90,89,11225,7,15,11,84,91,12,85,92],"class_list":["post-631580","post","type-post","status-publish","format-standard","has-post-thumbnail","category-italia","tag-abc","tag-cronaca","tag-cronaca-italiana","tag-cronacaitaliana","tag-it","tag-italia","tag-italy","tag-latina","tag-news","tag-notizie","tag-ultime-notizie","tag-ultime-notizie-e-news-di-oggi","tag-ultime-notizie-italia","tag-ultimenotizie","tag-ultimenotizieenewsdioggi","tag-ultimenotizieitalia"],"share_on_mastodon":{"url":"https:\/\/pubeurope.com\/@it\/117092214895887600","error":""},"_links":{"self":[{"href":"https:\/\/www.europesays.com\/it\/wp-json\/wp\/v2\/posts\/631580","targetHints":{"allow":["GET"]}}],"collection":[{"href":"https:\/\/www.europesays.com\/it\/wp-json\/wp\/v2\/posts"}],"about":[{"href":"https:\/\/www.europesays.com\/it\/wp-json\/wp\/v2\/types\/post"}],"author":[{"embeddable":true,"href":"https:\/\/www.europesays.com\/it\/wp-json\/wp\/v2\/users\/3"}],"replies":[{"embeddable":true,"href":"https:\/\/www.europesays.com\/it\/wp-json\/wp\/v2\/comments?post=631580"}],"version-history":[{"count":0,"href":"https:\/\/www.europesays.com\/it\/wp-json\/wp\/v2\/posts\/631580\/revisions"}],"wp:featuredmedia":[{"embeddable":true,"href":"https:\/\/www.europesays.com\/it\/wp-json\/wp\/v2\/media\/631581"}],"wp:attachment":[{"href":"https:\/\/www.europesays.com\/it\/wp-json\/wp\/v2\/media?parent=631580"}],"wp:term":[{"taxonomy":"category","embeddable":true,"href":"https:\/\/www.europesays.com\/it\/wp-json\/wp\/v2\/categories?post=631580"},{"taxonomy":"post_tag","embeddable":true,"href":"https:\/\/www.europesays.com\/it\/wp-json\/wp\/v2\/tags?post=631580"}],"curies":[{"name":"wp","href":"https:\/\/api.w.org\/{rel}","templated":true}]}}