{"id":631601,"date":"2026-08-14T05:53:21","date_gmt":"2026-08-14T05:53:21","guid":{"rendered":"https:\/\/www.europesays.com\/it\/631601\/"},"modified":"2026-08-14T05:53:21","modified_gmt":"2026-08-14T05:53:21","slug":"tocca-a-genesis-il-brand-di-lusso-di-hyundai","status":"publish","type":"post","link":"https:\/\/www.europesays.com\/it\/631601\/","title":{"rendered":"Tocca a Genesis, il brand di lusso di Hyundai"},"content":{"rendered":"<p>Sempre dall\u2019Estremo Oriente ma, una volta tanto, non dalla \u00absolita\u00bb Cina, bens\u00ec da un Paese e un Costruttore a noi pi\u00f9 familiari: la Corea del Sud, il Gruppo Hyundai. Genesis sta a Hyundai come Lexus sta a Toyota: nel mirino, per il brand di lusso nato nel 2015 e in Germania e Regno Unito gi\u00e0 dal 2021, le tedesche premium. Segni particolari: design ricercato, materiali nobili, tanta tecnologia. E tanto elettrico, ma non solo l\u2019elettrico \u00abtotale\u00bb. Nel 2026 lo sbarco sul mercato Italia con un attacco a tre punte. Apre la gamma Genesis GV60, un Suv di 4,5 metri imparentato con Ioniq 5, ma un abito pi\u00f9 sartoriale e una dinamica pi\u00f9 affilata. Da 56.400 euro, fino agli 88.400 euro della variante high performance Magma (650 Cv). Ma \u00e8 forse il Suv di mezzo, Genesis Electrified GV70 (4,7 m), quello pi\u00f9 interessante: almeno in prospettiva, visto che alla variante Ev, trazione integrale e ricarica a 800 volt in 19 minuti &#8211; gi\u00e0 ordinabile, da 69.900 euro -, si affiancher\u00e0 nel 2027 un\u2019edizione ibrida a benzina pi\u00f9 economica. Chiude in bellezza la grande berlina Electrified G80, oltre 5,1 metri di regalit\u00e0 e ospitalit\u00e0 asiatiche (da 81.800 euro). Dalle nostre parti, Genesis \u00e8 ancora un nome semi-sconosciuto, ma proprio sull\u2019anonimato la filiale italiana insiste per esercitare fascino su un pubblico che cerca distinzione (target: 3.000 auto all\u2019anno). Ed esclusiva \u00e8 anche la rete: una concessionaria a Padova, un\u2019altra a Roma, una terza a Milano entro fine 2026. Per rafforzare un\u2019identit\u00e0 separata dalla Casa madre. E per combattere alla pari con Audi, Bmw e Mercedes.<\/p>\n<p role=\"heading\" aria-level=\"2\" class=\"text \">\u00a9 Riproduzione riservata<\/p>\n","protected":false},"excerpt":{"rendered":"Sempre dall\u2019Estremo Oriente ma, una volta tanto, non dalla \u00absolita\u00bb Cina, bens\u00ec da un Paese e un Costruttore&hellip;\n","protected":false},"author":3,"featured_media":631602,"comment_status":"","ping_status":"","sticky":false,"template":"","format":"standard","meta":{"footnotes":"","_share_on_mastodon":"0"},"categories":[172],"tags":[178,177,25580,17889,7056,1537,90,89],"class_list":["post-631601","post","type-post","status-publish","format-standard","has-post-thumbnail","category-affari","tag-affari","tag-business","tag-elettrico","tag-genesis","tag-hyundai","tag-it","tag-italia","tag-italy"],"share_on_mastodon":{"url":"https:\/\/pubeurope.com\/@it\/117092313122353604","error":""},"_links":{"self":[{"href":"https:\/\/www.europesays.com\/it\/wp-json\/wp\/v2\/posts\/631601","targetHints":{"allow":["GET"]}}],"collection":[{"href":"https:\/\/www.europesays.com\/it\/wp-json\/wp\/v2\/posts"}],"about":[{"href":"https:\/\/www.europesays.com\/it\/wp-json\/wp\/v2\/types\/post"}],"author":[{"embeddable":true,"href":"https:\/\/www.europesays.com\/it\/wp-json\/wp\/v2\/users\/3"}],"replies":[{"embeddable":true,"href":"https:\/\/www.europesays.com\/it\/wp-json\/wp\/v2\/comments?post=631601"}],"version-history":[{"count":0,"href":"https:\/\/www.europesays.com\/it\/wp-json\/wp\/v2\/posts\/631601\/revisions"}],"wp:featuredmedia":[{"embeddable":true,"href":"https:\/\/www.europesays.com\/it\/wp-json\/wp\/v2\/media\/631602"}],"wp:attachment":[{"href":"https:\/\/www.europesays.com\/it\/wp-json\/wp\/v2\/media?parent=631601"}],"wp:term":[{"taxonomy":"category","embeddable":true,"href":"https:\/\/www.europesays.com\/it\/wp-json\/wp\/v2\/categories?post=631601"},{"taxonomy":"post_tag","embeddable":true,"href":"https:\/\/www.europesays.com\/it\/wp-json\/wp\/v2\/tags?post=631601"}],"curies":[{"name":"wp","href":"https:\/\/api.w.org\/{rel}","templated":true}]}}