{"id":631605,"date":"2026-08-14T05:55:16","date_gmt":"2026-08-14T05:55:16","guid":{"rendered":"https:\/\/www.europesays.com\/it\/631605\/"},"modified":"2026-08-14T05:55:16","modified_gmt":"2026-08-14T05:55:16","slug":"como-nella-notte-si-allarga-lincendio-sul-monte-goj-e-minaccia-le-case-cenere-e-fumo-anche-in-centro-ottanta-vigili-del-fuoco-al-lavoro","status":"publish","type":"post","link":"https:\/\/www.europesays.com\/it\/631605\/","title":{"rendered":"Como, nella notte si allarga l&#8217;incendio sul Monte Goj e minaccia le case: cenere e fumo anche in centro. Ottanta vigili del fuoco al lavoro"},"content":{"rendered":"<p>    di<br \/>\n    Redazione Milano<\/p>\n<p class=\"summary-art is-line-h-12\">\u00c8 critica la situazione nel capoluogo lariano, dove le fiamme spinte dal vento minacciano abitazioni e una comunit\u00e0 che accoglie persone con disabilit\u00e0. Presenti il sindaco Rapinese e i vertici dei vigili del fuoco<\/p>\n<p class=\"chapter-paragraph\">\u00c8 sempre pi\u00f9 critica la situazione dell&#8217;incendio che si \u00e8 sviluppato nel pomeriggio di gioved\u00ec in un&#8217;area boschiva <b>alle pendici del Monte Goj<\/b>, un&#8217;altura nel territorio del Comune di Como <b>vicina ai quartieri residenziali del capoluogo lariano<\/b>. Secondo i vigili del fuoco, impegnati in forze nella notte, il peggioramento della situazione sarebbe conseguenza d<b>el forte vento che in serata ha alimentato le fiamme<\/b>, spingendo<b> fumo e cenere sul centro citt\u00e0 e nei Comuni di Cernobbio e Moltrasio<\/b>, sulla sponda occidentale del lago.<\/p>\n<p class=\"chapter-paragraph\">\u00a0I vigili del fuoco sono impegnati nella difesa di <b>una casa di cura per persone con disabilit\u00e0, mentre \u00e8 in corso l&#8217;evacuazione<\/b> precauzionale di un paio di abitazioni. Sono attualmente impegnati circa <b>80 vigili del fuoco<\/b>, provenienti da Como e provincia e da altre zone della Lombardia. Previsto per domani l&#8217;arrivo di due Canadair e di due elicotteri. <b>Sul posto con il sindaco Alessandro Rapinese e i funzionari del Comando provinciale dei vigili del fuoco<\/b>, sono presenti anche diverse squadre di volontari Antincendio.    &#13;<br \/>\n&#13;<br \/>\n&#13;<br \/>\n&#13;<br \/>\n&#13;<br \/>\n&#13;<br \/>\n&#13;<br \/>\n&#13;<br \/>\n&#13;<br \/>\n&#13;<br \/>\n&#13;<br \/>\n&#13;<br \/>\n&#13;<br \/>\n&#13;<br \/>\n&#13;<br \/>\n&#13;<br \/>\n&#13;<br \/>\n&#13;<br \/>\n&#13;<br \/>\n&#13;<br \/>\n&#13;<br \/>\n&#13;<br \/>\n&#13;<br \/>\n&#13;<br \/>\n&#13;<br \/>\n&#13;<br \/>\n&#13;<br \/>\n&#13;<br \/>\n&#13;<br \/>\n&#13;<br \/>\n&#13;<br \/>\n&#13;<br \/>\n&#13;<br \/>\n&#13;<br \/>\n&#13;<br \/>\n&#13;<br \/>\n&#13;<br \/>\n&#13;<br \/>\n&#13;<br \/>\n&#13;<br \/>\n&#13;<br \/>\n&#13;<br \/>\n&#13;<br \/>\n&#13;<br \/>\n&#13;<br \/>\n&#13;<br \/>\n&#13;<br \/>\n&#13;<br \/>\n&#13;<br \/>\n&#13;<br \/>\n&#13;<br \/>\n&#13;<br \/>\n&#13;\n<\/p>\n<p class=\"is-mr-t-20 is-mr-b-20\"><b><br \/>\n                    <a href=\"https:\/\/milano.corriere.it\/?intcmp=Notizielocali_nd_010623_corriere_ss_milano\" target=\"_blank\" rel=\"nofollow noopener\">Vai a tutte le notizie di Milano<\/a><br \/>\n            <\/b><\/p>\n<p class=\"chapter-paragraph\"><b><a href=\"https:\/\/www.corriere.it\/newsletter\/?theme=41&amp;intcmp=IIIcolonna_NL_CorMilano\" target=\"_blank\" rel=\"nofollow noopener\">Iscriviti alla newsletter di Corriere Milano<\/a><\/b><\/p>\n<p class=\"is-last-update\" datetime=\"2026-08-14T00:42:10+02:00\">14 agosto 2026 ( modifica il 14 agosto 2026 | 00:42)<\/p>\n<p class=\"is-copyright\">\n            \u00a9 RIPRODUZIONE RISERVATA\n        <\/p>\n","protected":false},"excerpt":{"rendered":"di Redazione Milano \u00c8 critica la situazione nel capoluogo lariano, dove le fiamme spinte dal vento minacciano abitazioni&hellip;\n","protected":false},"author":3,"featured_media":631606,"comment_status":"","ping_status":"","sticky":false,"template":"","format":"standard","meta":{"footnotes":"","_share_on_mastodon":"0"},"categories":[79],"tags":[16246,14785,348531,40712,104,3705,14335,348532,14,93,94,783,8140,1537,90,89,7,15,786,11,84,91,12,85,92,6162,6163],"class_list":["post-631605","post","type-post","status-publish","format-standard","has-post-thumbnail","category-italia","tag-abitazioni","tag-capoluogo","tag-capoluogo-lariano","tag-cenere","tag-centro","tag-como","tag-critica","tag-critica-situazione","tag-cronaca","tag-cronaca-italiana","tag-cronacaitaliana","tag-fuoco","tag-impegnati","tag-it","tag-italia","tag-italy","tag-news","tag-notizie","tag-situazione","tag-ultime-notizie","tag-ultime-notizie-e-news-di-oggi","tag-ultime-notizie-italia","tag-ultimenotizie","tag-ultimenotizieenewsdioggi","tag-ultimenotizieitalia","tag-vigili","tag-vigili-fuoco"],"share_on_mastodon":{"url":"","error":"Validation failed: Text character limit of 500 exceeded"},"_links":{"self":[{"href":"https:\/\/www.europesays.com\/it\/wp-json\/wp\/v2\/posts\/631605","targetHints":{"allow":["GET"]}}],"collection":[{"href":"https:\/\/www.europesays.com\/it\/wp-json\/wp\/v2\/posts"}],"about":[{"href":"https:\/\/www.europesays.com\/it\/wp-json\/wp\/v2\/types\/post"}],"author":[{"embeddable":true,"href":"https:\/\/www.europesays.com\/it\/wp-json\/wp\/v2\/users\/3"}],"replies":[{"embeddable":true,"href":"https:\/\/www.europesays.com\/it\/wp-json\/wp\/v2\/comments?post=631605"}],"version-history":[{"count":0,"href":"https:\/\/www.europesays.com\/it\/wp-json\/wp\/v2\/posts\/631605\/revisions"}],"wp:featuredmedia":[{"embeddable":true,"href":"https:\/\/www.europesays.com\/it\/wp-json\/wp\/v2\/media\/631606"}],"wp:attachment":[{"href":"https:\/\/www.europesays.com\/it\/wp-json\/wp\/v2\/media?parent=631605"}],"wp:term":[{"taxonomy":"category","embeddable":true,"href":"https:\/\/www.europesays.com\/it\/wp-json\/wp\/v2\/categories?post=631605"},{"taxonomy":"post_tag","embeddable":true,"href":"https:\/\/www.europesays.com\/it\/wp-json\/wp\/v2\/tags?post=631605"}],"curies":[{"name":"wp","href":"https:\/\/api.w.org\/{rel}","templated":true}]}}