{"id":631644,"date":"2026-08-14T06:35:21","date_gmt":"2026-08-14T06:35:21","guid":{"rendered":"https:\/\/www.europesays.com\/it\/631644\/"},"modified":"2026-08-14T06:35:21","modified_gmt":"2026-08-14T06:35:21","slug":"iniziata-la-stagione-2026-27-del-derthona-basket-oggi-test-fisici-domani-primi-allenamenti","status":"publish","type":"post","link":"https:\/\/www.europesays.com\/it\/631644\/","title":{"rendered":"Iniziata la stagione 2026-27 del Derthona Basket: oggi test fisici, domani primi allenamenti"},"content":{"rendered":"<p>\u00c8 partita oggi la stagione 2026-27 del <strong>Derthona Basket<\/strong>, targato con l\u2019ormai storico title sponsor Bertram nelle competizioni nazionali e con la novit\u00e0 Baglietto in BKT EuroCup.<\/p>\n<p>Comincia cos\u00ec la preparazione che porter\u00e0 al primo impegno ufficiale della squadra bianconera in occasione della Supercoppa LBA del 19-20 settembre da giocare sul parquet casalingo della <strong>Nova Arena<\/strong>, teatro la settimana dopo del debutto in campionato con la neopromossa <strong>Tezenis Verona<\/strong> nella prima giornata della LBA Serie A SisalClub, seguita a stretto giro dall\u2019esordio in BKT EuroCup sul campo del <strong>Riga Zelli<\/strong>.<\/p>\n<p>Gli impegni del gruppo allenato da <strong>Mario Fioretti<\/strong> sono iniziati in mattinata nella Facility della Cittadella dello Sport di Tortona con i test fisici individuali. Degli attuali bianconeri che compongono ufficialmente il roster tutti presenti tranne due, <strong>Dominik Olejniczak<\/strong> e <strong>Prentiss Hubb<\/strong>. Il pivot polacco \u00e8 impegnato con la sua nazionale nella seconda fase delle qualificazioni europee per i Mondiali 2027 e il suo ritorno \u00e8 in programma ad inizio settembre dopo le due gare di fine agosto con Israele e Germania.<\/p>\n<p>Una mezza giornata in pi\u00f9 di tempo per arrivare \u00e8 stata invece concessa per il suo recentissimo matrimonio al play americano, il cui sbarco in Italia \u00e8 previsto nella mattinata di domani.<\/p>\n<p>Per lo staff tecnico assente giustificato l\u2019assistant coach <strong>Iacopo Squarcina<\/strong>, alle prese con la preparazione delle prossime due sfide dell\u2019Italia nelle qualificazioni ai Mondiali con Bosnia e Serbia nel suo ruolo di assistente del ct Luca Banchi.<\/p>\n<p>Per i primi allenamenti di squadra bisogner\u00e0 aspettare domattina. Alle ore 9:30 \u00e8 prevista una seduta di atletica allo Stadio Fausto Coppi di Tortona, per poi spostarsi al pomeriggio in Facility per il primo allenamento di basket alle ore 17.<\/p>\n<p>Ad eccezione di una pausa completa di due giorni in occasione del Ferragosto, le prime tre settimane di lavoro saranno scandite da doppie sedute giornaliere, all\u2019interno delle quali ci sar\u00e0 posto per gli scrimmage con Fortitudo Bologna, Urania Milano e Pallacanestro Cant\u00f9. Gli allenamenti saranno per il momento a porte chiuse.<\/p>\n","protected":false},"excerpt":{"rendered":"\u00c8 partita oggi la stagione 2026-27 del Derthona Basket, targato con l\u2019ormai storico title sponsor Bertram nelle competizioni&hellip;\n","protected":false},"author":3,"featured_media":631645,"comment_status":"","ping_status":"","sticky":false,"template":"","format":"standard","meta":{"footnotes":"","_share_on_mastodon":"0"},"categories":[1453],"tags":[1756,1757,9460,1537,90,89,245,244],"class_list":["post-631644","post","type-post","status-publish","format-standard","has-post-thumbnail","category-basket","tag-basket","tag-basketball","tag-bertram-derthona","tag-it","tag-italia","tag-italy","tag-sport","tag-sports"],"share_on_mastodon":{"url":"https:\/\/pubeurope.com\/@it\/117092478339521921","error":""},"_links":{"self":[{"href":"https:\/\/www.europesays.com\/it\/wp-json\/wp\/v2\/posts\/631644","targetHints":{"allow":["GET"]}}],"collection":[{"href":"https:\/\/www.europesays.com\/it\/wp-json\/wp\/v2\/posts"}],"about":[{"href":"https:\/\/www.europesays.com\/it\/wp-json\/wp\/v2\/types\/post"}],"author":[{"embeddable":true,"href":"https:\/\/www.europesays.com\/it\/wp-json\/wp\/v2\/users\/3"}],"replies":[{"embeddable":true,"href":"https:\/\/www.europesays.com\/it\/wp-json\/wp\/v2\/comments?post=631644"}],"version-history":[{"count":0,"href":"https:\/\/www.europesays.com\/it\/wp-json\/wp\/v2\/posts\/631644\/revisions"}],"wp:featuredmedia":[{"embeddable":true,"href":"https:\/\/www.europesays.com\/it\/wp-json\/wp\/v2\/media\/631645"}],"wp:attachment":[{"href":"https:\/\/www.europesays.com\/it\/wp-json\/wp\/v2\/media?parent=631644"}],"wp:term":[{"taxonomy":"category","embeddable":true,"href":"https:\/\/www.europesays.com\/it\/wp-json\/wp\/v2\/categories?post=631644"},{"taxonomy":"post_tag","embeddable":true,"href":"https:\/\/www.europesays.com\/it\/wp-json\/wp\/v2\/tags?post=631644"}],"curies":[{"name":"wp","href":"https:\/\/api.w.org\/{rel}","templated":true}]}}