{"id":631750,"date":"2026-08-14T08:02:15","date_gmt":"2026-08-14T08:02:15","guid":{"rendered":"https:\/\/www.europesays.com\/it\/631750\/"},"modified":"2026-08-14T08:02:15","modified_gmt":"2026-08-14T08:02:15","slug":"aria-di-mezzanotte-un-tributo-ai-pooh","status":"publish","type":"post","link":"https:\/\/www.europesays.com\/it\/631750\/","title":{"rendered":"Aria di mezzanotte: un tributo ai Pooh"},"content":{"rendered":"<p><strong>14 agosto 2026 \u2013 ore 09:00 \u2013<\/strong> E\u2019 stata una serata all\u2019insegna dei <strong>ricordi,<\/strong> della <strong>musica<\/strong> e delle <strong>emozioni<\/strong>, quella andata in scena ieri sera nella splendida cornice di <strong>Piazza Verdi<\/strong>. Sul palco \u00e0 arrivato, <a href=\"https:\/\/www.discover-trieste.it\/vivi\/trieste-now\/triestestate\" target=\"_blank\" rel=\"noopener nofollow\"><strong>\u201cAria di mezzanotte\u201d<\/strong><\/a>, lo spettacolo tributo ai <strong>Pooh<\/strong> proposto dalla cover band tutta triestina <a href=\"https:\/\/www.triesteallnews.it\/2019\/07\/i-soliti-pooh-la-tribute-band-triestina-in-scena-a-muggia\/\" target=\"_blank\" rel=\"noopener nofollow\"><strong>\u201cI Soliti Pooh\u201d<\/strong><\/a>, composta da <strong>Rino Luce<\/strong> alla chitarra e voce, <strong>Alessandro Claut<\/strong> alla chitarra e voce, <strong>Cenzy Luce<\/strong> al basso e voce, <strong>Emilio Cutrara<\/strong> alla batteria, percussioni e voce e <strong>Stefano Gasperini<\/strong> alle tastiere e voce. Un appuntamento che ha riportato in vita alcune delle pagine pi\u00f9 conosciute della <strong>storia musicale italiana<\/strong>. Non un semplice concerto, ma un vero e proprio <strong>viaggio nella memoria<\/strong>, capace di attraversare oltre <strong>cinquant\u2019anni di musica<\/strong>. Ci sono canzoni infatti, che sembrano non invecchiare mai. Restano l\u00ec, nella mente, legate a un\u2019estate, a un viaggio, a un amore, a un momento della nostra vita.<\/p>\n<p>E quando tornano a suonare, anche dopo molti anni, hanno la sorprendente <strong>capacit\u00e0 di riportarci indietro nel tempo<\/strong>.\u00a0Per intere generazioni i Pooh hanno rappresentato proprio questo, una <strong>colonna sonora<\/strong> capace di accompagnare i momenti felici e malinconici, storie d\u2019amore, amicizie, feste e serate trascorse insieme. Le loro sono <strong>melodie<\/strong> che hanno attraversato epoche e cambiamenti nei gusti musicali, riuscendo tuttavia a rimanere riconoscibili, attuali e capaci di mettere d\u2019accordo <strong>generazioni diverse<\/strong>. Da chi ha vissuto in prima persona gli anni d\u2019oro della band a chi, pi\u00f9 giovane, ha scoperto e continua ad amare quelle melodie attraverso la famiglia o la radio, fino alle nuove generazioni<\/p>\n<p>La formazione ha regalato al numeroso pubblico alcuni dei <strong>brani pi\u00f9 celebri<\/strong> e amati del repertorio dei Pooh, da Piccola Katy, Parsifal, Pensiero, Tanta voglia di lei, Noi due nel mondo e nell\u2019anima, a Chi fermer\u00e0 la musica, Dammi solo un minuto, Notte a sorpresa, Banda nel vento, Incredibilmente gi\u00f9, La mia donna, Uomini soli e molti altri, in pi\u00f9 di due ore di performance. Canzoni che il pubblico \u00e8 stato in grado di riconoscere sin dalle prime note e che ha saputo cantare a <strong>memoria<\/strong>, accompagnando la band per tutta la serata. L\u2019obiettivo per\u00f2 non \u00e8 stato solo quello di riproporre fedelmente i brani originali, ma di ricrearne <strong>l\u2019atmosfera e l\u2019energia<\/strong>, aggiungendo al repertorio una personale <strong>impronta rock<\/strong>.<\/p>\n<p>\u201cAria di mezzanotte\u201d non \u00e8 stata soltanto musica da ascoltare, ma soprattutto <strong>musica da vivere insieme<\/strong>. <strong>L\u2019interazione con il pubblico<\/strong>, il <strong>coinvolgimento<\/strong> e la <strong>partecipazione<\/strong> sono stati infatti elementi fondamentali dello spettacolo. Del resto il repertorio dei Pooh riesce a creare quasi immediatamente un rapporto diretto con chi le ascolta.<\/p>\n<p>E cos\u00ec, sotto le stelle di una sera d\u2019estate, Piazza Verdi si \u00e8 trasformata in un grande <strong>spazio di condivisione<\/strong>. Le voci del pubblico si sono unite a quelle della band in un <strong>coro collettivo<\/strong>, accompagnato da lunghi e calorosi <strong>applausi<\/strong>. A grande richiesta, I soliti Pooh hanno concesso <strong>diversi bis<\/strong>, prolungando cos\u00ec ancora un poco la <strong>magia della serata<\/strong>.<\/p>\n<p>E forse \u00e8 proprio questo il segreto dei <strong>tributi musicali<\/strong> meglio riusciti, non limitarsi a ricordare un artista, ma far rivivere ci\u00f2 che la sua musica ha rappresentato per le persone.<\/p>\n<p>Articolo di Silvia Fatur <\/p>\n","protected":false},"excerpt":{"rendered":"14 agosto 2026 \u2013 ore 09:00 \u2013 E\u2019 stata una serata all\u2019insegna dei ricordi, della musica e delle&hellip;\n","protected":false},"author":3,"featured_media":631751,"comment_status":"","ping_status":"","sticky":false,"template":"","format":"standard","meta":{"footnotes":"","_share_on_mastodon":"0"},"categories":[1443],"tags":[348641,348642,348643,348644,203,348645,204,1537,90,89,1538,1539,348646,86998,348647,348648],"class_list":["post-631750","post","type-post","status-publish","format-standard","has-post-thumbnail","category-musica","tag-alessandro-claut","tag-aria-di-mezzanotte","tag-cenzy-luce","tag-emilio-cutrara","tag-entertainment","tag-i-soliti-pooh","tag-intrattenimento","tag-it","tag-italia","tag-italy","tag-music","tag-musica","tag-piazza-verdi-trieste","tag-pooh","tag-rino-luce","tag-stefano-gasperini"],"share_on_mastodon":{"url":"https:\/\/pubeurope.com\/@it\/117092820356198449","error":""},"_links":{"self":[{"href":"https:\/\/www.europesays.com\/it\/wp-json\/wp\/v2\/posts\/631750","targetHints":{"allow":["GET"]}}],"collection":[{"href":"https:\/\/www.europesays.com\/it\/wp-json\/wp\/v2\/posts"}],"about":[{"href":"https:\/\/www.europesays.com\/it\/wp-json\/wp\/v2\/types\/post"}],"author":[{"embeddable":true,"href":"https:\/\/www.europesays.com\/it\/wp-json\/wp\/v2\/users\/3"}],"replies":[{"embeddable":true,"href":"https:\/\/www.europesays.com\/it\/wp-json\/wp\/v2\/comments?post=631750"}],"version-history":[{"count":0,"href":"https:\/\/www.europesays.com\/it\/wp-json\/wp\/v2\/posts\/631750\/revisions"}],"wp:featuredmedia":[{"embeddable":true,"href":"https:\/\/www.europesays.com\/it\/wp-json\/wp\/v2\/media\/631751"}],"wp:attachment":[{"href":"https:\/\/www.europesays.com\/it\/wp-json\/wp\/v2\/media?parent=631750"}],"wp:term":[{"taxonomy":"category","embeddable":true,"href":"https:\/\/www.europesays.com\/it\/wp-json\/wp\/v2\/categories?post=631750"},{"taxonomy":"post_tag","embeddable":true,"href":"https:\/\/www.europesays.com\/it\/wp-json\/wp\/v2\/tags?post=631750"}],"curies":[{"name":"wp","href":"https:\/\/api.w.org\/{rel}","templated":true}]}}