{"id":632208,"date":"2026-08-14T14:31:14","date_gmt":"2026-08-14T14:31:14","guid":{"rendered":"https:\/\/www.europesays.com\/it\/632208\/"},"modified":"2026-08-14T14:31:14","modified_gmt":"2026-08-14T14:31:14","slug":"la-promessa-anticipazioni-14-e-15-agosto-angela-e-curro-si-lasciano-lui-non-si-arrende-una-cura-puo-salvare-petra","status":"publish","type":"post","link":"https:\/\/www.europesays.com\/it\/632208\/","title":{"rendered":"La Promessa, anticipazioni 14 e 15 agosto: Angela e Curro si lasciano, lui non si arrende. Una cura pu\u00f2 salvare Petra"},"content":{"rendered":"<p>Una storia d&#8217;amore che sembra arrivata al capolinea e una flebile speranza per una vita appesa a un filo. Nelle puntate de <strong><a href=\"https:\/\/www.ilmessaggero.it\/t\/la-promessa\" rel=\"nofollow noopener\" target=\"_blank\">La Promessa<\/a><\/strong> in onda venerd\u00ec 14 e sabato 15 agosto su <a href=\"https:\/\/www.ilmessaggero.it\/t\/rete-4\" rel=\"nofollow noopener\" target=\"_blank\">Rete 4<\/a>, la rottura tra <strong>Angela e Curro<\/strong> diventer\u00e0 definitiva. Il giovane, per\u00f2, non riuscir\u00e0 ad arrendersi all&#8217;idea che la donna che ama possa sposare Lorenzo e decider\u00e0 di restare alla tenuta per proteggerla. Intanto le condizioni di <strong>Petra<\/strong> resteranno disperate, ma il medico riveler\u00e0 l&#8217;esistenza di un siero sperimentale che potrebbe rappresentare la sua unica possibilit\u00e0 di salvezza.<\/p>\n","protected":false},"excerpt":{"rendered":"Una storia d&#8217;amore che sembra arrivata al capolinea e una flebile speranza per una vita appesa a un&hellip;\n","protected":false},"author":3,"featured_media":632209,"comment_status":"","ping_status":"","sticky":false,"template":"","format":"standard","meta":{"footnotes":"","_share_on_mastodon":"0"},"categories":[174],"tags":[1518,294787,199345,179238,89886,203,204,1537,90,89,116504,236215,9060,44206,146995],"class_list":["post-632208","post","type-post","status-publish","format-standard","has-post-thumbnail","category-intrattenimento","tag-anticipazioni","tag-anticipazioni-domani","tag-anticipazioni-la-promessa","tag-anticipazioni-oggi","tag-anticipazioni-tv","tag-entertainment","tag-intrattenimento","tag-it","tag-italia","tag-italy","tag-la-promessa","tag-la-promessa-anticipazioni","tag-mediaset","tag-rete-4","tag-rete4"],"share_on_mastodon":{"url":"https:\/\/pubeurope.com\/@it\/117094350189402790","error":""},"_links":{"self":[{"href":"https:\/\/www.europesays.com\/it\/wp-json\/wp\/v2\/posts\/632208","targetHints":{"allow":["GET"]}}],"collection":[{"href":"https:\/\/www.europesays.com\/it\/wp-json\/wp\/v2\/posts"}],"about":[{"href":"https:\/\/www.europesays.com\/it\/wp-json\/wp\/v2\/types\/post"}],"author":[{"embeddable":true,"href":"https:\/\/www.europesays.com\/it\/wp-json\/wp\/v2\/users\/3"}],"replies":[{"embeddable":true,"href":"https:\/\/www.europesays.com\/it\/wp-json\/wp\/v2\/comments?post=632208"}],"version-history":[{"count":0,"href":"https:\/\/www.europesays.com\/it\/wp-json\/wp\/v2\/posts\/632208\/revisions"}],"wp:featuredmedia":[{"embeddable":true,"href":"https:\/\/www.europesays.com\/it\/wp-json\/wp\/v2\/media\/632209"}],"wp:attachment":[{"href":"https:\/\/www.europesays.com\/it\/wp-json\/wp\/v2\/media?parent=632208"}],"wp:term":[{"taxonomy":"category","embeddable":true,"href":"https:\/\/www.europesays.com\/it\/wp-json\/wp\/v2\/categories?post=632208"},{"taxonomy":"post_tag","embeddable":true,"href":"https:\/\/www.europesays.com\/it\/wp-json\/wp\/v2\/tags?post=632208"}],"curies":[{"name":"wp","href":"https:\/\/api.w.org\/{rel}","templated":true}]}}