{"id":632451,"date":"2026-08-14T17:59:13","date_gmt":"2026-08-14T17:59:13","guid":{"rendered":"https:\/\/www.europesays.com\/it\/632451\/"},"modified":"2026-08-14T17:59:13","modified_gmt":"2026-08-14T17:59:13","slug":"robbie-williams-ho-scoperto-di-essere-autistico-ne-sono-contento-perche-ora-tante-cose-hanno-trovato-un-senso","status":"publish","type":"post","link":"https:\/\/www.europesays.com\/it\/632451\/","title":{"rendered":"Robbie Williams: \u00abHo scoperto di essere autistico, ne sono contento perch\u00e9 ora tante cose hanno trovato un senso\u00bb"},"content":{"rendered":"<p class=\"has-dropcap body dropcap\">Per anni, Robbie Williams ha cercato di capire perch\u00e9 la sua mente funzionasse in un modo cos\u00ec imprevedibile, ma ora ha finalmente una chiave di lettura. <strong>Il cantante britannico ha raccontato di aver scoperto di essere autistico<\/strong>, una diagnosi che si aggiunge a quella di ADHD e alla <a href=\"https:\/\/www.vanityfair.it\/article\/robbie-williams-rivela-ho-la-sindrome-di-tourette-e-invadente-esibirmi-dal-vivo-mi-terrorizza\" target=\"_blank\" rel=\"nofollow noopener\">sindrome di Tourette<\/a>, di cui aveva gi\u00e0 parlato pubblicamente.<\/p>\n<p>Lo ha rivelato durante un incontro organizzato per presentare la sua nuova linea di abbigliamento. \u00abHo l&#8217;ADHD e ho appena scoperto di avere anche un po&#8217; di autismo\u00bb, ha detto Robbie Williams, 52 anni, \u00ab<strong>cosa che adoro perch\u00e9 spiega cos\u00ec tante cose<\/strong>\u00bb. La nuova diagnosi lo aiuta a spiegarsi alcuni comportamenti e meccanismi che in passato faticava a comprendere: \u00ab<strong>Ora \u00e8 il mio lasciapassare<\/strong>\u00bb, ha scherzato, \u00abe per tutte le stranezze che faccio dico semplicemente: \u201cScusate, sono autistico\u201d\u00bb.<\/p>\n<p>Il cantante racconta: \u00abPuoi concentrarti completamente e totalmente su qualcosa, al mille per cento, ma per tutto il resto proprio non ci riesci\u00bb, ha spiegato. \u00abChiedetelo ai miei figli\u00bb. E ancora: \u00abQuello che mi ossessiona \u00e8 creare immagini e cose divertenti. <strong>Quando creo immagini e cose divertenti, non penso a me stesso<\/strong>, perch\u00e9 il mio cervello \u00e8 incredibilmente creativo e pu\u00f2 esserlo anche riguardo alle cose che fanno andare nel panico o spaventano\u00bb, ha spiegato.<\/p>\n<p>Tra gli esempi che ha scelto di raccontare per spiegare meglio le sue parole c&#8217;\u00e8 un episodio avvenuto recentemente durante un volo. Seduto su un aereo, il cantante si \u00e8 ritrovato a immaginare uno scenario assurdo: \u00ab<strong>E se avessi la telecinesi e i miei pensieri intrusivi dicessero all&#8217;aereo di schiantarsi? Questo \u00e8 il livello di follia<\/strong> con cui ho a che fare\u00bb, ha detto. Ecco perch\u00e9 ha bisogno di qualcosa su cui concentrare il cervello prima che siano le preoccupazioni a prendere il sopravvento.<\/p>\n<p>Non \u00e8 la prima volta che il cantante parla di pensieri intrusivi: in passato aveva raccontato di averli collegati alla <a href=\"https:\/\/www.vanityfair.it\/article\/sindrome-di-tourette-cose-la-malattia-di-cui-soffrono-billie-eilish-e-alessandro-borghi\" target=\"_blank\" rel=\"nofollow noopener\">sindrome di Tourette<\/a>. Robbie Williams ne aveva parlato per la prima volta partecipando al podcast\u00a0I&#8217;m ADHD! No You&#8217;re Not,\u00a0dove ha spiegato che nel suo caso <strong>la sindrome di Tourette \u00ab\u00e8\u00a0invadente\u00bb, con scoppi d&#8217;ira che tiene per s\u00e9, con sfoghi mentali repressi<\/strong>, con\u00a0pensieri intrusivi\u00a0cos\u00ec intensi che nemmeno quando si esibisce di fronte a decine di migliaia di fan urlanti riesce a placarli: \u00abPenseresti che uno stadio pieno di persone che ti dichiarano il loro amore possa funzionare come distrazione, invece\u00a0qualunque cosa ci sia dentro di me non riesco a sopportarla\u00bb.<\/p>\n","protected":false},"excerpt":{"rendered":"Per anni, Robbie Williams ha cercato di capire perch\u00e9 la sua mente funzionasse in un modo cos\u00ec imprevedibile,&hellip;\n","protected":false},"author":3,"featured_media":632452,"comment_status":"","ping_status":"","sticky":false,"template":"","format":"standard","meta":{"footnotes":"","_share_on_mastodon":"0"},"categories":[1451],"tags":[1621,1620,203,204,1537,90,89,31372],"class_list":["post-632451","post","type-post","status-publish","format-standard","has-post-thumbnail","category-celebrita","tag-celebrita","tag-celebrities","tag-entertainment","tag-intrattenimento","tag-it","tag-italia","tag-italy","tag-robbie-williams"],"share_on_mastodon":{"url":"https:\/\/pubeurope.com\/@it\/117095167814687026","error":""},"_links":{"self":[{"href":"https:\/\/www.europesays.com\/it\/wp-json\/wp\/v2\/posts\/632451","targetHints":{"allow":["GET"]}}],"collection":[{"href":"https:\/\/www.europesays.com\/it\/wp-json\/wp\/v2\/posts"}],"about":[{"href":"https:\/\/www.europesays.com\/it\/wp-json\/wp\/v2\/types\/post"}],"author":[{"embeddable":true,"href":"https:\/\/www.europesays.com\/it\/wp-json\/wp\/v2\/users\/3"}],"replies":[{"embeddable":true,"href":"https:\/\/www.europesays.com\/it\/wp-json\/wp\/v2\/comments?post=632451"}],"version-history":[{"count":0,"href":"https:\/\/www.europesays.com\/it\/wp-json\/wp\/v2\/posts\/632451\/revisions"}],"wp:featuredmedia":[{"embeddable":true,"href":"https:\/\/www.europesays.com\/it\/wp-json\/wp\/v2\/media\/632452"}],"wp:attachment":[{"href":"https:\/\/www.europesays.com\/it\/wp-json\/wp\/v2\/media?parent=632451"}],"wp:term":[{"taxonomy":"category","embeddable":true,"href":"https:\/\/www.europesays.com\/it\/wp-json\/wp\/v2\/categories?post=632451"},{"taxonomy":"post_tag","embeddable":true,"href":"https:\/\/www.europesays.com\/it\/wp-json\/wp\/v2\/tags?post=632451"}],"curies":[{"name":"wp","href":"https:\/\/api.w.org\/{rel}","templated":true}]}}