{"id":632558,"date":"2026-08-14T19:31:11","date_gmt":"2026-08-14T19:31:11","guid":{"rendered":"https:\/\/www.europesays.com\/it\/632558\/"},"modified":"2026-08-14T19:31:11","modified_gmt":"2026-08-14T19:31:11","slug":"macron-la-francia-brucia-e-lui-le-foto-scandalo","status":"publish","type":"post","link":"https:\/\/www.europesays.com\/it\/632558\/","title":{"rendered":"Macron, la Francia brucia e lui&#8230; Le foto-scandalo"},"content":{"rendered":"<p>Polemica in <strong>Francia<\/strong>: mentre il Paese brucia per gli incendi e l&#8217;eccezionale ondata di caldo, il presidente <strong>Emmanuel Macron <\/strong>\u00e8 stato fotografato mentre si rilassa e si gode le sue vacanze estive a bordo di una moto d&#8217;acqua.\u00a0I francesi stanno vivendo un&#8217;estate\u00a0&#8220;apocalittica&#8221;\u00a0e &#8220;il nostro presidente si concede un pubbliredazionale sulle\u00a0sue vacanze&#8221; sul settimanale\u00a0Paris Match,\u00a0ha denunciato <strong>Marine Tondelier, <\/strong>leader dei\u00a0Verdi\u00a0e candidata alle prossime elezioni presidenziali.<\/p>\n<p>Intanto, dallo staff del presidente hanno fatto sapere che\u00a0il fotografo non aveva\u00a0<strong>&#8220;alcun accesso autorizzato&#8221;\u00a0<\/strong>per realizzare il reportage e che &#8220;foto rubate del presidente vengono pubblicate\u00a0ogni anno da nove anni&#8221;, cio\u00e8 da quando \u00e8 salito al potere. Questo non \u00e8 comunque bastato a placare le polemiche.\u00a0&#8220;Quando la Francia \u00e8\u00a0soffocata dal caldo, quando alcuni francesi non hanno potuto andare in vacanza, il presidente si diverte su una moto d&#8217;acqua a Bregancon. \u00c8 questo il\u00a0messaggio? Che mossa geniale!&#8221;, ha commentato <strong>Olivier Faure<\/strong>, primo segretario del partito Socialista.<\/p>\n<p>&#8220;Questa \u00e8 la politica come non mi piace&#8221;, ha dichiarato <strong>Pierre Ouzoulias<\/strong>, senatore comunista, alla radio Europe 1, che avrebbe preferito che Macron &#8220;fosse su un camion dei pompieri ad aiutare i vigili del fuoco a spegnere l&#8217;incendio. Quello sarebbe stato il suo posto&#8221;. &#8220;Dopo l&#8217;estate che abbiamo passato, vedere il presidente in vacanza non credo che rifletta il livello di preoccupazione dell&#8217;opinione pubblica,\u00a0che \u00e8 diffuso&#8221;, ha aggiunto il politico. Anche se le critiche maggiori sono arrivate da sinistra, a destra si \u00e8 fatto sentire anche Rassemblement National. La deputata <strong>Edwige Diaz<\/strong> ha definito le foto del capo dello Stato\u00a0&#8220;goffe&#8221;.\u00a0Ma &#8220;ognuno ha il diritto di andare in vacanza&#8221; e ci sono &#8220;questioni pi\u00f9 importanti&#8221;, ha chiosato in un&#8217;intervista a radio France Info.<\/p>\n<blockquote class=\"twitter-tweet\">\n<p dir=\"ltr\" lang=\"fr\">\u00c0 la une de cette semaine.<\/p>\n<p>Emmanuel Macron : dernier \u00e9t\u00e9 \u00e0 aux commandes.<br \/>Exclusif : avec Brigitte, les photos de leurs vacances \u00e0 Br\u00e9gan\u00e7on.<br \/>Comment il pr\u00e9pare la fin de son mandat.<\/p>\n<p>L\u00e9a Salam\u00e9 et Rapha\u00ebl Glucksmann : l\u2019heure des grandes\u2026 <a href=\"https:\/\/t.co\/zKvUxkuDGt\" target=\"_blank\" rel=\"nofollow\">pic.twitter.com\/zKvUxkuDGt<\/a><\/p>\n<p>\u2014 Paris Match (@ParisMatch) <a href=\"https:\/\/x.com\/ParisMatch\/status\/2087600003141288415?ref_src=twsrc%5Etfw\" target=\"_blank\" rel=\"nofollow\">August 12, 2026<\/a><\/p><\/blockquote>\n<p><script async src=\"https:\/\/platform.twitter.com\/widgets.js\" charset=\"utf-8\"><\/script><\/p>\n","protected":false},"excerpt":{"rendered":"Polemica in Francia: mentre il Paese brucia per gli incendi e l&#8217;eccezionale ondata di caldo, il presidente Emmanuel&hellip;\n","protected":false},"author":3,"featured_media":632559,"comment_status":"","ping_status":"","sticky":false,"template":"","format":"standard","meta":{"footnotes":"","_share_on_mastodon":"0"},"categories":[160],"tags":[14,164,165,12658,4300,166,7,15,11,167,12,168,161,162,163],"class_list":["post-632558","post","type-post","status-publish","format-standard","has-post-thumbnail","category-mondo","tag-cronaca","tag-dal-mondo","tag-dalmondo","tag-emmanuel-macron","tag-francia","tag-mondo","tag-news","tag-notizie","tag-ultime-notizie","tag-ultime-notizie-di-mondo","tag-ultimenotizie","tag-ultimenotiziedimondo","tag-world","tag-world-news","tag-worldnews"],"share_on_mastodon":{"url":"https:\/\/pubeurope.com\/@it\/117095529434447181","error":""},"_links":{"self":[{"href":"https:\/\/www.europesays.com\/it\/wp-json\/wp\/v2\/posts\/632558","targetHints":{"allow":["GET"]}}],"collection":[{"href":"https:\/\/www.europesays.com\/it\/wp-json\/wp\/v2\/posts"}],"about":[{"href":"https:\/\/www.europesays.com\/it\/wp-json\/wp\/v2\/types\/post"}],"author":[{"embeddable":true,"href":"https:\/\/www.europesays.com\/it\/wp-json\/wp\/v2\/users\/3"}],"replies":[{"embeddable":true,"href":"https:\/\/www.europesays.com\/it\/wp-json\/wp\/v2\/comments?post=632558"}],"version-history":[{"count":0,"href":"https:\/\/www.europesays.com\/it\/wp-json\/wp\/v2\/posts\/632558\/revisions"}],"wp:featuredmedia":[{"embeddable":true,"href":"https:\/\/www.europesays.com\/it\/wp-json\/wp\/v2\/media\/632559"}],"wp:attachment":[{"href":"https:\/\/www.europesays.com\/it\/wp-json\/wp\/v2\/media?parent=632558"}],"wp:term":[{"taxonomy":"category","embeddable":true,"href":"https:\/\/www.europesays.com\/it\/wp-json\/wp\/v2\/categories?post=632558"},{"taxonomy":"post_tag","embeddable":true,"href":"https:\/\/www.europesays.com\/it\/wp-json\/wp\/v2\/tags?post=632558"}],"curies":[{"name":"wp","href":"https:\/\/api.w.org\/{rel}","templated":true}]}}