{"id":632805,"date":"2026-08-14T23:23:17","date_gmt":"2026-08-14T23:23:17","guid":{"rendered":"https:\/\/www.europesays.com\/it\/632805\/"},"modified":"2026-08-14T23:23:17","modified_gmt":"2026-08-14T23:23:17","slug":"guendalina-canessa-sposa-il-suo-eros-in-kenya-le-fedi-con-i-diamanti-e-la-location-da-sogno","status":"publish","type":"post","link":"https:\/\/www.europesays.com\/it\/632805\/","title":{"rendered":"Guendalina Canessa sposa il suo Eros in Kenya, le fedi con i diamanti e la location da sogno"},"content":{"rendered":"<p>Qualche mese fa aveva annunciato le nozze, e finalmente il grande giorno \u00e8 arrivato. <strong>Guendalina Canessa<\/strong> ha sposato il suo <strong>Eros<\/strong> con una <strong>cerimonia ristretta in un resort in Kenya<\/strong>. Pochi invitati ma tanto amore per una coppia che si \u00e8 guadagnata con la pazienza questa immensa felicit\u00e0: avevano gi\u00e0 avuto una relazione 15 anni fa ma tra loro le cose non avevano funzionato. Evidentemente quello non era il momento giusto. Sar\u00e0 stato il caso, sar\u00e0 stato il destino, ma le loro strade si sono incrociate di nuovo e stavolta sono decisi a non lasciarsi pi\u00f9.\n<\/p>\n<p>La cerimonia per pochi intimi<\/p>\n<p><a href=\"https:\/\/dilei.it\/star-e-vip\/guendalina-canessa\/\" target=\"_blank\" rel=\"noopener nofollow\" data-doctype=\"\">Guendalina Canessa<\/a> ed Eros hanno scelto la strada della riservatezza per le loro nozze e sono partiti per <strong>Malindi<\/strong> insieme a un gruppo ristretto di persone: alcuni amici, i genitori di Guendalina e <strong>Chloe Interrante<\/strong>, la figlia che la sposa ha avuto dal suo primo marito <strong><a href=\"https:\/\/dilei.it\/vip\/daniele-interrante-contro-melissa-satta-rivelazioni\/579152\/\" target=\"_blank\" rel=\"noopener nofollow\" data-doctype=\"\">Daniele Interrante<\/a><\/strong>.<\/p>\n<blockquote class=\"instagram-media\" data-instgrm-captioned=\"\" data-instgrm-permalink=\"https:\/\/www.instagram.com\/p\/DcBo8k2jcqG\/?utm_source=ig_embed&amp;utm_campaign=loading\" data-instgrm-version=\"14\" style=\" background:#FFF; border:0; border-radius:3px; box-shadow:0 0 1px 0 rgba(0,0,0,0.5),0 1px 10px 0 rgba(0,0,0,0.15); margin: 1px; max-width:100%; min-width:326px; padding:0; width:99.375%; width:-webkit-calc(100% - 2px); width:calc(100% - 2px);\"\/>\n<p>Quello in programma \u00e8 stato un <strong>white party<\/strong>: non solo la sposa era vestita di bianco, ma anche lo sposo e come loro tutti gli invitati. Per il s\u00ec al tramonto Eros ha indossato camicia di lino e pantaloni chiari, un look fresco e informale. Guendalina invece sull\u2019abito non ha fatto sconti: luccicante, lussuoso e incredibilmente sensuale. Il corpino \u00e8 completamente trasparente e decorato con cristalli, dalla scollatura profondissima e con spalline e coppe bianche a coprire il seno. La gonna in raso a sirena esalta tutte le sue curve.<\/p>\n<p>La location delle nozze \u00e8 stata allestita con un <strong>enorme cuore di rose bianche<\/strong> che ha fatto da sfondo alle foto, come quella piena di romanticismo in cui marito e moglie posano al tramonto distesi sui petali, mettendo in mostra le fedi con diamanti.<\/p>\n<p>Il post social<\/p>\n<p>Alla fine \u00e8 stata Guendalina Canessa a mettere da parte la discrezione e a condividere con i fan tutta la sua gioia e le foto della cerimonia. \u201cL\u2019Africa \u00e8 una terra che sa benedire l\u2019amore\u2026 Quale posto migliore per celebrare un <strong>amore che ho incontrato 15 anni fa<\/strong>, e poi dopo altri anni ritrovato piovuto dal cielo per caso mentre camminavo!\u201d, ha scritto a corredo delle immagini. \u201cMa la vera anima gemella capita rarissime volte nella vita. Tu sei il mio migliore amico, il mio compagno, il mio amante, il mio partner in crime e oggi finalmente sarai Mio Marito\u201d ha proseguito, ed Eros ha commentato: \u201cTi ho sempre cercata, ti ho sempre desiderato\u2026. Finalmente marito e moglie\u201d.<\/p>\n<p>Le prime nozze di Guendalina e l\u2019amore con Eros<\/p>\n<p>Guendalina Canessa <strong>era gi\u00e0 stata sposata con Daniele Interrante<\/strong>, tra i primi e pi\u00f9 celebri tronisti di Uomini e Donne. Appena un anno dopo essersi conosciuti, nel 2010 si sono uniti in matrimonio in Giamaica e l\u2019anno dopo \u00e8 nata Chloe. Tra loro non \u00e8 durata e Guendalina ha avuto altre storie d\u2019amore, pi\u00f9 o meno importanti.<\/p>\n<p>Quindici anni fa il primo incontro con Eros, ma in quel momento tra loro non ha funzionato. Poi il tempo \u00e8 passato, i due si sono rincontrati e <strong>la scintilla \u00e8 scoccata di nuovo<\/strong>. <a href=\"https:\/\/dilei.it\/vip\/eros-guendalina-canessa-chi\/2155191\/\" target=\"_blank\" rel=\"noopener nofollow\" data-doctype=\"\">A febbraio lui le ha chiesto di sposarlo<\/a>, e il resto \u00e8 storia. E ora che si sono ritrovati, sono pronti a non lasciarsi mai pi\u00f9.<\/p>\n<p>\t\t\t\tScopri i personaggi in trend, le storie del momento e molto altro.<br \/>Dove? Sul <a href=\"https:\/\/whatsapp.com\/channel\/0029Vb68mVyHVvTWezDm7d0R\" target=\"_blank\" rel=\"noopener nofollow\">canale WhatsApp di DiLei!<\/a><\/p>\n<p>\t\t\t<a class=\"buttonCall\" href=\"https:\/\/whatsapp.com\/channel\/0029Vb68mVyHVvTWezDm7d0R\" target=\"_blank\" rel=\"noopener nofollow\" title=\"Seguici su WhatsApp\"><br \/>\n\t\t\t\tSeguici su WhatsApp<br \/>\n\t\t\t<\/a><\/p>\n<p>\t<script async src=\"\/\/www.instagram.com\/embed.js\"><\/script><\/p>\n","protected":false},"excerpt":{"rendered":"Qualche mese fa aveva annunciato le nozze, e finalmente il grande giorno \u00e8 arrivato. Guendalina Canessa ha sposato&hellip;\n","protected":false},"author":3,"featured_media":632806,"comment_status":"","ping_status":"","sticky":false,"template":"","format":"standard","meta":{"footnotes":"","_share_on_mastodon":"0"},"categories":[1451],"tags":[87,1621,1620,203,11202,203530,204,1537,90,89,86],"class_list":["post-632805","post","type-post","status-publish","format-standard","has-post-thumbnail","category-celebrita","tag-amore","tag-celebrita","tag-celebrities","tag-entertainment","tag-gioielli","tag-guendalina-canessa","tag-intrattenimento","tag-it","tag-italia","tag-italy","tag-vip"],"share_on_mastodon":{"url":"https:\/\/pubeurope.com\/@it\/117096441838065168","error":""},"_links":{"self":[{"href":"https:\/\/www.europesays.com\/it\/wp-json\/wp\/v2\/posts\/632805","targetHints":{"allow":["GET"]}}],"collection":[{"href":"https:\/\/www.europesays.com\/it\/wp-json\/wp\/v2\/posts"}],"about":[{"href":"https:\/\/www.europesays.com\/it\/wp-json\/wp\/v2\/types\/post"}],"author":[{"embeddable":true,"href":"https:\/\/www.europesays.com\/it\/wp-json\/wp\/v2\/users\/3"}],"replies":[{"embeddable":true,"href":"https:\/\/www.europesays.com\/it\/wp-json\/wp\/v2\/comments?post=632805"}],"version-history":[{"count":0,"href":"https:\/\/www.europesays.com\/it\/wp-json\/wp\/v2\/posts\/632805\/revisions"}],"wp:featuredmedia":[{"embeddable":true,"href":"https:\/\/www.europesays.com\/it\/wp-json\/wp\/v2\/media\/632806"}],"wp:attachment":[{"href":"https:\/\/www.europesays.com\/it\/wp-json\/wp\/v2\/media?parent=632805"}],"wp:term":[{"taxonomy":"category","embeddable":true,"href":"https:\/\/www.europesays.com\/it\/wp-json\/wp\/v2\/categories?post=632805"},{"taxonomy":"post_tag","embeddable":true,"href":"https:\/\/www.europesays.com\/it\/wp-json\/wp\/v2\/tags?post=632805"}],"curies":[{"name":"wp","href":"https:\/\/api.w.org\/{rel}","templated":true}]}}