{"id":632928,"date":"2026-08-15T01:23:20","date_gmt":"2026-08-15T01:23:20","guid":{"rendered":"https:\/\/www.europesays.com\/it\/632928\/"},"modified":"2026-08-15T01:23:20","modified_gmt":"2026-08-15T01:23:20","slug":"autocisa-lavori-in-corso-e-traffico-2-chilometri-di-coda-fra-berceto-e-pontremoli","status":"publish","type":"post","link":"https:\/\/www.europesays.com\/it\/632928\/","title":{"rendered":"Autocisa: lavori in corso e traffico, 2 chilometri di coda fra Berceto e Pontremoli"},"content":{"rendered":"<p>Traffico in <strong>Autocisa<\/strong>: dalle 15 in poi sono segnalati 2 chilometri di coda fra Berceto e Pontremoli dal km 52+090 al km 54+090 in direzione La Spezia per olavori e traffico intenso.<br \/>Traffico regolare nel tratto parmense dell&#8217;<strong>A1<\/strong>.\u00a0<\/p>\n<p><strong>Pi\u00f9 di 24 milioni di veicoli in viaggio durante il ponte di Ferragosto in Italia<\/strong><br \/>Tra partenze last minute e dai primi rientri, per il ponte di Ferragosto sono previsti oltre 24 milioni di spostamenti di autoveicoli. Lungo la rete Anas per il terzo fine settimana di agosto \u00e8 atteso traffico in costante aumento. Viabilit\u00e0 Italia prevede bollino rosso oggi pomeriggio e domani mattina e per gli spostamenti dai grandi centri urbani per weekend brevi verso le localit\u00e0 di villeggiatura e di mare. Mentre nella giornata di domenica 16 sar\u00e0 dovuto ai primi rientri verso le grandi citt\u00e0. Il divieto di transito dei veicoli pesanti \u00e8 in vigore oggi, venerd\u00ec 14 agosto dalle 16 alle 22, sabato 15 agosto e domenica 16 agosto dalle 7 alle 22.<\/p>\n<p><strong>L\u2019intensificazione della circolazione potr\u00e0 riguardare i principali itinerari turistici<\/strong>, in particolare le grandi arterie del centro sud e al nord i raccordi autostradali verso i valichi di confine. In vista dell\u2019aumento dei flussi, Anas ha potenziato l\u2019impegno del personale e ha ridimensionato la presenza dei cantieri. Fino al 7 settembre saranno chiusi o sospesi 1.175 cantieri, l\u201983% di quelli attivi (1.414). Per far fronte all\u2019incremento del traffico, ha all\u2019attivo circa 2.500 tra tecnici e personale di esercizio, insieme agli operatori delle Sale Operative Territoriali e della Sala Situazioni Nazionale.<\/p>\n<p role=\"heading\" aria-level=\"2\" class=\"text \">\u00a9 Riproduzione riservata<\/p>\n","protected":false},"excerpt":{"rendered":"Traffico in Autocisa: dalle 15 in poi sono segnalati 2 chilometri di coda fra Berceto e Pontremoli dal&hellip;\n","protected":false},"author":3,"featured_media":632929,"comment_status":"","ping_status":"","sticky":false,"template":"","format":"standard","meta":{"footnotes":"","_share_on_mastodon":"0"},"categories":[79],"tags":[9138,349372,4101,14,93,94,1537,90,89,7,15,1780,11,84,91,12,85,92],"class_list":["post-632928","post","type-post","status-publish","format-standard","has-post-thumbnail","category-italia","tag-a1","tag-autocisa","tag-autostrade","tag-cronaca","tag-cronaca-italiana","tag-cronacaitaliana","tag-it","tag-italia","tag-italy","tag-news","tag-notizie","tag-traffico","tag-ultime-notizie","tag-ultime-notizie-e-news-di-oggi","tag-ultime-notizie-italia","tag-ultimenotizie","tag-ultimenotizieenewsdioggi","tag-ultimenotizieitalia"],"share_on_mastodon":{"url":"https:\/\/pubeurope.com\/@it\/117096913719321199","error":""},"_links":{"self":[{"href":"https:\/\/www.europesays.com\/it\/wp-json\/wp\/v2\/posts\/632928","targetHints":{"allow":["GET"]}}],"collection":[{"href":"https:\/\/www.europesays.com\/it\/wp-json\/wp\/v2\/posts"}],"about":[{"href":"https:\/\/www.europesays.com\/it\/wp-json\/wp\/v2\/types\/post"}],"author":[{"embeddable":true,"href":"https:\/\/www.europesays.com\/it\/wp-json\/wp\/v2\/users\/3"}],"replies":[{"embeddable":true,"href":"https:\/\/www.europesays.com\/it\/wp-json\/wp\/v2\/comments?post=632928"}],"version-history":[{"count":0,"href":"https:\/\/www.europesays.com\/it\/wp-json\/wp\/v2\/posts\/632928\/revisions"}],"wp:featuredmedia":[{"embeddable":true,"href":"https:\/\/www.europesays.com\/it\/wp-json\/wp\/v2\/media\/632929"}],"wp:attachment":[{"href":"https:\/\/www.europesays.com\/it\/wp-json\/wp\/v2\/media?parent=632928"}],"wp:term":[{"taxonomy":"category","embeddable":true,"href":"https:\/\/www.europesays.com\/it\/wp-json\/wp\/v2\/categories?post=632928"},{"taxonomy":"post_tag","embeddable":true,"href":"https:\/\/www.europesays.com\/it\/wp-json\/wp\/v2\/tags?post=632928"}],"curies":[{"name":"wp","href":"https:\/\/api.w.org\/{rel}","templated":true}]}}