{"id":632946,"date":"2026-08-15T01:47:19","date_gmt":"2026-08-15T01:47:19","guid":{"rendered":"https:\/\/www.europesays.com\/it\/632946\/"},"modified":"2026-08-15T01:47:19","modified_gmt":"2026-08-15T01:47:19","slug":"tra-emma-watson-e-george-clooney-ci-sarebbe-del-tenero-lindiscrezione","status":"publish","type":"post","link":"https:\/\/www.europesays.com\/it\/632946\/","title":{"rendered":"Tra Emma Watson e George Clooney ci sarebbe del tenero, l&#8217;indiscrezione"},"content":{"rendered":"<p>Emma Watson a Villa Oleandra, George Clooney tirato in ballo e il Lago di Como a fare da sfondo: gli ingredienti per un gossip perfetto c\u2019erano tutti. \u00c8 bastato che l\u2019attrice venisse fotografata mentre raggiungeva la celebre residenza italiana dei Clooney perch\u00e9 sui social cominciasse a circolare una voce decisamente pi\u00f9 interessante di una semplice visita tra amici: <strong>tra Emma Watson e George Clooney ci sarebbe una relazione<\/strong>.<\/p>\n<p>Peccato che, andando a guardare meglio le immagini da cui \u00e8 partita l\u2019indiscrezione, la storia cambi parecchio. Infatti, alcune delle foto utilizzate per alimentare il presunto flirt sarebbero state addirittura modificate.\n<\/p>\n<p>Emma Watson a casa di George Clooney sul Lago di Como<\/p>\n<p>Il punto di partenza del gossip \u00e8 reale. L\u20198 agosto <strong><a href=\"https:\/\/dilei.it\/star-e-vip\/emma-watson\/\" rel=\"nofollow noopener\" target=\"_blank\">Emma Watson<\/a> \u00e8 stata fotografata mentre arrivava in barca a Villa Oleandra<\/strong>, la propriet\u00e0 di George e Amal Clooney a Laglio, sul Lago di Como. Una visita che ha inevitabilmente attirato l\u2019attenzione, soprattutto perch\u00e9 non \u00e8 stato chiarito pubblicamente quale fosse il motivo dell\u2019incontro.<\/p>\n<p>Le immagini hanno cominciato a circolare sui social e sono state riprese anche dagli account specializzati nel gossip internazionale. Poco dopo, per\u00f2, sono comparse fotografie che sembravano mostrare <strong>George Clooney accanto alla protagonista di Harry Potter<\/strong>, dando il via alle ipotesi su una possibile relazione.<\/p>\n<p>Secondo quanto ricostruito dalla stampa britannica, proprio qui nascerebbe l\u2019equivoco. Alcuni degli scatti diventati virali sarebbero infatti <strong>immagini alterate<\/strong>, mentre nelle fotografie originali Emma Watson comparirebbe da sola. Non sono sbucate fuori, almeno per ora, foto verificate dei due insieme durante quella giornata, n\u00e9 dichiarazioni che possano suggerire qualcosa di diverso da una visita privata.<\/p>\n<p>George Clooney e Amal insieme dopo il gossip<\/p>\n<p>A rendere ancora pi\u00f9 fragile la teoria del presunto flirt \u00e8 quello che \u00e8 accaduto appena due giorni dopo. <strong><a href=\"https:\/\/dilei.it\/star-e-vip\/george-clooney\/\" rel=\"nofollow noopener\" target=\"_blank\">George<\/a> e <a href=\"https:\/\/dilei.it\/star-e-vip\/amal-alamuddin\/\" rel=\"nofollow noopener\" target=\"_blank\">Amal Clooney<\/a> sono apparsi insieme sul Lago di Como con i gemelli Ella e Alexander<\/strong>, partecipando a un evento legato alla Clooney Foundation for Justice.<\/p>\n<p>La coppia \u00e8 arrivata in barca a Passalacqua, come sempre. Nessun segnale, dunque, di quella crisi matrimoniale che sui social qualcuno aveva gi\u00e0 cominciato a dare per scontata dopo la comparsa di Emma Watson a Villa Oleandra.<\/p>\n<p>Perch\u00e9 Emma Watson era a Villa Oleandra<\/p>\n<p>E ora arriviamo alla domanda: <strong>perch\u00e9 Emma Watson si trovava a casa dei Clooney? <\/strong>Non lo sappiamo. Tra le ipotesi circolate c\u2019\u00e8 quella di un <strong>possibile incontro professionale<\/strong> con George Clooney. Emma Watson negli ultimi anni ha ridotto notevolmente la sua presenza sul grande schermo, senza per\u00f2 chiudere definitivamente la porta alla recitazione, e non sarebbe impossibile immaginare un confronto legato a un futuro progetto.<\/p>\n<p>Un\u2019altra possibilit\u00e0 riguarda invece <strong>Amal Clooney<\/strong>. L\u2019avvocata e Emma Watson condividono da tempo l\u2019interesse per questioni legate ai diritti delle donne e all\u2019uguaglianza di genere, temi sui quali entrambe hanno lavorato pubblicamente negli anni.<\/p>\n<p>C\u2019\u00e8 poi un altro dettaglio che rende il presunto romance ancora meno convincente. Soltanto pochi mesi fa Emma Watson era stata fotografata mentre baciava <strong>l\u2019imprenditore messicano Gonzalo Hevia Baill\u00e8res<\/strong>, con il quale era stata associata sentimentalmente.<\/p>\n<p>\t\t\t\tScopri i personaggi in trend, le storie del momento e molto altro.<br \/>Dove? Sul <a href=\"https:\/\/whatsapp.com\/channel\/0029Vb68mVyHVvTWezDm7d0R\" target=\"_blank\" rel=\"noopener nofollow\">canale WhatsApp di DiLei!<\/a><\/p>\n<p>\t\t\t<a class=\"buttonCall\" href=\"https:\/\/whatsapp.com\/channel\/0029Vb68mVyHVvTWezDm7d0R\" target=\"_blank\" rel=\"noopener nofollow\" title=\"Seguici su WhatsApp\"><br \/>\n\t\t\t\tSeguici su WhatsApp<br \/>\n\t\t\t<\/a><\/p>\n","protected":false},"excerpt":{"rendered":"Emma Watson a Villa Oleandra, George Clooney tirato in ballo e il Lago di Como a fare da&hellip;\n","protected":false},"author":3,"featured_media":632947,"comment_status":"","ping_status":"","sticky":false,"template":"","format":"standard","meta":{"footnotes":"","_share_on_mastodon":"0"},"categories":[174],"tags":[85857,203,31723,2799,204,1537,90,89,86],"class_list":["post-632946","post","type-post","status-publish","format-standard","has-post-thumbnail","category-intrattenimento","tag-emma-watson","tag-entertainment","tag-george-clooney","tag-gossip","tag-intrattenimento","tag-it","tag-italia","tag-italy","tag-vip"],"share_on_mastodon":{"url":"https:\/\/pubeurope.com\/@it\/117097008131231274","error":""},"_links":{"self":[{"href":"https:\/\/www.europesays.com\/it\/wp-json\/wp\/v2\/posts\/632946","targetHints":{"allow":["GET"]}}],"collection":[{"href":"https:\/\/www.europesays.com\/it\/wp-json\/wp\/v2\/posts"}],"about":[{"href":"https:\/\/www.europesays.com\/it\/wp-json\/wp\/v2\/types\/post"}],"author":[{"embeddable":true,"href":"https:\/\/www.europesays.com\/it\/wp-json\/wp\/v2\/users\/3"}],"replies":[{"embeddable":true,"href":"https:\/\/www.europesays.com\/it\/wp-json\/wp\/v2\/comments?post=632946"}],"version-history":[{"count":0,"href":"https:\/\/www.europesays.com\/it\/wp-json\/wp\/v2\/posts\/632946\/revisions"}],"wp:featuredmedia":[{"embeddable":true,"href":"https:\/\/www.europesays.com\/it\/wp-json\/wp\/v2\/media\/632947"}],"wp:attachment":[{"href":"https:\/\/www.europesays.com\/it\/wp-json\/wp\/v2\/media?parent=632946"}],"wp:term":[{"taxonomy":"category","embeddable":true,"href":"https:\/\/www.europesays.com\/it\/wp-json\/wp\/v2\/categories?post=632946"},{"taxonomy":"post_tag","embeddable":true,"href":"https:\/\/www.europesays.com\/it\/wp-json\/wp\/v2\/tags?post=632946"}],"curies":[{"name":"wp","href":"https:\/\/api.w.org\/{rel}","templated":true}]}}