{"id":633097,"date":"2026-08-15T04:34:17","date_gmt":"2026-08-15T04:34:17","guid":{"rendered":"https:\/\/www.europesays.com\/it\/633097\/"},"modified":"2026-08-15T04:34:17","modified_gmt":"2026-08-15T04:34:17","slug":"auto-pec-obbligatoria-per-revisione-e-passaggio-di-proprieta","status":"publish","type":"post","link":"https:\/\/www.europesays.com\/it\/633097\/","title":{"rendered":"Auto, Pec obbligatoria per revisione e passaggio di propriet\u00e0"},"content":{"rendered":"<p>La <strong>Pec<\/strong> potrebbe diventare presto indispensabile per chi possiede un\u2019<strong>auto<\/strong>, una <strong>moto<\/strong> o qualsiasi altro veicolo a motore immatricolato in Italia.\u00a0La novit\u00e0 \u00e8 contenuta nel testo-base del <strong>nuovo Codice della strada<\/strong> sul quale il ministero dei Trasporti guidato da Matteo Salvini ha aperto una pubblica consultazione.<\/p>\n<p>Se le nuove regole saranno confermate, il <strong>domicilio digitale<\/strong> diventer\u00e0 una condizione necessaria per le operazioni correlate ai veicoli, dall\u2019<strong>acquisto<\/strong> al <strong>passaggio di propriet\u00e0<\/strong> di una vettura usata, fino alla <strong>revisione<\/strong>.\n<\/p>\n<p>Senza Pec niente revisione dell\u2019auto<\/p>\n<p>Il meccanismo previsto \u00e8 questo, in sintesi: il proprietario del veicolo dovr\u00e0 avere un indirizzo di Posta elettronica certificata, la cosiddetta Pec, e registrarlo nell\u2019<strong>Inad<\/strong>, l\u2019Indice nazionale dei domicili digitali.<\/p>\n<p>Va ribadito: il testo-base non \u00e8 ancora legge, ma solo oggetto di una consultazione pubblica e le associazioni di settore sono chiamate a esprimere il proprio parere o a presentare eventuali proposte di modifica entro il 13 settembre.<\/p>\n<p>Senza Pec, in prospettiva, nessuno potrebbe pi\u00f9 acquistare o vendere un veicolo. Ma neppure guidarlo, senza rischiare multe per mancata revisione. Ma attenzione: l\u2019obbligo non sarebbe richiesto fin da subito a tutti i proprietari delle auto gi\u00e0 presenti sulle strade italiane. Per i veicoli gi\u00e0 circolanti, il sistema previsto \u00e8 progressivo: la Pec diventerebbe necessaria quando il proprietario dovesse effettuare una delle operazioni indicate dalla nuova disciplina.<\/p>\n<p>Uno dei casi pi\u00f9 importanti individuati dal <a href=\"https:\/\/quifinanza.it\/attualita\/nuovo-codice-strada-proposta-patente\/1011549\/\" rel=\"nofollow noopener\" target=\"_blank\">nuovo Codice della strada<\/a> riguarda il mercato dell\u2019usato: chi acquista un\u2019auto gi\u00e0 immatricolata dovr\u00e0 fornire il proprio indirizzo Pec per completare il trasferimento della propriet\u00e0. La stessa condizione riguarderebbe altre operazioni amministrative legate al veicolo, tra cui l\u2019<strong>aggiornamento della carta di circolazione<\/strong>, la <strong>nazionalizzazione<\/strong> e la <strong>reimmatricolazione<\/strong>.\u00a0In quest\u2019ultimo caso, l\u2019obbligo potrebbe interessare, per esempio, chi deve reimmatricolare un\u2019auto dopo il furto o lo smarrimento (o il deterioramento) della targa.<\/p>\n<p>Secondo le regole attuali, la revisione dell\u2019auto deve essere effettuata per la prima volta dopo quattro anni dalla prima immatricolazione e successivamente ogni due anni. Con la nuova disciplina, oltre a rispettare le tempistiche occorrer\u00e0 dotarsi di una Pec.<\/p>\n<p>Obbligo anche per le targhe estere<\/p>\n<p>La nuova disciplina si applicherebbe anche ai <a href=\"https:\/\/quifinanza.it\/info-utili\/targhe-estere-codice-strada\/864041\/\" rel=\"nofollow noopener\" target=\"_blank\">veicoli immatricolati all\u2019estero<\/a> ma nella disponibilit\u00e0 di persone residenti in Italia. In particolare, l\u2019iscrizione al Reve, il Registro dei veicoli esteri, sarebbe soggetta al possesso di una Pec.<\/p>\n<p>La Pec dovr\u00e0 rimanere attiva<\/p>\n<p>Secondo l\u2019impostazione del Ministero, il domicilio digitale comunicato alle autorit\u00e0 dovr\u00e0 rimanere attivo per tutto il periodo durante il quale il proprietario mantiene il veicolo. Sar\u00e0 comunque possibile sostituirlo con un altro indirizzo valido. L\u2019obiettivo \u00e8 garantire un canale di comunicazione digitale ufficiale tra amministrazione e proprietario del mezzo, con valore legale per le comunicazioni e le notifiche relative al veicolo.<\/p>\n<p>Ma oltre a questo, ci sarebbero anche delle ricadute: dotando ogni automobilista di una Pec, il Ministero del Trasporti riuscirebbe a rendere pi\u00f9 semplice e rapido notificare <strong>multe<\/strong> e provvedimenti. Il Ministero riuscirebbe inoltre a risolvere il problema dei <strong>dati<\/strong> non sempre <strong>aggiornati<\/strong>: con la nuova disciplina, proprietari, veicoli, indirizzi e comunicazioni saranno gestiti tramite un unico canale digitale: i dati non saranno pi\u00f9 gestiti attraverso archivi differenti.<\/p>\n<blockquote class=\"instagram-media\" data-instgrm-captioned=\"\" data-instgrm-permalink=\"https:\/\/www.instagram.com\/p\/Db8stPtBRTf\/?utm_source=ig_embed&amp;utm_campaign=loading\" data-instgrm-version=\"14\" style=\" background:#FFF; border:0; border-radius:3px; box-shadow:0 0 1px 0 rgba(0,0,0,0.5),0 1px 10px 0 rgba(0,0,0,0.15); margin: 1px; max-width:100%; min-width:326px; padding:0; width:99.375%; width:-webkit-calc(100% - 2px); width:calc(100% - 2px);\"\/>\n<p>\t<script async src=\"\/\/www.instagram.com\/embed.js\"><\/script><\/p>\n","protected":false},"excerpt":{"rendered":"La Pec potrebbe diventare presto indispensabile per chi possiede un\u2019auto, una moto o qualsiasi altro veicolo a motore&hellip;\n","protected":false},"author":3,"featured_media":633098,"comment_status":"","ping_status":"","sticky":false,"template":"","format":"standard","meta":{"footnotes":"","_share_on_mastodon":"0"},"categories":[79],"tags":[14660,14,93,94,458,1537,90,89,131,7,15,11,84,91,12,85,92],"class_list":["post-633097","post","type-post","status-publish","format-standard","has-post-thumbnail","category-italia","tag-codice-della-strada","tag-cronaca","tag-cronaca-italiana","tag-cronacaitaliana","tag-informazioni-utili","tag-it","tag-italia","tag-italy","tag-matteo-salvini","tag-news","tag-notizie","tag-ultime-notizie","tag-ultime-notizie-e-news-di-oggi","tag-ultime-notizie-italia","tag-ultimenotizie","tag-ultimenotizieenewsdioggi","tag-ultimenotizieitalia"],"share_on_mastodon":{"url":"https:\/\/pubeurope.com\/@it\/117097664895948173","error":""},"_links":{"self":[{"href":"https:\/\/www.europesays.com\/it\/wp-json\/wp\/v2\/posts\/633097","targetHints":{"allow":["GET"]}}],"collection":[{"href":"https:\/\/www.europesays.com\/it\/wp-json\/wp\/v2\/posts"}],"about":[{"href":"https:\/\/www.europesays.com\/it\/wp-json\/wp\/v2\/types\/post"}],"author":[{"embeddable":true,"href":"https:\/\/www.europesays.com\/it\/wp-json\/wp\/v2\/users\/3"}],"replies":[{"embeddable":true,"href":"https:\/\/www.europesays.com\/it\/wp-json\/wp\/v2\/comments?post=633097"}],"version-history":[{"count":0,"href":"https:\/\/www.europesays.com\/it\/wp-json\/wp\/v2\/posts\/633097\/revisions"}],"wp:featuredmedia":[{"embeddable":true,"href":"https:\/\/www.europesays.com\/it\/wp-json\/wp\/v2\/media\/633098"}],"wp:attachment":[{"href":"https:\/\/www.europesays.com\/it\/wp-json\/wp\/v2\/media?parent=633097"}],"wp:term":[{"taxonomy":"category","embeddable":true,"href":"https:\/\/www.europesays.com\/it\/wp-json\/wp\/v2\/categories?post=633097"},{"taxonomy":"post_tag","embeddable":true,"href":"https:\/\/www.europesays.com\/it\/wp-json\/wp\/v2\/tags?post=633097"}],"curies":[{"name":"wp","href":"https:\/\/api.w.org\/{rel}","templated":true}]}}