{"id":63313,"date":"2025-08-23T00:32:21","date_gmt":"2025-08-23T00:32:21","guid":{"rendered":"https:\/\/www.europesays.com\/it\/63313\/"},"modified":"2025-08-23T00:32:21","modified_gmt":"2025-08-23T00:32:21","slug":"labirinti-archeologia-industriale-land-art-10-opere-monumentali-che-valgono-il-viaggio","status":"publish","type":"post","link":"https:\/\/www.europesays.com\/it\/63313\/","title":{"rendered":"Labirinti, archeologia industriale, land art: 10 opere monumentali che valgono il viaggio"},"content":{"rendered":"<p>    di<br \/>\n    Beba Marsano<\/p>\n<p class=\"summary-art is-line-h-12 is-mr-t-20\">Da Biella a Poggibonsi fino a Trapani, passando per Milano, dieci indirizzi di arte contemporanea ancora non troppo conosciuti<\/p>\n<p class=\"chapter-paragraph\">Scheletri e figure totemiche, archetipi e feticci, architetture esoteriche e sudari intessuti di macerie. Sono <b>le opere monumentali, le installazioni ambientali, <\/b>le invenzioni magnetiche ed epifaniche di una geografia ancora sottotraccia, quella dell\u2019arte contemporanea. Geografia che in Italia segna tappe in luoghi eccentrici, da Biella a Poggibonsi, cornice di lavori che tendono all\u2019infinito e giocano sulle grandi dimensioni in spazi smisurati e solenni o si fondono con la magia del paesaggio. <b>Eccone 10, che valgono il viaggio.\u00a0<\/b><\/p>\n<p>        <img decoding=\"async\" class=\"is_full_image\" loading=\"lazy\" alt=\"Top 10 contemporaneo\" src=\"https:\/\/www.europesays.com\/it\/wp-content\/uploads\/2025\/08\/68a48c660c727.jpeg\" data-full-src=\"https:\/\/www.europesays.com\/it\/wp-content\/uploads\/2025\/08\/68a48c660c727.jpeg\"\/><\/p>\n<p>    Terzo Paradiso, Biella<\/p>\n<p class=\"chapter-paragraph\">Da lanificio a fabbrica di cultura globale. Ecco <b>Cittadellarte, complesso di archeologia industriale<\/b> trasformato da <b>Michelangelo Pistoletto<\/b> in officina di idee (mostre, incontri, progetti per il sociale) e casa dei propri lavori. Qui i quadri specchianti, una versione della Venere degli stracci e, nella vastit\u00e0 di un vecchio seccatoio, l\u2019emblema su larga scala del Terzo Paradiso, riconfigurazione grafica del segno matematico dell\u2019infinito con un terzo anello al centro quale \u00abgrembo generativo di una nuova umanit\u00e0, ri-fondata sulla conciliazione tra natura e progresso\u00bb.    &#13;<br \/>\n&#13;<br \/>\n&#13;<br \/>\n&#13;<br \/>\n&#13;<br \/>\n&#13;<br \/>\n&#13;<br \/>\n&#13;<br \/>\n&#13;<br \/>\n&#13;<br \/>\n&#13;<br \/>\n&#13;<br \/>\n&#13;<br \/>\n&#13;<br \/>\n&#13;<br \/>\n&#13;<br \/>\n&#13;<br \/>\n&#13;<br \/>\n&#13;<br \/>\n&#13;<br \/>\n&#13;<br \/>\n&#13;<br \/>\n&#13;<br \/>\n&#13;<br \/>\n&#13;<br \/>\n&#13;<br \/>\n&#13;<br \/>\n&#13;<br \/>\n&#13;<br \/>\n&#13;<br \/>\n&#13;<br \/>\n&#13;<br \/>\n&#13;<br \/>\n&#13;<br \/>\n&#13;<br \/>\n&#13;<br \/>\n&#13;<br \/>\n&#13;<br \/>\n&#13;<br \/>\n&#13;<br \/>\n&#13;<br \/>\n&#13;<br \/>\n&#13;<br \/>\n&#13;<br \/>\n&#13;<br \/>\n&#13;<br \/>\n&#13;<br \/>\n&#13;<br \/>\n&#13;<br \/>\n&#13;<br \/>\n&#13;<br \/>\n&#13;<br \/>\n&#13;\n<\/p>\n<p>        <img decoding=\"async\" class=\"is_full_image\" loading=\"lazy\" alt=\"Top 10 contemporaneo\" src=\"https:\/\/www.europesays.com\/it\/wp-content\/uploads\/2025\/08\/68a48cd410d35.jpeg\" data-full-src=\"https:\/\/www.europesays.com\/it\/wp-content\/uploads\/2025\/08\/68a48cd410d35.jpeg\"\/><\/p>\n<p>    Labirinto di Arnaldo Pomodoro, Milano<\/p>\n<p class=\"chapter-paragraph\">Il Labirinto? La sintesi suprema del viaggio, appena concluso, di Arnaldo Pomodoro attraverso la vita. <b>\u00abLuogo metaforico dell\u2019esperienza umana\u00bb<\/b>, defin\u00ec lui stesso questa <b>installazione segreta<\/b>, ipogea, realizzata in 16 anni (1995-2011) nell\u2019ex capannone delle<b> officine meccaniche Riva Calzoni<\/b>. Archetipo di ogni spazio fisico e mentale, questo dedalo in fiberglass e rame \u00e8 nella sua \u00abmagica controrealt\u00e0\u00bb stratificazione di misteri, di allegorie, di figure iniziatiche: dall\u2019eroe babilonese Gilgame\u0161 a quello splendido impostore che fu Giuseppe Balsamo alias Cagliostro.\u00a0<\/p>\n<p>        <img decoding=\"async\" class=\"is_full_image\" loading=\"lazy\" alt=\"Top 10 contemporaneo\" src=\"https:\/\/www.europesays.com\/it\/wp-content\/uploads\/2025\/08\/68a48e4298704.jpeg\" data-full-src=\"https:\/\/www.europesays.com\/it\/wp-content\/uploads\/2025\/08\/68a48e4298704.jpeg\"\/><\/p>\n<p>    I Sette Palazzi Celesti 2004-2015, Milano<\/p>\n<p class=\"chapter-paragraph\">Per l&#8217;apertura di <b>Pirelli HangarBicocca nell\u2019ex sede della Breda <\/b>(2004) <b>Anselm Kiefer <\/b>progetta un&#8217;installazione permanente enorme e potente, intrisa di rimandi alla cabala: I Sette Palazzi Celesti. Sette torri in calcestruzzo armato dall\u2019effetto precario &#8211; 13-19 metri di altezza, 90 tonnellate ciascuna &#8211; metafora di cammino iniziatico (il trattato ebraico Sefer h\u00eakal\u00f4t, Libro dei santuari) e, insieme, di caduta (la Torre dei tarocchi). Il rimando alle <b>rovine come sconfitta di ogni a(mbi)zione umana<\/b> include le civilt\u00e0 perdute e l\u2019Occidente dopo la seconda guerra mondiale. Dal 2015 completano l\u2019opera cinque tele di grandi dimensioni.\u00a0<\/p>\n<p>        <img decoding=\"async\" class=\"is_full_image\" loading=\"lazy\" alt=\"Top 10 contemporaneo\" src=\"https:\/\/www.europesays.com\/it\/wp-content\/uploads\/2025\/08\/68a48e7f9f07e.jpeg\" data-full-src=\"https:\/\/www.europesays.com\/it\/wp-content\/uploads\/2025\/08\/68a48e7f9f07e.jpeg\"\/><\/p>\n<p>    Muri fontane a 3 colori per un esagono, Quarrata (Pistoia)<\/p>\n<p class=\"chapter-paragraph\">Per il <b>parco-museo di villa La Magia<\/b>, una delle dodici residenze medicee patrimonio Unesco, Daniel Buren ha ideato un ninfeo in marmo di Carrara rigoroso e lineare (2005-11). Un esagono centrale e sei lastre radiali &#8211; nel suo motivo distintivo a scanalature verticali bicolori &#8211; da cui l&#8217;acqua ruscella per raccogliersi in vasche. A intervallare i blocchi di pietra ci sono spazi vuoti, cui Buren d\u00e0 dignit\u00e0 di finestre spalancate sul paesaggio. Quello rinascimentale del Montalbano, antica riserva di caccia dei Medici.\u00a0<\/p>\n<p>        <img decoding=\"async\" class=\"is_full_image\" loading=\"lazy\" alt=\"Top 10 contemporaneo\" src=\"https:\/\/www.europesays.com\/it\/wp-content\/uploads\/2025\/08\/68a48ebed3b8e.jpeg\" data-full-src=\"https:\/\/www.europesays.com\/it\/wp-content\/uploads\/2025\/08\/68a48ebed3b8e.jpeg\"\/><\/p>\n<p>    I Dormienti, Poggibonsi (Siena)<\/p>\n<p class=\"chapter-paragraph\">Dal paese un viale ombroso stacca verso un luogo antico, misterioso, a lungo dimenticato: <b>la Fonte delle Fate. <\/b>Architettura in travertino a sei arcate, dimora dal 1998 dei 25 Dormienti bronzei di <b>Mimmo Paladino<\/b>, tappeto di figure fetali e coccodrilli adagiati sull\u2019acqua che &#8211; tra muschi e ninfee &#8211; a intermittenza li sommerge o li rivela. Un\u2019opera amniotica, carica di <b>magia e di suggestione<\/b>, amplificata dal picchiettio delle gocce sulla roccia, sottofondo alle note originali di Brian Eno. Fu creata per Arte all\u2019Arte, progetto dell\u2019Associazione Arte Continua, che tra il 1996 e il 2005 ha disseminato nel tessuto urbano di Poggibonsi lavori di Antony Gormley, Kiki Smith, Sarkis, per dare una svolta in chiave contemporanea a una citt\u00e0 in crisi d\u2019identit\u00e0.\u00a0<\/p>\n<p>        <img decoding=\"async\" class=\"is_full_image\" loading=\"lazy\" alt=\"Top 10 contemporaneo\" src=\"https:\/\/www.europesays.com\/it\/wp-content\/uploads\/2025\/08\/68a49114d7087.jpeg\" data-full-src=\"https:\/\/www.europesays.com\/it\/wp-content\/uploads\/2025\/08\/68a49114d7087.jpeg\"\/><\/p>\n<p>    Calamita cosmica, Foligno (Perugia)<\/p>\n<p class=\"chapter-paragraph\">C\u2019\u00e8 uno scheletro colossale adagiato nella chiesa sconsacrata della SS. Trinit\u00e0 in Annunziata. \u00c8 Calamita cosmica, scultura in<b> vetroresina, ferro e polistirolo di 24 metri <\/b>di lunghezza di <b>Gino De Dominicis<\/b>. La carcassa, dal naso a becco d\u2019uccello, tiene in equilibrio sul medio della mano destra un&#8217;asta in ferro dorato, la calamita, quale collegamento tra terra e cielo. De Dominicis &#8211; eccentrico ed enigmatico, \u00abegli stesso opera d\u2019arte senza fine\u00bb, disse Anselm Kiefer &#8211; la realizza nel pi\u00f9 assoluto segreto intorno al 1988. Oggi \u00e8 propriet\u00e0 della Fondazione Cassa di Risparmio di Foligno.\u00a0<\/p>\n<p>        <img decoding=\"async\" class=\"is_full_image\" loading=\"lazy\" alt=\"Top 10 contemporaneo\" src=\"https:\/\/www.europesays.com\/it\/wp-content\/uploads\/2025\/08\/68a48f8a1fe42.jpeg\" data-full-src=\"https:\/\/www.europesays.com\/it\/wp-content\/uploads\/2025\/08\/68a48f8a1fe42.jpeg\"\/><\/p>\n<p>    Parco di Beverly Pepper, Todi (Perugia)<\/p>\n<p class=\"chapter-paragraph\">Due ettari nel p<b>arco della Rocca<\/b> per 20 sculture scelte dalla sua collezione privata e donate nel 2019 alla \u00abmia Beverly Hills sulle colline umbre\u00bb. Cos\u00ec la scultrice statunitense<b> Beverly Pepper<\/b> chiamava Todi, amato buen retiro fino ai 97 anni. Specchio della sua ricerca astratta tra il 1960 e i primi anni 2000, le opere si snodano lungo un percorso artistico-paesaggistico inframmezzato da \u00ablunette, come ha battezzato le panchine-scultura in pietra serena del Trasimeno, concepite come <b>punti panoramico-meditativi<\/b>.\u00a0<\/p>\n<p>        <img decoding=\"async\" class=\"is_full_image\" loading=\"lazy\" alt=\"Top 10 contemporaneo\" src=\"https:\/\/www.europesays.com\/it\/wp-content\/uploads\/2025\/08\/68a49154e0625.jpeg\" data-full-src=\"https:\/\/www.europesays.com\/it\/wp-content\/uploads\/2025\/08\/68a49154e0625.jpeg\"\/><\/p>\n<p>    Ave Ovo, Napoli<\/p>\n<p class=\"chapter-paragraph\">Nel 2005 l\u2019archistar portoghese <b>Alvaro Siza<\/b> trasforma Palazzo Donnaregina nel Madre, museo d&#8217;arte contemporanea per il quale 12 maestri vengono invitati a concepire altrettante opere site specific. In quattro mesi <b>Francesco Clemente<\/b> crea su due sale sovrapposte l\u2019affresco monumentale (con pavimento in ceramica) Ave Ovo. Un dilavato universo di memorie infantili, invenzioni simboliche, richiami esoterici, affollato da<b> animali, teschi, stelle comete<\/b> <b>e da quegli dei, dice, \u00abche hanno abbandonato Napoli da migliaia di anni\u00bb<\/b>. Un racconto ironico e insieme poetico, in sospensione nello spazio e nel tempo.\u00a0<\/p>\n<p>        <img decoding=\"async\" class=\"is_full_image\" loading=\"lazy\" alt=\"Top 10 contemporaneo\" src=\"https:\/\/www.europesays.com\/it\/wp-content\/uploads\/2025\/08\/68a49092e2707.jpeg\" data-full-src=\"https:\/\/www.europesays.com\/it\/wp-content\/uploads\/2025\/08\/68a49092e2707.jpeg\"\/><\/p>\n<p>    Hortus Conclusus, Benevento<\/p>\n<p class=\"chapter-paragraph\">Nell\u2019antico orto monastico dei domenicani oggi ci sono elmi, scudi, guerrieri, personaggi arcaici e arcani sorvegliati, sul muro di cinta, da un cavallo con maschera d\u2019oro come quella funebre di Agamennone. Benvenuti nell\u2019Hortus Conclusus di <b>Mimmo Paladino<\/b> (1991-92). Giardino di simboli in cui si stratificano mitologie omeriche, epopee guerriere, memorie sannite e tracce di quei riti notturni che hanno tramandato Benevento come citt\u00e0 delle streghe.<b> \u00abUn luogo di meditazione\u00bb, <\/b>dice l\u2019artista dell\u2019Hortus, zona franca della fantasia per cavalcare impunemente la Storia.\u00a0<\/p>\n<p>        <img decoding=\"async\" class=\"is_full_image\" loading=\"lazy\" alt=\"Top 10 contemporaneo\" src=\"https:\/\/www.europesays.com\/it\/wp-content\/uploads\/2025\/08\/68a490ac970c6.jpeg\" data-full-src=\"https:\/\/www.europesays.com\/it\/wp-content\/uploads\/2025\/08\/68a490ac970c6.jpeg\"\/><\/p>\n<p>    Grande Cretto, Gibellina Vecchia (Trapani)<\/p>\n<p class=\"chapter-paragraph\">Nella notte tra il 14 e il 15 gennaio 1968 un terremoto del decimo grado della scala Mercalli polverizza la valle del Bel\u00ecce. Gibellina compresa. <b>Alberto Burri<\/b> ne cementifica le macerie per fare un gigantesco, abbacinante sudario, il Grande Cretto (1984-89), solcato da una trama di fratture allusive alle vecchie strade e dispiegato sulla collina sopra l\u2019impronta della citt\u00e0 distrutta. Monumento alla morte e alla memoria, \u00e8 <b>l\u2019intervento di land art pi\u00f9 grande al mondo<\/b>, teatro ogni estate delle date clou del festival delle Orestiadi.<\/p>\n<p><a href=\"https:\/\/www.corriere.it\/app-economia\/?intcmp=DL-app_nd_011024_corriere_ss_conomia\" target=\"_blank\" class=\"bck-app-banner\" rel=\"nofollow noopener\"><img decoding=\"async\" class=\"bck-app-img\" src=\"https:\/\/www.europesays.com\/it\/wp-content\/uploads\/2025\/07\/app.png\"\/><\/p>\n<p>Nuova app <strong>L&#8217;Economia<\/strong>. News, approfondimenti e l&#8217;assistente virtuale al tuo servizio.<\/p>\n<p>SCARICA L&#8217; APP<\/p>\n<p><img decoding=\"async\" src=\"https:\/\/www.europesays.com\/it\/wp-content\/uploads\/2025\/07\/eco.png\"\/><\/a><\/p>\n<p>Iscriviti alle <a href=\"https:\/\/www.corriere.it\/newsletter\/?theme=4\" rel=\"nofollow noopener\" target=\"_blank\">newsletter de L&#8217;Economia<\/a>. Analisi e commenti sui principali avvenimenti\u00a0economici a cura delle firme del Corriere.<\/p>\n<p class=\"is-last-update\" datetime=\"2025-08-19T17:50:37+02:00\">22 agosto 2025<\/p>\n<p class=\"is-copyright\">\n            \u00a9 RIPRODUZIONE RISERVATA\n        <\/p>\n","protected":false},"excerpt":{"rendered":"di Beba Marsano Da Biella a Poggibonsi fino a Trapani, passando per Milano, dieci indirizzi di arte contemporanea&hellip;\n","protected":false},"author":3,"featured_media":63314,"comment_status":"","ping_status":"","sticky":false,"template":"","format":"standard","meta":{"footnotes":"","_share_on_mastodon":"0"},"categories":[174],"tags":[412,49882,49883,2033,41975,49884,11161,11162,46815,1615,20357,49885,49886,42801,40384,49887,1934,49888,49889,49880,49890,49891,49892,41584,17041,49893,277,49894,28332,49895,49896,203,49897,597,10370,9600,49898,49899,1251,28334,49881,49900,6939,20164,20663,204,49901,1537,90,89,49902,49903,19390,49904,722,13767,21595,49905,3203,28,49906,49907,49908,3943,248,1573,731,49909,49910,5540,49911,6893,49912,12282,1575,49913,4056,8333,49879,3918,13552,4456,21301,8041,49914,4960,49915,10671,1652],"class_list":["post-63313","post","type-post","status-publish","format-standard","has-post-thumbnail","category-intrattenimento","tag-acqua","tag-anselm","tag-anselm-kiefer","tag-antico","tag-archeologia","tag-archeologia-industriale","tag-arnaldo","tag-arnaldo-pomodoro","tag-art","tag-arte","tag-arte-contemporanea","tag-ave","tag-ave-ovo","tag-benevento","tag-beverly","tag-beverly-pepper","tag-biella","tag-biella-poggibonsi","tag-buren","tag-calamita","tag-calamita-cosmica","tag-celesti","tag-conclusus","tag-contemporanea","tag-cosmica","tag-cretto","tag-de","tag-de-dominicis","tag-dimensioni","tag-dominicis","tag-dormienti","tag-entertainment","tag-esagono","tag-ferro","tag-figure","tag-foligno","tag-geografia","tag-gibellina","tag-grandi","tag-grandi-dimensioni","tag-hortus","tag-hortus-conclusus","tag-industriale","tag-infinito","tag-installazione","tag-intrattenimento","tag-invenzioni","tag-it","tag-italia","tag-italy","tag-kiefer","tag-labirinto","tag-land","tag-land-art","tag-lavori","tag-macerie","tag-magia","tag-memorie","tag-metri","tag-milano","tag-mimmo","tag-mimmo-paladino","tag-monumentali","tag-museo","tag-napoli","tag-opera","tag-opere","tag-opere-monumentali","tag-ovo","tag-paesaggio","tag-paladino","tag-palazzi","tag-palazzi-celesti","tag-paradiso","tag-parco","tag-pepper","tag-perugia","tag-pietra","tag-poggibonsi","tag-pomodoro","tag-scala","tag-scultura","tag-spazi","tag-spazio","tag-terzo-paradiso","tag-terzo","tag-todi","tag-trapani","tag-viaggio"],"share_on_mastodon":{"url":"","error":""},"_links":{"self":[{"href":"https:\/\/www.europesays.com\/it\/wp-json\/wp\/v2\/posts\/63313","targetHints":{"allow":["GET"]}}],"collection":[{"href":"https:\/\/www.europesays.com\/it\/wp-json\/wp\/v2\/posts"}],"about":[{"href":"https:\/\/www.europesays.com\/it\/wp-json\/wp\/v2\/types\/post"}],"author":[{"embeddable":true,"href":"https:\/\/www.europesays.com\/it\/wp-json\/wp\/v2\/users\/3"}],"replies":[{"embeddable":true,"href":"https:\/\/www.europesays.com\/it\/wp-json\/wp\/v2\/comments?post=63313"}],"version-history":[{"count":0,"href":"https:\/\/www.europesays.com\/it\/wp-json\/wp\/v2\/posts\/63313\/revisions"}],"wp:featuredmedia":[{"embeddable":true,"href":"https:\/\/www.europesays.com\/it\/wp-json\/wp\/v2\/media\/63314"}],"wp:attachment":[{"href":"https:\/\/www.europesays.com\/it\/wp-json\/wp\/v2\/media?parent=63313"}],"wp:term":[{"taxonomy":"category","embeddable":true,"href":"https:\/\/www.europesays.com\/it\/wp-json\/wp\/v2\/categories?post=63313"},{"taxonomy":"post_tag","embeddable":true,"href":"https:\/\/www.europesays.com\/it\/wp-json\/wp\/v2\/tags?post=63313"}],"curies":[{"name":"wp","href":"https:\/\/api.w.org\/{rel}","templated":true}]}}