{"id":633419,"date":"2026-08-15T09:57:14","date_gmt":"2026-08-15T09:57:14","guid":{"rendered":"https:\/\/www.europesays.com\/it\/633419\/"},"modified":"2026-08-15T09:57:14","modified_gmt":"2026-08-15T09:57:14","slug":"guerra-iran-usa-le-ultime-notizie-di-oggi-le-mosse-di-trump-e-la-situazione-di-hormuz-diretta-24","status":"publish","type":"post","link":"https:\/\/www.europesays.com\/it\/633419\/","title":{"rendered":"Guerra Iran USA, le ultime notizie di oggi: le mosse di Trump e la situazione di Hormuz. DIRETTA"},"content":{"rendered":"<p>I media statali libanesi hanno riferito che un attacco israeliano nel sud del Paese, lanciato questa mattina presto, ha ucciso sette persone, il bilancio pi\u00f9 grave da quando gli accordi di giugno hanno portato a una tregua nelle ostilit\u00e0 tra Israele e Hezbollah. Trump tuona: &#8220;Presto dichiarer\u00f2 Hormuz territorio Usa&#8221;<\/p>\n<p>      I media statali libanesi hanno riferito che un attacco israeliano nel sud del Paese, lanciato questa mattina presto, ha ucciso sette persone, il bilancio pi\u00f9 grave da quando gli accordi di giugno hanno portato a una tregua nelle ostilit\u00e0 tra Israele e Hezbollah. L&#8217;Agenzia Nazionale di Stampa Nna ha affermato che \\&#8221;un attacco lanciato da aerei da guerra nemici contro un&#8217;abitazione\\&#8221; alla periferia del villaggio di Ansar \\&#8221;ha ucciso sette persone e ne ha ferite altre tre\\&#8221; e ha distrutto la casa.\u00a0\\n<\/p>\n<p>Trump tuona: \\&#8221;Presto dichiarer\u00f2 Hormuz territorio Usa\\&#8221;.<\/p>\n<p>\\n\\n<\/p>\n<p><strong>Gli approfondimenti:<\/strong><\/p>\n<p>\\n\\n<\/p>\n<p><strong>Per ricevere le notizie di Sky TG24:<\/strong><\/p>\n<p>\\n<\/p>\n<ul>\\n  <\/p>\n<li>Il canale Whatsapp di Sky TG24 (<a href=\"\\&quot;https:\/\/whatsapp.com\/channel\/0029VaDyGIp90x2wDXgUnV2j\\&quot;\" data-intcmp-qp=\"\\&quot;skytg24_liveblog_interlink_text\\&quot;\">clicca qui<\/a>)<\/li>\n<p>\\n  <\/p>\n<li>Le notizie audio con i titoli del tg (<a href=\"\\&quot;https:\/\/tg24.sky.it\/cronaca\/approfondimenti\/audio-news-sky-tg24.html\\&quot;\" data-intcmp=\"\\&quot;skytg24_liveblog_interlink_text\\&quot;\">clicca qui<\/a>)<\/li>\n<p>\\n<\/ul>\n<p>&#8220;,&#8221;postId&#8221;:&#8221;b9db56d8-4bf0-4fc6-8b87-ff646b962d7f&#8221;,&#8221;postLink&#8221;:{&#8220;title&#8221;:&#8221;&#8221;,&#8221;url&#8221;:&#8221;&#8221;,&#8221;imageSrc&#8221;:&#8221;&#8221;}}],&#8221;posts&#8221;:[{&#8220;timestamp&#8221;:&#8221;2026-08-15T09:51:57.816Z&#8221;,&#8221;timestampUtcIt&#8221;:&#8221;2026-08-15T11:51:57+0200&#8243;,&#8221;altBackground&#8221;:false,&#8221;title&#8221;:&#8221;Idf, colpite infrastrutture di Hezbollah nel sud del Libano&#8221;,&#8221;content&#8221;:&#8221;<\/p>\n<p>L&#8217;esercito israeliano ha confermato di aver condotto una serie di raid aerei nel sud del Libano nel corso della notte. Secondo quanto reso noto dall&#8217;Idf, gli obiettivi colpiti erano infrastrutture di Hezbollah, e l&#8217;operazione sarebbe stata una risposta a un attacco lanciato dal gruppo contro le forze israeliane.<\/p>\n<p>&#8220;,&#8221;postId&#8221;:&#8221;1f12e376-0767-496e-9235-e8cb87be8321&#8243;,&#8221;postLink&#8221;:{&#8220;title&#8221;:&#8221;&#8221;,&#8221;url&#8221;:&#8221;&#8221;,&#8221;imageSrc&#8221;:&#8221;&#8221;}},{&#8220;timestamp&#8221;:&#8221;2026-08-15T07:46:31.964Z&#8221;,&#8221;timestampUtcIt&#8221;:&#8221;2026-08-15T09:46:31+0200&#8243;,&#8221;altBackground&#8221;:false,&#8221;title&#8221;:&#8221;Ukmto: venerd\u00ec colpita nave nello Stretto di Hormuz, equipaggio al sicuro&#8221;,&#8221;content&#8221;:&#8221;<\/p>\n<p>Un \\&#8221;proiettile\\&#8221; ha colpito venerd\u00ec lo scafo di una nave portarinfuse nello Stretto di Hormuz. E&#8217; quanto riferisce l&#8217;United Kingdom Maritime Trade Operations (Ukmto). \\&#8221;L&#8217;equipaggio \u00e8 al sicuro. Al momento non \u00e8 stata fornita una valutazione dei danni e non \u00e8 ancora noto l&#8217;eventuale impatto sull&#8217;ambiente\\&#8221;, ha aggiunto l&#8217;agenzia marittima britannica.<\/p>\n<p>\\n&#8221;,&#8221;postId&#8221;:&#8221;68df627e-4699-4be6-845b-5228b7ea014f&#8221;,&#8221;postLink&#8221;:{&#8220;title&#8221;:&#8221;&#8221;,&#8221;url&#8221;:&#8221;&#8221;,&#8221;imageSrc&#8221;:&#8221;&#8221;}},{&#8220;timestamp&#8221;:&#8221;2026-08-15T05:52:49.853Z&#8221;,&#8221;timestampUtcIt&#8221;:&#8221;2026-08-15T07:52:49+0200&#8243;,&#8221;altBackground&#8221;:false,&#8221;title&#8221;:&#8221;Iran, capo Pasdaran: abbiamo messo in ginocchio esercito Usa&#8221;,&#8221;content&#8221;:&#8221;<\/p>\n<p>In un messaggio di ringraziamento ai \\&#8221;combattenti islamici per sei mesi di jihad\\&#8221;, come definisce la guerra contro Usa e Israele, il capo dei Guardiani della Rivoluzione, anche noti come Pasdran, ha elogiato le Forze iraniane per essere riuscite a \\&#8221;mettere in \u00a0ginocchio l&#8217;esercito pi\u00f9 armato della storia\\&#8221;.\u00a0<\/p>\n<p>&#8220;,&#8221;postId&#8221;:&#8221;6b6607d6-622c-4def-abbd-6c76ee76c288&#8243;,&#8221;postLink&#8221;:{&#8220;title&#8221;:&#8221;&#8221;,&#8221;url&#8221;:&#8221;&#8221;,&#8221;imageSrc&#8221;:&#8221;&#8221;}},{&#8220;timestamp&#8221;:&#8221;2026-08-15T05:43:34.504Z&#8221;,&#8221;timestampUtcIt&#8221;:&#8221;2026-08-15T07:43:34+0200&#8243;,&#8221;altBackground&#8221;:false,&#8221;title&#8221;:&#8221;Media libanesi: attacco israeliano nel sud del Paese ha ucciso 7 persone&#8221;,&#8221;content&#8221;:&#8221;<\/p>\n<p>I media statali libanesi hanno riferito che un attacco israeliano nel sud del Paese, lanciato questa mattina presto, ha ucciso sette persone, il bilancio pi\u00f9 grave da quando gli accordi di giugno hanno portato a una tregua nelle ostilit\u00e0 tra Israele e Hezbollah. L&#8217;Agenzia Nazionale di Stampa Nna ha affermato che \\&#8221;un attacco lanciato da aerei da guerra nemici contro un&#8217;abitazione\\&#8221; alla periferia del villaggio di Ansar \\&#8221;ha ucciso sette persone e ne ha ferite altre tre\\&#8221; e ha distrutto la casa.\u00a0<\/p>\n<p>&#8220;,&#8221;postId&#8221;:&#8221;bb48683e-bbdc-4e51-b867-567e1d8836c1&#8243;,&#8221;postLink&#8221;:{&#8220;title&#8221;:&#8221;&#8221;,&#8221;url&#8221;:&#8221;&#8221;,&#8221;imageSrc&#8221;:&#8221;&#8221;}},{&#8220;timestamp&#8221;:&#8221;2026-08-15T05:43:00.389Z&#8221;,&#8221;timestampUtcIt&#8221;:&#8221;2026-08-15T07:43:00+0200&#8243;,&#8221;altBackground&#8221;:false,&#8221;title&#8221;:&#8221;Per ricevere le notizie di Sky TG24&#8243;,&#8221;content&#8221;:&#8221;\\n<\/p>\n<ul>\\n  <\/p>\n<li>Il canale Whatsapp di Sky TG24 (<a href=\"\\&quot;https:\/\/whatsapp.com\/channel\/0029VaDyGIp90x2wDXgUnV2j\\&quot;\" data-intcmp-qp=\"\\&quot;skytg24_liveblog_interlink_text\\&quot;\">clicca qui<\/a>)<\/li>\n<p>\\n  <\/p>\n<li>Le notizie audio con i titoli del tg (<a href=\"\\&quot;https:\/\/tg24.sky.it\/cronaca\/approfondimenti\/audio-news-sky-tg24.html\\&quot;\" data-intcmp=\"\\&quot;skytg24_liveblog_interlink_text\\&quot;\">clicca qui<\/a>)<\/li>\n<p>\\n<\/ul>\n<p>&#8220;,&#8221;postId&#8221;:&#8221;4154df8d-09b8-4f8d-b945-4879f269b52f&#8221;,&#8221;postLink&#8221;:{&#8220;title&#8221;:&#8221;&#8221;,&#8221;url&#8221;:&#8221;&#8221;,&#8221;imageSrc&#8221;:&#8221;&#8221;}}]}&#8221; query='{&#8220;configurationName&#8221;:&#8221;LIVEBLOG_CONTAINER_WIDGET&#8221;,&#8221;liveblogId&#8221;:&#8221;f93d5e95-b824-4ddf-b134-9556010f35e3&#8243;,&#8221;tenant&#8221;:&#8221;tg24&#8243;,&#8221;limit&#8221;:800}&#8217; config='{&#8220;live&#8221;:true,&#8221;isWebView&#8221;:false,&#8221;postsPerPageMobile&#8221;:10,&#8221;postsPerPageDesktop&#8221;:10}&#8217;&gt;<\/p>\n<p>I media statali libanesi hanno riferito che un attacco israeliano nel sud del Paese, lanciato questa mattina presto, ha ucciso sette persone, il bilancio pi\u00f9 grave da quando gli accordi di giugno hanno portato a una tregua nelle ostilit\u00e0 tra Israele e Hezbollah. L&#8217;Agenzia Nazionale di Stampa Nna ha affermato che &#8220;un attacco lanciato da aerei da guerra nemici contro un&#8217;abitazione&#8221; alla periferia del villaggio di Ansar &#8220;ha ucciso sette persone e ne ha ferite altre tre&#8221; e ha distrutto la casa.\u00a0<\/p>\n<p>Trump tuona: &#8220;Presto dichiarer\u00f2 Hormuz territorio Usa&#8221;.<\/p>\n<p><strong>Gli approfondimenti:<\/strong><\/p>\n<p><strong>Per ricevere le notizie di Sky TG24:<\/strong><\/p>\n<p>Leggi di pi\u00f9 <\/p>\n<p>meno di un minuto fa<\/p>\n<p>Idf, colpite infrastrutture di Hezbollah nel sud del Libano<\/p>\n<p>L&#8217;esercito israeliano ha confermato di aver condotto una serie di raid aerei nel sud del Libano nel corso della notte. Secondo quanto reso noto dall&#8217;Idf, gli obiettivi colpiti erano infrastrutture di Hezbollah, e l&#8217;operazione sarebbe stata una risposta a un attacco lanciato dal gruppo contro le forze israeliane.<\/p>\n<p>09:46<\/p>\n<p>Ukmto: venerd\u00ec colpita nave nello Stretto di Hormuz, equipaggio al sicuro<\/p>\n<p>Un &#8220;proiettile&#8221; ha colpito venerd\u00ec lo scafo di una nave portarinfuse nello Stretto di Hormuz. E&#8217; quanto riferisce l&#8217;United Kingdom Maritime Trade Operations (Ukmto). &#8220;L&#8217;equipaggio \u00e8 al sicuro. Al momento non \u00e8 stata fornita una valutazione dei danni e non \u00e8 ancora noto l&#8217;eventuale impatto sull&#8217;ambiente&#8221;, ha aggiunto l&#8217;agenzia marittima britannica.<\/p>\n<p>07:52<\/p>\n<p>Iran, capo Pasdaran: abbiamo messo in ginocchio esercito Usa<\/p>\n<p>In un messaggio di ringraziamento ai &#8220;combattenti islamici per sei mesi di jihad&#8221;, come definisce la guerra contro Usa e Israele, il capo dei Guardiani della Rivoluzione, anche noti come Pasdran, ha elogiato le Forze iraniane per essere riuscite a &#8220;mettere in \u00a0ginocchio l&#8217;esercito pi\u00f9 armato della storia&#8221;.\u00a0<\/p>\n<p>07:43<\/p>\n<p>Media libanesi: attacco israeliano nel sud del Paese ha ucciso 7 persone<\/p>\n<p>I media statali libanesi hanno riferito che un attacco israeliano nel sud del Paese, lanciato questa mattina presto, ha ucciso sette persone, il bilancio pi\u00f9 grave da quando gli accordi di giugno hanno portato a una tregua nelle ostilit\u00e0 tra Israele e Hezbollah. L&#8217;Agenzia Nazionale di Stampa Nna ha affermato che &#8220;un attacco lanciato da aerei da guerra nemici contro un&#8217;abitazione&#8221; alla periferia del villaggio di Ansar &#8220;ha ucciso sette persone e ne ha ferite altre tre&#8221; e ha distrutto la casa.\u00a0<\/p>\n<p>07:43<\/p>\n<p>Per ricevere le notizie di Sky TG24<\/p>\n<p>\t            TAG:<\/p>\n","protected":false},"excerpt":{"rendered":"I media statali libanesi hanno riferito che un attacco israeliano nel sud del Paese, lanciato questa mattina presto,&hellip;\n","protected":false},"author":3,"featured_media":633420,"comment_status":"","ping_status":"","sticky":false,"template":"","format":"standard","meta":{"footnotes":"","_share_on_mastodon":"0"},"categories":[160],"tags":[470,14,164,165,206,73,77,764,72,56742,166,7,15,11,167,12,168,410,161,162,163],"class_list":["post-633419","post","type-post","status-publish","format-standard","has-post-thumbnail","category-mondo","tag-benjamin-netanyahu","tag-cronaca","tag-dal-mondo","tag-dalmondo","tag-donald-trump","tag-gaza","tag-guerra","tag-iran","tag-israele","tag-liveblog","tag-mondo","tag-news","tag-notizie","tag-ultime-notizie","tag-ultime-notizie-di-mondo","tag-ultimenotizie","tag-ultimenotiziedimondo","tag-usa","tag-world","tag-world-news","tag-worldnews"],"share_on_mastodon":{"url":"https:\/\/pubeurope.com\/@it\/117098934853931018","error":""},"_links":{"self":[{"href":"https:\/\/www.europesays.com\/it\/wp-json\/wp\/v2\/posts\/633419","targetHints":{"allow":["GET"]}}],"collection":[{"href":"https:\/\/www.europesays.com\/it\/wp-json\/wp\/v2\/posts"}],"about":[{"href":"https:\/\/www.europesays.com\/it\/wp-json\/wp\/v2\/types\/post"}],"author":[{"embeddable":true,"href":"https:\/\/www.europesays.com\/it\/wp-json\/wp\/v2\/users\/3"}],"replies":[{"embeddable":true,"href":"https:\/\/www.europesays.com\/it\/wp-json\/wp\/v2\/comments?post=633419"}],"version-history":[{"count":0,"href":"https:\/\/www.europesays.com\/it\/wp-json\/wp\/v2\/posts\/633419\/revisions"}],"wp:featuredmedia":[{"embeddable":true,"href":"https:\/\/www.europesays.com\/it\/wp-json\/wp\/v2\/media\/633420"}],"wp:attachment":[{"href":"https:\/\/www.europesays.com\/it\/wp-json\/wp\/v2\/media?parent=633419"}],"wp:term":[{"taxonomy":"category","embeddable":true,"href":"https:\/\/www.europesays.com\/it\/wp-json\/wp\/v2\/categories?post=633419"},{"taxonomy":"post_tag","embeddable":true,"href":"https:\/\/www.europesays.com\/it\/wp-json\/wp\/v2\/tags?post=633419"}],"curies":[{"name":"wp","href":"https:\/\/api.w.org\/{rel}","templated":true}]}}