{"id":633427,"date":"2026-08-15T10:08:17","date_gmt":"2026-08-15T10:08:17","guid":{"rendered":"https:\/\/www.europesays.com\/it\/633427\/"},"modified":"2026-08-15T10:08:17","modified_gmt":"2026-08-15T10:08:17","slug":"arctic-race-of-norway-una-giornata-alle-spalle-dei-fuggitivi-video","status":"publish","type":"post","link":"https:\/\/www.europesays.com\/it\/633427\/","title":{"rendered":"ARCTIC RACE OF NORWAY, UNA GIORNATA ALLE SPALLE DEI FUGGITIVI. VIDEO"},"content":{"rendered":"<p>            <a class=\"category\" href=\"https:\/\/www.tuttobiciweb.it\/articles\/category\/PROFESSIONISTI\" itemprop=\"about\" rel=\"nofollow noopener\" target=\"_blank\">PROFESSIONISTI<\/a> | 15\/08\/2026 | 08:45<br \/>\n            <a class=\"author\" href=\"https:\/\/www.tuttobiciweb.it\/articles\/author\/Federico%20Guido\" rel=\"nofollow noopener\" target=\"_blank\">di Federico Guido<\/a><\/p>\n<p class=\"MsoNormal\" style=\"text-align: justify;\"><b>Victor Vercouille (Flanders-Baloise), Ludvik Holstad (Team Ringerike), Joseba Lopez (Caja Rural), Simen Evertsen-Hegreberg (Lucky Sport Cycling Team) <\/b>e<b> Herman Emil Eriksen (Lillehammer CK)<\/b> sono i nomi degli attaccanti che hanno animato la fuga di giornata nel corso della 2\u00aa tappa dell\u2019Arctic Race of Norway, una frazione che ha visto Tuttobici seguire da vicino le gesta dei battistrada da una prospettiva privilegiata e molto interessante.\n            <\/p>\n<p class=\"MsoNormal\" style=\"text-align: justify;\">Per la quasi totalit\u00e0 dei 180 chilometri della B\u00f8 i Vester\u00e5len-Andenes abbiamo seguito infatti la corsa dalla macchina al seguito dei battistrada guidata dall\u2019ex pro\u2019 <b>Lars Michaelsen<\/b> (molti lo ricorderanno in maglia Fran\u00e7aise des Jeux e CSC nei primi anni duemila) che, a poche centinaia di metri dal tentativo che a lungo ha caratterizzato la frazione, ci ha permesso di notare particolari e dettagli che spesso in tv non vengono colti o sui quali non ci si sofferma lungamente.<\/p>\n<p class=\"MsoNormal\" style=\"text-align: justify;\">Dalle indicazioni della moto di ripresa, agli sguardi e alle parole scambiati tra gli uomini in testa, dagli interventi dell\u2019ammiraglia neutra fino al passaggio per le zone rifornimento, alle spalle degli atleti la corsa ogni cosa \u00e8 apparsa sotto una luce molto pi\u00f9 intrigante e suggestiva che ha finito per rendere tutta l\u2019esperienza molto pi\u00f9 arricchente e stimolante di quanto, forse, non sia stata in televisione.<\/p>\n<p class=\"MsoNormal\" style=\"text-align: justify;\">Photo credit:\u00a0ARN\/Thomas Maheux<\/p>\n<blockquote class=\"instagram-media\" data-instgrm-permalink=\"https:\/\/www.instagram.com\/reel\/DcDNAL4hm58\/?utm_source=ig_embed&amp;utm_campaign=loading\" data-instgrm-version=\"14\" style=\"background: #FFF; border: 0; border-radius: 3px; box-shadow: 0 0 1px 0 rgba(0,0,0,0.5),0 1px 10px 0 rgba(0,0,0,0.15); margin: 1px; max-width: 540px; min-width: 326px; padding: 0; width: calc(100% - 2px);\">\n<\/blockquote>\n<p>\n    <a href=\"https:\/\/www.tuttobiciweb.it\/article\/2026\/08\/15\/1786777280\/arctic-race-of-norway-2026-breakaway-video?lang=en\" rel=\"nofollow noopener\" target=\"_blank\"><img decoding=\"async\" src=\"https:\/\/www.europesays.com\/it\/wp-content\/uploads\/2025\/12\/enver.png\"\/><\/a><\/p>\n<p>Copyright &amp;copy TBW<\/p>\n<p>          <script async src=\"\/\/www.instagram.com\/embed.js\"><\/script><\/p>\n","protected":false},"excerpt":{"rendered":"PROFESSIONISTI | 15\/08\/2026 | 08:45 di Federico Guido Victor Vercouille (Flanders-Baloise), Ludvik Holstad (Team Ringerike), Joseba Lopez (Caja&hellip;\n","protected":false},"author":3,"featured_media":633428,"comment_status":"","ping_status":"","sticky":false,"template":"","format":"standard","meta":{"footnotes":"","_share_on_mastodon":"0"},"categories":[1456],"tags":[172679,1824,1825,2242,1537,90,89,245,244,2392],"class_list":["post-633427","post","type-post","status-publish","format-standard","has-post-thumbnail","category-ciclismo","tag-arctic-race-of-norway-2026","tag-ciclismo","tag-cycling","tag-fuga","tag-it","tag-italia","tag-italy","tag-sport","tag-sports","tag-video"],"share_on_mastodon":{"url":"https:\/\/pubeurope.com\/@it\/117098978591079884","error":""},"_links":{"self":[{"href":"https:\/\/www.europesays.com\/it\/wp-json\/wp\/v2\/posts\/633427","targetHints":{"allow":["GET"]}}],"collection":[{"href":"https:\/\/www.europesays.com\/it\/wp-json\/wp\/v2\/posts"}],"about":[{"href":"https:\/\/www.europesays.com\/it\/wp-json\/wp\/v2\/types\/post"}],"author":[{"embeddable":true,"href":"https:\/\/www.europesays.com\/it\/wp-json\/wp\/v2\/users\/3"}],"replies":[{"embeddable":true,"href":"https:\/\/www.europesays.com\/it\/wp-json\/wp\/v2\/comments?post=633427"}],"version-history":[{"count":0,"href":"https:\/\/www.europesays.com\/it\/wp-json\/wp\/v2\/posts\/633427\/revisions"}],"wp:featuredmedia":[{"embeddable":true,"href":"https:\/\/www.europesays.com\/it\/wp-json\/wp\/v2\/media\/633428"}],"wp:attachment":[{"href":"https:\/\/www.europesays.com\/it\/wp-json\/wp\/v2\/media?parent=633427"}],"wp:term":[{"taxonomy":"category","embeddable":true,"href":"https:\/\/www.europesays.com\/it\/wp-json\/wp\/v2\/categories?post=633427"},{"taxonomy":"post_tag","embeddable":true,"href":"https:\/\/www.europesays.com\/it\/wp-json\/wp\/v2\/tags?post=633427"}],"curies":[{"name":"wp","href":"https:\/\/api.w.org\/{rel}","templated":true}]}}