{"id":633454,"date":"2026-08-15T10:26:12","date_gmt":"2026-08-15T10:26:12","guid":{"rendered":"https:\/\/www.europesays.com\/it\/633454\/"},"modified":"2026-08-15T10:26:12","modified_gmt":"2026-08-15T10:26:12","slug":"europei-di-atletica-live-risultati-e-medaglie-di-oggi-15-agosto","status":"publish","type":"post","link":"https:\/\/www.europesays.com\/it\/633454\/","title":{"rendered":"Europei di atletica LIVE, risultati e medaglie di oggi &#8211; 15 agosto"},"content":{"rendered":"<p>                massimo stano, oro, acciacchi e one piece\u2014 \u00a0<\/p>\n<p class=\"paragraph\"><b>Sull&#8217;oro europeo e la voglia di completare la collezione:<\/b> &#8220;Sono stracontento perch\u00e9 io solitamente all&#8217;Europeo non riesco ad attivarmi e a gasarmi come nelle manifestazioni mondiali. Per\u00f2 questo Europeo era diverso per me, anche perch\u00e9 Roma mi \u00e8 rimasta qui. Sono venuto a Birmingham con l&#8217;idea di voler collezionare il terzo oro che mi mancava, chiudere questa collezione e segnare il mio nome accanto a Cova e Tamberi, tra gli italiani che hanno vinto tutto negli eventi estivi&#8221;.  <b>Sugli acciacchi e sul lavoro del suo staff<\/b>: \u00abInizia ad arrivare una certa et\u00e0 e gli acciacchi non mancano. Per fortuna ho due fisioterapisti che sono degli angeli, perch\u00e9 io sono un rompipalle incredibile, questa \u00e8 la verit\u00e0. E un grandissimo allenatore&#8221;.\u00a0 <b>Sul percorso e sull&#8217;importanza dell&#8217;esperienza: <\/b>&#8220;Gli acciacchi non mancano, per\u00f2 c&#8217;\u00e8 l&#8217;esperienza. A una certa et\u00e0, in un percorso come questo, l&#8217;esperienza era fondamentale. \u00c8 stato veramente duro, infatti non so come facciano ad autorizzare certi percorsi. Per\u00f2 oggi non mi poteva fermare nulla e nessuno, perch\u00e9 ero davvero focalizzato su questo obiettivo. Sono riuscito a centrarlo e sono veramente contento&#8221;.\u00a0<b>Sulla festa preparata prima della gara e il cappello di One Piece<\/b>: \u00abIo non sapevo nulla dello striscione che hanno portato i miei amici. L&#8217;unico gesto che ho fatto \u00e8 stato prepararmi il cappello di One Piece, perch\u00e9 ogni volta, per scaramanzia, non l&#8217;ho mai voluto portare. Questa volta ho detto: \u201cNo, niente mi deve fermare, lo voglio portare, voglio festeggiare con il mio capitano questo grandissimo traguardo\u201d. Sono stracontento, strafelice e strastanco&#8221;.<\/p>\n","protected":false},"excerpt":{"rendered":"massimo stano, oro, acciacchi e one piece\u2014 \u00a0 Sull&#8217;oro europeo e la voglia di completare la collezione: &#8220;Sono&hellip;\n","protected":false},"author":3,"featured_media":633455,"comment_status":"","ping_status":"","sticky":false,"template":"","format":"standard","meta":{"footnotes":"","_share_on_mastodon":"0"},"categories":[6],"tags":[5314,1500,14,5631,1727,346813,1837,8,1537,90,89,7,15,82,9,83,10,13,11,80,84,12,81,85],"class_list":["post-633454","post","type-post","status-publish","format-standard","has-post-thumbnail","category-ultime-notizie","tag-atletica","tag-canali","tag-cronaca","tag-diretta","tag-europei","tag-europei-atletica","tag-gare","tag-headlines","tag-it","tag-italia","tag-italy","tag-news","tag-notizie","tag-notizie-di-cronaca","tag-notizie-principali","tag-notiziedicronaca","tag-notizieprincipali","tag-titoli","tag-ultime-notizie","tag-ultime-notizie-di-cronaca","tag-ultime-notizie-e-news-di-oggi","tag-ultimenotizie","tag-ultimenotiziedicronaca","tag-ultimenotizieenewsdioggi"],"share_on_mastodon":{"url":"https:\/\/pubeurope.com\/@it\/117099048987600221","error":""},"_links":{"self":[{"href":"https:\/\/www.europesays.com\/it\/wp-json\/wp\/v2\/posts\/633454","targetHints":{"allow":["GET"]}}],"collection":[{"href":"https:\/\/www.europesays.com\/it\/wp-json\/wp\/v2\/posts"}],"about":[{"href":"https:\/\/www.europesays.com\/it\/wp-json\/wp\/v2\/types\/post"}],"author":[{"embeddable":true,"href":"https:\/\/www.europesays.com\/it\/wp-json\/wp\/v2\/users\/3"}],"replies":[{"embeddable":true,"href":"https:\/\/www.europesays.com\/it\/wp-json\/wp\/v2\/comments?post=633454"}],"version-history":[{"count":0,"href":"https:\/\/www.europesays.com\/it\/wp-json\/wp\/v2\/posts\/633454\/revisions"}],"wp:featuredmedia":[{"embeddable":true,"href":"https:\/\/www.europesays.com\/it\/wp-json\/wp\/v2\/media\/633455"}],"wp:attachment":[{"href":"https:\/\/www.europesays.com\/it\/wp-json\/wp\/v2\/media?parent=633454"}],"wp:term":[{"taxonomy":"category","embeddable":true,"href":"https:\/\/www.europesays.com\/it\/wp-json\/wp\/v2\/categories?post=633454"},{"taxonomy":"post_tag","embeddable":true,"href":"https:\/\/www.europesays.com\/it\/wp-json\/wp\/v2\/tags?post=633454"}],"curies":[{"name":"wp","href":"https:\/\/api.w.org\/{rel}","templated":true}]}}