{"id":633730,"date":"2026-08-15T14:44:10","date_gmt":"2026-08-15T14:44:10","guid":{"rendered":"https:\/\/www.europesays.com\/it\/633730\/"},"modified":"2026-08-15T14:44:10","modified_gmt":"2026-08-15T14:44:10","slug":"paola-gribaudo-nel-quadro-di-mio-papa-ezio-il-grande-omaggio-a-berruti","status":"publish","type":"post","link":"https:\/\/www.europesays.com\/it\/633730\/","title":{"rendered":"Paola Gribaudo: \u201cNel quadro di mio pap\u00e0 Ezio il grande omaggio a Berruti\u201d"},"content":{"rendered":"<p>\u00abLivio Berruti era un amico di mio padre, si incontravano spesso in occasione di competizioni sportive. Una volta venne qui in studio e mio padre decise di dipingere in suo onore\u00bb. <strong>Paola Gribaudo, edtrice e figlia del celebre artista torinese Ezio<\/strong>, da quello che fu lo studio (e ora archivio) del padre, sulla precollina, in Gran Madre, racconta l\u2019opera dedicata al velocista oro nei 200 metri alle Olimpiadi di Roma 1960, <a href=\"https:\/\/www.lastampa.it\/torino\/2026\/08\/10\/news\/torino_ricorso_livio_berruti-15711501\/\" rel=\"nofollow noopener\" target=\"_blank\">morto il 9 agosto<\/a>.<\/p>\n<p><strong>Cosa rappresenta l\u2019opera realizzata da suo padre?<\/strong><br \/>\u00ab\u00c8 un omaggio al corridore, dipinto nel 2010. Nel quadro le ombre dell\u2019uomo che corre si sdoppiano, ma tutte raffigurano Berruti in movimento. Sicuramente vuole rappresentare quella finale di Roma, per fissare nel tempo la vittoria. Mio padre era affascinato dal movimento. Lo testimonia anche il cavallo che compare davanti al velocista. Proprio il cavallo \u00e8 stato un protagonista di tante sue opere, sin dagli Anni 50. Per lui rappresentava la leggerezza del galoppo al vento. Mio padre era uno spirito libero. Ma quel cavallo rappresenta anche la velocit\u00e0 di Berruti, che ha fatto sognare l\u2019Italia e Torino vincendo le Olimpiadi\u00bb.<\/p>\n<p><strong>E la tartaruga, invece?<\/strong><br \/>\u00abLa tartaruga che compare in basso a sinistra \u00e8 un collage, fatto di iuta e incollato sulla tela. Corre al contrario rispetto a Berruti: \u00e8 l\u2019antitesi della velocit\u00e0. \u00c8 l\u00ec come a dire: \u201cIo sono lenta\u201d. \u00c8 un elemento che controbilancia la scena, un soggetto particolare e diverso. Senza la tartaruga, l\u2019opera sarebbe forse rimasta troppo classica, accademica\u00bb.<\/p>\n<p><strong>Che rapporto aveva suo padre con Berruti?<\/strong><br \/>\u00abErano amici, credo si conoscessero da molti anni. Non posso dire che si frequentassero, ma spesso si incontravano. Era un rapporto cordiale. Per lui realizz\u00f2 quest\u2019opera perch\u00e9 era solito omaggiare personalit\u00e0 storiche: dai papi, agli artisti e agli atleti. Era un modo per fissare sulla tela i momenti storici che lo colpivano\u00bb.<\/p>\n<p><strong>E con lo sport?<\/strong><br \/>\u00abAveva un rapporto profondo. Nel 1970 realizz\u00f2 le medaglie per le Universiadi, esposte anche recentemente all\u2019Archivio di Stato. Era molto appassionato di calcio ed era gran tifoso del Torino. Ammirava e seguiva molto anche il ciclismo, le grandi imprese di Fausto Coppi e Gino Bartali. Seguiva poi spesso l\u2019atletica, ci\u00f2 che lo attraeva era il fatto che gli atleti dovessero superare un limite, arrivare a un record e polverizzarlo. Facendo tutto da soli, proprio come nel 1960 aveva fatto Livio Berruti\u00bb.<\/p>\n<p><strong>Pensate di esporre il quadro al pubblico?<\/strong><br \/>\u00abQuest\u2019opera recentemente ha fatto parte di due mostre molto importanti. La prima volta nel 2024, \u00e8 stata presentata all\u2019Istituto italiano di cultura di Parigi, in occasione dei Giochi olimpici. In seguito, al museo Mart di Rovereto, nel contesto della mostra \u201cLe sfide del corpo\u201d, questa volta per le recenti Olimpiadi invernali di Milano-Cortina. All\u2019inaugurazione dell\u2019impianto per l\u2019atletica al parco Ruffini che verr\u00e0 intitolato a Livio Berruti, io e la mia famiglia saremmo molto contenti di presentarla nuovamente. Cos\u00ec come in qualsiasi altra occasione in cui si celebri il campione. In ogni caso, l\u2019opera \u00e8 sempre visibile qui nell\u2019Archivio di Ezio Gribaudo. In pi\u00f9, potremmo anche decidere di produrne una tiratura di stampe limitata, come faceva mio padre per le opere a lui pi\u00f9 care\u00bb.<\/p>\n","protected":false},"excerpt":{"rendered":"\u00abLivio Berruti era un amico di mio padre, si incontravano spesso in occasione di competizioni sportive. Una volta&hellip;\n","protected":false},"author":3,"featured_media":633731,"comment_status":"","ping_status":"","sticky":false,"template":"","format":"standard","meta":{"footnotes":"","_share_on_mastodon":"0"},"categories":[1446],"tags":[1615,1613,1614,1611,1610,1612,203,6272,204,1537,90,89],"class_list":["post-633730","post","type-post","status-publish","format-standard","has-post-thumbnail","category-arte-e-design","tag-arte","tag-arte-e-design","tag-arteedesign","tag-arts","tag-arts-and-design","tag-design","tag-entertainment","tag-interviste","tag-intrattenimento","tag-it","tag-italia","tag-italy"],"share_on_mastodon":{"url":"https:\/\/pubeurope.com\/@it\/117100063406505681","error":""},"_links":{"self":[{"href":"https:\/\/www.europesays.com\/it\/wp-json\/wp\/v2\/posts\/633730","targetHints":{"allow":["GET"]}}],"collection":[{"href":"https:\/\/www.europesays.com\/it\/wp-json\/wp\/v2\/posts"}],"about":[{"href":"https:\/\/www.europesays.com\/it\/wp-json\/wp\/v2\/types\/post"}],"author":[{"embeddable":true,"href":"https:\/\/www.europesays.com\/it\/wp-json\/wp\/v2\/users\/3"}],"replies":[{"embeddable":true,"href":"https:\/\/www.europesays.com\/it\/wp-json\/wp\/v2\/comments?post=633730"}],"version-history":[{"count":0,"href":"https:\/\/www.europesays.com\/it\/wp-json\/wp\/v2\/posts\/633730\/revisions"}],"wp:featuredmedia":[{"embeddable":true,"href":"https:\/\/www.europesays.com\/it\/wp-json\/wp\/v2\/media\/633731"}],"wp:attachment":[{"href":"https:\/\/www.europesays.com\/it\/wp-json\/wp\/v2\/media?parent=633730"}],"wp:term":[{"taxonomy":"category","embeddable":true,"href":"https:\/\/www.europesays.com\/it\/wp-json\/wp\/v2\/categories?post=633730"},{"taxonomy":"post_tag","embeddable":true,"href":"https:\/\/www.europesays.com\/it\/wp-json\/wp\/v2\/tags?post=633730"}],"curies":[{"name":"wp","href":"https:\/\/api.w.org\/{rel}","templated":true}]}}