{"id":633761,"date":"2026-08-15T15:15:14","date_gmt":"2026-08-15T15:15:14","guid":{"rendered":"https:\/\/www.europesays.com\/it\/633761\/"},"modified":"2026-08-15T15:15:14","modified_gmt":"2026-08-15T15:15:14","slug":"concerti-di-ferragosto-2026-chi-canta-oggi-15-agosto-da-annalisa-a-sal-da-vinci","status":"publish","type":"post","link":"https:\/\/www.europesays.com\/it\/633761\/","title":{"rendered":"Concerti di Ferragosto 2026, chi canta oggi 15 agosto: da Annalisa a Sal Da Vinci"},"content":{"rendered":"<p>Il Ferragosto 2026 si canta pi\u00f9 che si mangia. <b>Annalisa<\/b> chiude il Red Valley Festival a Olbia, <b>Sal Da Vinci<\/b> porta il Sanremo appena vinto in una piazza pugliese, i <b>Litfiba<\/b> festeggiano i quarant\u2019anni di 17 Re su una spiaggia romagnola. E siamo solo all\u2019inizio dell\u2019elenco.<\/p>\n<p>Da Sanremo alla Sicilia, il calendario del 15 agosto tiene insieme pop, rap, rock e cantautorato, con parecchi concerti a ingresso libero. Utile saperlo, se la grigliata di famiglia non vi entusiasma.\n<\/p>\n<p><b>Annalisa, Sfera Ebbasta ed Ernia: il Red Valley chiude a Olbia<\/b><\/p>\n<p>L\u2019appuntamento pi\u00f9 grosso della giornata \u00e8 la serata conclusiva del Red Valley Festival, all\u2019Olbia Arena. Sul palco salgono <a href=\"https:\/\/dilei.it\/star-e-vip\/sfera-ebbasta\/\" rel=\"nofollow noopener\" target=\"_blank\"><b>Sfera Ebbasta<\/b><\/a>, Annalisa ed <b>Ernia<\/b>, affiancati da <b>Sayf<\/b>, <b>Samurai Jay<\/b>, Damianito, Low-Red, Ludwig e Rrari dal Tacco. Il biglietto giornaliero costa 52 euro.<\/p>\n<p>Una maratona tra pop, rap e urban che chiude l\u2019undicesima edizione della manifestazione sarda. Curiosit\u00e0 da tenere d\u2019occhio: Sayf \u00e8 arrivato secondo al Festival di Sanremo 2026 con Tu mi piaci tanto, subito dietro all\u2019artista che stasera canta a quasi mille chilometri di distanza.<\/p>\n<p><b>Sal Da Vinci a Lucera, il Ferragosto del vincitore di Sanremo<\/b><\/p>\n<p>Perch\u00e9 \u00e8 proprio <a href=\"https:\/\/dilei.it\/star-e-vip\/sal-da-vinci\/\" rel=\"nofollow noopener\" target=\"_blank\"><strong>Sal Da Vinci<\/strong><\/a> il nome forte della serata a Lucera, in provincia di Foggia. Il cantante napoletano, che a marzo ha vinto la settantaseiesima edizione del Festival di Sanremo con Per sempre s\u00ec, si esibisce gratuitamente nell\u2019ambito del Lucera Music Lights Festival, all\u2019interno dei festeggiamenti per Santa Maria Patrona. Inizio annunciato per le 21.<\/p>\n<p>Per lui \u00e8 un ritorno: l\u2019ultima volta in citt\u00e0 risaliva al 1999. In scaletta i brani pi\u00f9 recenti e, con ogni probabilit\u00e0, quella <strong>Rossetto e caff\u00e8 <\/strong>che nel 2024 lo ha riportato al grande pubblico dopo trent\u2019anni di carriera tra musica, teatro e televisione.<\/p>\n<p><b>Litfiba e Alfa, la riviera romagnola raddoppia<\/b><\/p>\n<p>Chi preferisce le chitarre trova i <strong>Litfiba<\/strong> al Beky Bay di Bellaria-Igea Marina, protagonisti del Rock Beach Festival con il tour che celebra i quarant\u2019anni di 17 Re, disco del 1986 tra i pi\u00f9 citati quando si parla di new wave italiana. Biglietti a 57,50 euro.<\/p>\n<p>Poco pi\u00f9 a sud, allo Stadio comunale Alfiero Moretti di Cesenatico, tocca ad <b>Alfa<\/b>. Il concerto \u00e8 fissato alle 21 ed \u00e8 l\u2019unica data del suo tour sulla riviera romagnola, con biglietti a 46 euro.<\/p>\n<p><b>Clara e Vegas Jones a Sanremo, sul palco di Pian di Nave<\/b><\/p>\n<p>A Sanremo il Ferragosto \u00e8 gratuito e parla ai ventenni. Sul palco di piazzale Pian di Nave, per il penultimo appuntamento della seconda edizione del One Night Summer Hits, ci sono <a href=\"https:\/\/dilei.it\/star-e-vip\/clara\/\" rel=\"nofollow noopener\" target=\"_blank\"><b>Clara<\/b><\/a> e <b>Vegas Jones<\/b>. Si comincia alle 20.30 con DJ Semex e Sara Naldi, poi la serata prosegue con i due nomi di punta.<\/p>\n<p>Clara, <strong>vincitrice di Sanremo Giovani nel 2023<\/strong> e poi in gara all\u2019Ariston nel 2024 e nel 2025, \u00e8 una delle voci pi\u00f9 riconoscibili del nuovo pop italiano. Vegas Jones, all\u2019anagrafe Matteo Privitera, arriva invece dalla scena rap milanese.<\/p>\n<p><b>Raf a Foggia, Francesco Renga in Sicilia<\/b><\/p>\n<p>In piazza Cavour a Foggia canta <b>Raf<\/b>, <strong>gratis<\/strong>, dalle 21: il concerto fa parte di Infinito 2026, il tour che ripercorre oltre quarant\u2019anni di carriera, da Self Control a Cosa rester\u00e0 degli anni \u201980, passando per Ti pretendo e Il battito animale.<\/p>\n<p><b>Francesco Renga<\/b> \u00e8 invece a Gioiosa Marea, in provincia di Messina, per il tradizionale Ferragosto Gioiosano. Concerto gratuito alle 21, con i successi che vanno dagli anni con i Timoria fino alla vittoria sanremese di Angelo.<\/p>\n<p><b>Irene Grandi, Tony Effe e tutti gli altri<\/b><\/p>\n<p><b>Irene Grandi<\/b> si esibisce al Teatro del Mare di Montesilvano, in provincia di Pescara. <b>Tony Effe<\/b> \u00e8 a Lignano Pineta, in provincia di Udine. <b>Franco Ricciardi<\/b> canta alle 22 a Pontecorvo, in provincia di Frosinone, in piazza Alcide De Gasperi-Belvedere.<\/p>\n<p>Per il resto: le <b>Bambole di Pezza<\/b> portano il loro punk rock in piazza Nuova a Castelsardo, gratis, dalle 21. <b>Fabrizio Bosso<\/b> suona alle 21.30 in piazza del Popolo a Berchidda per Time in Jazz, con biglietto a 20 euro. <b>Giovanni Caccamo<\/b> \u00e8 a Locorotondo, in provincia di Bari, <b>Il Pagante<\/b> a Villa delle Rose di Misano Monte, <b>Alexia<\/b> all\u2019Ippodromo di Arzachena con ingresso libero.<\/p>\n<p>E per chi il Ferragosto lo comincia prima dell\u2019alba: <b>Cosmo<\/b> suona alle 6 del mattino al Parco archeologico di Santa Maria di Agnano, a Ostuni, per il Locus Festival. Sveglia molto presto, o notte molto lunga.<\/p>\n<p>\t\t\t\tScopri i personaggi in trend, le storie del momento e molto altro.<br \/>Dove? Sul <a href=\"https:\/\/whatsapp.com\/channel\/0029Vb68mVyHVvTWezDm7d0R\" target=\"_blank\" rel=\"noopener nofollow\">canale WhatsApp di DiLei!<\/a><\/p>\n<p>\t\t\t<a class=\"buttonCall\" href=\"https:\/\/whatsapp.com\/channel\/0029Vb68mVyHVvTWezDm7d0R\" target=\"_blank\" rel=\"noopener nofollow\" title=\"Seguici su WhatsApp\"><br \/>\n\t\t\t\tSeguici su WhatsApp<br \/>\n\t\t\t<\/a><\/p>\n","protected":false},"excerpt":{"rendered":"Il Ferragosto 2026 si canta pi\u00f9 che si mangia. Annalisa chiude il Red Valley Festival a Olbia, Sal&hellip;\n","protected":false},"author":3,"featured_media":633762,"comment_status":"","ping_status":"","sticky":false,"template":"","format":"standard","meta":{"footnotes":"","_share_on_mastodon":"0"},"categories":[1443],"tags":[15587,203,204,1537,90,89,1538,1539,60568,214],"class_list":["post-633761","post","type-post","status-publish","format-standard","has-post-thumbnail","category-musica","tag-annalisa-scarrone","tag-entertainment","tag-intrattenimento","tag-it","tag-italia","tag-italy","tag-music","tag-musica","tag-sal-da-vinci","tag-spettacolo"],"share_on_mastodon":{"url":"https:\/\/pubeurope.com\/@it\/117100185436387797","error":""},"_links":{"self":[{"href":"https:\/\/www.europesays.com\/it\/wp-json\/wp\/v2\/posts\/633761","targetHints":{"allow":["GET"]}}],"collection":[{"href":"https:\/\/www.europesays.com\/it\/wp-json\/wp\/v2\/posts"}],"about":[{"href":"https:\/\/www.europesays.com\/it\/wp-json\/wp\/v2\/types\/post"}],"author":[{"embeddable":true,"href":"https:\/\/www.europesays.com\/it\/wp-json\/wp\/v2\/users\/3"}],"replies":[{"embeddable":true,"href":"https:\/\/www.europesays.com\/it\/wp-json\/wp\/v2\/comments?post=633761"}],"version-history":[{"count":0,"href":"https:\/\/www.europesays.com\/it\/wp-json\/wp\/v2\/posts\/633761\/revisions"}],"wp:featuredmedia":[{"embeddable":true,"href":"https:\/\/www.europesays.com\/it\/wp-json\/wp\/v2\/media\/633762"}],"wp:attachment":[{"href":"https:\/\/www.europesays.com\/it\/wp-json\/wp\/v2\/media?parent=633761"}],"wp:term":[{"taxonomy":"category","embeddable":true,"href":"https:\/\/www.europesays.com\/it\/wp-json\/wp\/v2\/categories?post=633761"},{"taxonomy":"post_tag","embeddable":true,"href":"https:\/\/www.europesays.com\/it\/wp-json\/wp\/v2\/tags?post=633761"}],"curies":[{"name":"wp","href":"https:\/\/api.w.org\/{rel}","templated":true}]}}