{"id":634004,"date":"2026-08-15T19:24:21","date_gmt":"2026-08-15T19:24:21","guid":{"rendered":"https:\/\/www.europesays.com\/it\/634004\/"},"modified":"2026-08-15T19:24:21","modified_gmt":"2026-08-15T19:24:21","slug":"i-pantaloni-dellestate-2026-sono-gli-shorts-gialli-di-elena-barolso","status":"publish","type":"post","link":"https:\/\/www.europesays.com\/it\/634004\/","title":{"rendered":"I pantaloni dell&#8217;Estate 2026 sono gli shorts gialli di Elena Barolso"},"content":{"rendered":"<p data-journey-content=\"true\" data-node-id=\"3\" class=\"css-1ood0zq emevuu60\">I<strong data-node-id=\"3.1\"> <a href=\"https:\/\/www.elle.com\/it\/moda\/street-style\/g73238902\/colori-per-esaltare-abbronzatura-look-tren-estate-2026\/\" target=\"_blank\" data-vars-ga-outbound-link=\"https:\/\/www.elle.com\/it\/moda\/street-style\/g73238902\/colori-per-esaltare-abbronzatura-look-tren-estate-2026\/\" data-vars-ga-ux-element=\"Hyperlink\" data-vars-ga-call-to-action=\"colori\" data-node-id=\"3.1.1\" class=\"body-link css-ohbdae emevuu60\" rel=\"nofollow noopener\">colori<\/a><\/strong> sono finalmente tornati <strong data-node-id=\"3.3\">protagonisti del guardaroba<\/strong>, e quale stagione migliore dell\u2019estate per lasciarsi alle spalle le palette pi\u00f9 neutre e osare un po\u2019 di pi\u00f9? \u00c8 il momento di mettere in pausa il nero, il beige e il marrone, per lasciare spazio a tonalit\u00e0 pi\u00f9 audaci, intense e sbarazzine. Non serve per\u00f2 trasformare ogni look in un\u2019<strong data-node-id=\"3.5\">esplosione di colore<\/strong>: a volte basta un solo capo dalla nuance decisa per cambiare completamente l\u2019aspetto di un outfit, renderlo pi\u00f9 luminoso e dargli quell\u2019allure spensierata che associamo proprio alla bella stagione.<\/p>\n<p data-journey-content=\"true\" data-node-id=\"7\" class=\"css-1ood0zq emevuu60\"><a href=\"https:\/\/iscriviti-elle.hearst.it\/registrazione\/?utm_source=sito&amp;utm_medium=articoli&amp;utm_campaign=nl_beauty\" target=\"_blank\" data-vars-ga-ux-element=\"Hyperlink\" data-mrf-link=\"https:\/\/iscriviti-elle.hearst.it\/registrazione\/?utm_source=sito&amp;utm_medium=articoli&amp;utm_campaign=nl_beauty\" data-node-id=\"7.0.0.0.0\" data-vars-ga-outbound-link=\"https:\/\/iscriviti-elle.hearst.it\/registrazione\/?utm_source=sito&amp;utm_medium=articoli&amp;utm_campaign=nl_beauty\" data-vars-ga-call-to-action=\"***Il meglio della settimana di moda e beauty. Iscriviti alla newsletter di Elle pensata per raccontarti trend, prodotti e insider tips.***\" class=\"body-link css-ohbdae emevuu60\" rel=\"nofollow noopener\">Il meglio della settimana di moda e beauty. Iscriviti alla newsletter di Elle pensata per raccontarti trend, prodotti e insider tips.<\/a><\/p>\n<p data-journey-content=\"true\" data-node-id=\"12\" class=\"css-1ood0zq emevuu60\">Tra i colori che pi\u00f9 di tutti raccontano l\u2019estate c\u2019\u00e8 il <strong data-node-id=\"12.1\">giallo limone<\/strong>, energico e capace di dare carattere anche al look pi\u00f9 semplice. Anche la showgirl <strong data-node-id=\"12.3\"><a href=\"https:\/\/www.elle.com\/it\/showbiz\/gossip\/a65112063\/antonino-spinalbese-fidanzata-elena-barolo-alessandro-martorana-belen-rodriguez-gossip-news\/\" target=\"_blank\" data-vars-ga-outbound-link=\"https:\/\/www.elle.com\/it\/showbiz\/gossip\/a65112063\/antonino-spinalbese-fidanzata-elena-barolo-alessandro-martorana-belen-rodriguez-gossip-news\/\" data-vars-ga-ux-element=\"Hyperlink\" data-vars-ga-call-to-action=\"Elena Barolo\" data-node-id=\"12.3.0\" class=\"body-link css-ohbdae emevuu60\" rel=\"nofollow noopener\">Elena Barolo<\/a><\/strong> sceglie questa nuance per un paio di<strong data-node-id=\"12.5\"> shorts a vita alta con bottoni decorativi<\/strong>, ricordandoci quanto possa essere perfetta per la bella stagione, non solo perch\u00e9 \u00e8 una delle tonalit\u00e0 che meglio <strong data-node-id=\"12.7\">valorizzano la pelle abbronzata<\/strong>, ma anche perch\u00e9 porta con s\u00e9 quella sensazione di vacanza che cerchiamo nei mesi pi\u00f9 caldi. \u00c8 il <strong data-node-id=\"12.9\">colore ideale per un weekend in Costiera o in Riviera,<\/strong> quando vogliamo sentirci finalmente in modalit\u00e0 &#8220;ferie&#8221; e lasciarci alle spalle, almeno per qualche giorno, la routine della citt\u00e0.<br data-node-id=\"12.11\"\/><\/p>\n<p>Come indossare gli shorts gialli di Elena Barolo per i look dell&#8217;Estate 2026?<\/p>\n<p data-journey-content=\"true\" data-node-id=\"23\" class=\"css-1ood0zq emevuu60\">Giocosi, luminosi e alla portata di tutte, gli<strong data-node-id=\"23.1\"> shorts gialli<\/strong> sono uno di quei capi capaci di portare il guardaroba nella dimensione vacanziera. In vacanza, per esempio, si possono abbinare a una camicia bianca oversize lasciata morbida sui fianchi, sandali flat e una borsa in rafia, per un look da passeggiata sul lungomare; oppure a un top crochet o una canotta color burro, completando l\u2019insieme con infradito minimal e gioielli dorati. Per chi resta in citt\u00e0, invece, gli shorts possono diventare il punto di partenza di un outfit pi\u00f9 chic: con una camicia azzurra maschile, cintura sottile e mocassini, oppure con una t-shirt bianca basic, un blazer leggero e delle slingback. E se l\u2019obiettivo \u00e8 sentirsi comunque <strong data-node-id=\"23.3\">in vacanza anche tra le strade di citt\u00e0<\/strong>, basta aggiungere una borsa di paglia, occhiali da sole e un paio di sandali. Replicare per credere.<\/p>\n<p><img decoding=\"async\" data-dynamic-svg=\"true\" src=\"https:\/\/www.elle.com\/_assets\/design-tokens\/fre\/static\/icons\/arrow-right.7440adc.svg?primary=%2523D4D4D4\" loading=\"lazy\" data-testid=\"dynamic-svg-base\" height=\"auto\" width=\"auto\" aria-label=\"Prev carousel button\" alt=\"Chevron Left Icon\" data-theme-key=\"icon-button-icon\" transform=\"scaleX(-1)\" class=\"css-14vtfey erhb41k0\"\/><img decoding=\"async\" data-dynamic-svg=\"true\" src=\"https:\/\/www.elle.com\/_assets\/design-tokens\/fre\/static\/icons\/arrow-right.7440adc.svg?primary=%25230f0f15\" loading=\"lazy\" data-testid=\"dynamic-svg-base\" height=\"auto\" width=\"auto\" aria-label=\"Next carousel button\" alt=\"Chevron Right Icon\" data-theme-key=\"icon-button-icon\" class=\"css-18znc9e erhb41k0\"\/>Dove acquistare gli shorts gialli come quelli di Elena BaroloShorts gialli in cotone elasticizzato con logo, Elisabetta Franchi<a target=\"_blank\" rel=\"nofollow noopener\" data-theme-key=\"product-image-wrapper\" href=\"https:\/\/go.redirectingat.com?id=86393X1538931&amp;url=https%3A%2F%2Fwww.farfetch.com%2Fit%2Fshopping%2Fwomen%2Felisabetta-franchi-shorts-in-cotone-elasticizzato-con-logo-item-34762046.aspx\" aria-label=\"270\u00a0\u20ac su Farfetch per Shorts gialli in cotone elasticizzato con logo, Elisabetta Franchi\" data-href=\"https:\/\/www.farfetch.com\/it\/shopping\/women\/elisabetta-franchi-shorts-in-cotone-elasticizzato-con-logo-item-34762046.aspx\" data-product-url=\"https:\/\/www.farfetch.com\/it\/shopping\/women\/elisabetta-franchi-shorts-in-cotone-elasticizzato-con-logo-item-34762046.aspx\" data-affiliate=\"true\" data-affiliate-url=\"https:\/\/go.redirectingat.com?id=86393X1538931&amp;url=https%3A%2F%2Fwww.farfetch.com%2Fit%2Fshopping%2Fwomen%2Felisabetta-franchi-shorts-in-cotone-elasticizzato-con-logo-item-34762046.aspx\" data-affiliate-network=\"{&quot;site_id&quot;:&quot;315b2bba-c4a8-446d-9237-6e6750390ee7&quot;,&quot;network&quot;:{&quot;name&quot;:&quot;Skimlinks&quot;}}\" data-fp-affiliate-inline-link=\"true\" data-fp-affiliate-button-link=\"false\" data-vars-ga-call-to-action=\"270\u00a0\u20ac su Farfetch\" data-vars-ga-media-role=\"\" data-vars-ga-media-type=\"Single Product Embed\" data-vars-ga-outbound-link=\"https:\/\/www.farfetch.com\/it\/shopping\/women\/elisabetta-franchi-shorts-in-cotone-elasticizzato-con-logo-item-34762046.aspx\" data-vars-ga-product-brand=\"Elisabetta Franchi\" data-vars-ga-product-id=\"e546b9e5-13f0-4ab7-a67d-3511ae1d419d\" data-vars-ga-product-price=\"270,00\u00a0\u20ac\" data-vars-ga-product-retailer-id=\"e6d2aa1c-ac9e-4a82-8d18-1a92744b5693\" data-vars-ga-product-sem3-brand=\"Elisabetta Franchi\" data-vars-ga-link-treatment=\"(not set) | (not set)\" data-vars-ga-sku=\"farfetch_34762046\" data-vars-ga-magento-tracking=\"1\" class=\"product-image-link ebgq4gw7 e12px3ys0 css-g6od0w e1socmtw0\"><img  alt=\"Shorts gialli in cotone elasticizzato con logo, Elisabetta Franchi\" title=\"Shorts gialli in cotone elasticizzato con logo, Elisabetta Franchi\" data-fp-product-image=\"true\" datafptag=\"data-fp-product-image\" src=\"https:\/\/www.europesays.com\/it\/wp-content\/uploads\/2026\/08\/1785495427-2f311e7a-31f6-4f38-9c17-466a19328c68.jpg\" width=\"588\" height=\"576\" decoding=\"async\" loading=\"lazy\"\/><\/a>Shorts gialli in cotone elasticizzato con logo, Elisabetta FranchiShorts sartoriali gialli a vita alta, TWINSET<a target=\"_blank\" rel=\"nofollow noopener\" data-theme-key=\"product-image-wrapper\" href=\"https:\/\/go.redirectingat.com?id=86393X1538931&amp;url=https%3A%2F%2Fwww.farfetch.com%2Fit%2Fshopping%2Fwomen%2Ftwinset-shorts-sartoriali-item-32866350.aspx%3Flang%3Dit-IT%26size%3D4%26utm_source%3Dgoogle%26utm_medium%3Dcpc%26utm_keywordid%3D%26pid%3Dgoogle_search%26af_channel%3DSearch%26c%3D23064481629%26af_c_id%3D23064481629%26af_siteid%3D%26af_keywords%3D%26af_adset_id%3D%26af_ad_id%3D%26af_sub1%3D%26is_retargeting%3Dtrue%26gad_source%3D1%26gad_campaignid%3D23074558045%26gbraid%3D0AAAAADsmKHS_pL-2LnpUt1HfT4AHB3lQL%26gclid%3DCjwKCAjwj7HTBhBiEiwA8s35OjAozeIyMn_BL_7nn16PMe4Cj8d9QnDlQjIe51z7dwt04uKJIW-xNxoCW7wQAvD_BwE\" aria-label=\"102\u00a0\u20ac su Farfetch per Shorts sartoriali gialli a vita alta, TWINSET\" data-href=\"https:\/\/www.farfetch.com\/it\/shopping\/women\/twinset-shorts-sartoriali-item-32866350.aspx?lang=it-IT&amp;size=4&amp;utm_source=google&amp;utm_medium=cpc&amp;utm_keywordid=&amp;pid=google_search&amp;af_channel=Search&amp;c=23064481629&amp;af_c_id=23064481629&amp;af_siteid=&amp;af_keywords=&amp;af_adset_id=&amp;af_ad_id=&amp;af_sub1=&amp;is_retargeting=true&amp;gad_source=1&amp;gad_campaignid=23074558045&amp;gbraid=0AAAAADsmKHS_pL-2LnpUt1HfT4AHB3lQL&amp;gclid=CjwKCAjwj7HTBhBiEiwA8s35OjAozeIyMn_BL_7nn16PMe4Cj8d9QnDlQjIe51z7dwt04uKJIW-xNxoCW7wQAvD_BwE\" data-product-url=\"https:\/\/www.farfetch.com\/it\/shopping\/women\/twinset-shorts-sartoriali-item-32866350.aspx?lang=it-IT&amp;size=4&amp;utm_source=google&amp;utm_medium=cpc&amp;utm_keywordid=&amp;pid=google_search&amp;af_channel=Search&amp;c=23064481629&amp;af_c_id=23064481629&amp;af_siteid=&amp;af_keywords=&amp;af_adset_id=&amp;af_ad_id=&amp;af_sub1=&amp;is_retargeting=true&amp;gad_source=1&amp;gad_campaignid=23074558045&amp;gbraid=0AAAAADsmKHS_pL-2LnpUt1HfT4AHB3lQL&amp;gclid=CjwKCAjwj7HTBhBiEiwA8s35OjAozeIyMn_BL_7nn16PMe4Cj8d9QnDlQjIe51z7dwt04uKJIW-xNxoCW7wQAvD_BwE\" data-affiliate=\"true\" data-affiliate-url=\"https:\/\/go.redirectingat.com?id=86393X1538931&amp;url=https%3A%2F%2Fwww.farfetch.com%2Fit%2Fshopping%2Fwomen%2Ftwinset-shorts-sartoriali-item-32866350.aspx%3Flang%3Dit-IT%26size%3D4%26utm_source%3Dgoogle%26utm_medium%3Dcpc%26utm_keywordid%3D%26pid%3Dgoogle_search%26af_channel%3DSearch%26c%3D23064481629%26af_c_id%3D23064481629%26af_siteid%3D%26af_keywords%3D%26af_adset_id%3D%26af_ad_id%3D%26af_sub1%3D%26is_retargeting%3Dtrue%26gad_source%3D1%26gad_campaignid%3D23074558045%26gbraid%3D0AAAAADsmKHS_pL-2LnpUt1HfT4AHB3lQL%26gclid%3DCjwKCAjwj7HTBhBiEiwA8s35OjAozeIyMn_BL_7nn16PMe4Cj8d9QnDlQjIe51z7dwt04uKJIW-xNxoCW7wQAvD_BwE\" data-affiliate-network=\"{&quot;site_id&quot;:&quot;315b2bba-c4a8-446d-9237-6e6750390ee7&quot;,&quot;network&quot;:{&quot;name&quot;:&quot;Skimlinks&quot;}}\" data-fp-affiliate-inline-link=\"true\" data-fp-affiliate-button-link=\"false\" data-vars-ga-call-to-action=\"102\u00a0\u20ac su Farfetch\" data-vars-ga-media-role=\"\" data-vars-ga-media-type=\"Single Product Embed\" data-vars-ga-outbound-link=\"https:\/\/www.farfetch.com\/it\/shopping\/women\/twinset-shorts-sartoriali-item-32866350.aspx?lang=it-IT&amp;size=4&amp;utm_source=google&amp;utm_medium=cpc&amp;utm_keywordid=&amp;pid=google_search&amp;af_channel=Search&amp;c=23064481629&amp;af_c_id=23064481629&amp;af_siteid=&amp;af_keywords=&amp;af_adset_id=&amp;af_ad_id=&amp;af_sub1=&amp;is_retargeting=true&amp;gad_source=1&amp;gad_campaignid=23074558045&amp;gbraid=0AAAAADsmKHS_pL-2LnpUt1HfT4AHB3lQL&amp;gclid=CjwKCAjwj7HTBhBiEiwA8s35OjAozeIyMn_BL_7nn16PMe4Cj8d9QnDlQjIe51z7dwt04uKJIW-xNxoCW7wQAvD_BwE\" data-vars-ga-product-id=\"a3da6d3a-c348-48c8-9d13-5aba6f9afc16\" data-vars-ga-product-price=\"102,00\u00a0\u20ac\" data-vars-ga-product-retailer-id=\"b37157e2-3bb8-440a-be08-43e5287007c1\" data-vars-ga-link-treatment=\"sale | (not set)\" class=\"product-image-link ebgq4gw7 e12px3ys0 css-g6od0w e1socmtw0\"><img  alt=\"Shorts sartoriali gialli a vita alta, TWINSET\" title=\"Shorts sartoriali gialli a vita alta, TWINSET\" data-fp-product-image=\"true\" datafptag=\"data-fp-product-image\" src=\"https:\/\/www.europesays.com\/it\/wp-content\/uploads\/2026\/08\/1785495535-d4bfc59f-ac7a-4c19-a380-625001a97c29.jpg\" width=\"523\" height=\"511\" decoding=\"async\" loading=\"lazy\"\/><\/a>Shorts sartoriali gialli a vita alta, TWINSET<\/p>\n<p>Ora in sconto del 36%<\/p>\n<p>Shorts morbidi gialli con vita elasticizzata, Zara<a target=\"_blank\" rel=\"nofollow noopener\" data-theme-key=\"product-image-wrapper\" href=\"https:\/\/www.awin1.com\/cread.php?awinmid=32883&amp;awinaffid=678969&amp;campaign=&amp;clickref=ellit|xid:{xid}&amp;ued=https%3A%2F%2Fwww.zara.com%2Fit%2Fit%2Fshorts-morbidi-con-vita-elastica-p01608222.html%3Fv1%3D545465532%26utm_source%3Dgoogle%26utm_medium%3Dcpc%26gad_source%3D1%26gad_campaignid%3D11258564394%26gbraid%3D0AAAAADqbk7ZKeKt3mzhjP-DMbBMMPy6TA%26gclid%3DCjwKCAjwj7HTBhBiEiwA8s35OnyDyCH5kbAxMvTAzgYqg2SVzJcaBQsXNu0bZ3fYH-G3icx4srNHMBoCsswQAvD_BwE&amp;platform=pl\" aria-label=\"26\u00a0\u20ac su ZARA per Shorts morbidi gialli con vita elasticizzata, Zara\" data-href=\"https:\/\/www.zara.com\/it\/it\/shorts-morbidi-con-vita-elastica-p01608222.html?v1=545465532&amp;utm_source=google&amp;utm_medium=cpc&amp;gad_source=1&amp;gad_campaignid=11258564394&amp;gbraid=0AAAAADqbk7ZKeKt3mzhjP-DMbBMMPy6TA&amp;gclid=CjwKCAjwj7HTBhBiEiwA8s35OnyDyCH5kbAxMvTAzgYqg2SVzJcaBQsXNu0bZ3fYH-G3icx4srNHMBoCsswQAvD_BwE\" data-product-url=\"https:\/\/www.zara.com\/it\/it\/shorts-morbidi-con-vita-elastica-p01608222.html?v1=545465532&amp;utm_source=google&amp;utm_medium=cpc&amp;gad_source=1&amp;gad_campaignid=11258564394&amp;gbraid=0AAAAADqbk7ZKeKt3mzhjP-DMbBMMPy6TA&amp;gclid=CjwKCAjwj7HTBhBiEiwA8s35OnyDyCH5kbAxMvTAzgYqg2SVzJcaBQsXNu0bZ3fYH-G3icx4srNHMBoCsswQAvD_BwE\" data-affiliate=\"true\" data-affiliate-url=\"https:\/\/www.awin1.com\/cread.php?awinmid=32883&amp;awinaffid=678969&amp;campaign=&amp;clickref=ellit|xid:{xid}&amp;ued=https%3A%2F%2Fwww.zara.com%2Fit%2Fit%2Fshorts-morbidi-con-vita-elastica-p01608222.html%3Fv1%3D545465532%26utm_source%3Dgoogle%26utm_medium%3Dcpc%26gad_source%3D1%26gad_campaignid%3D11258564394%26gbraid%3D0AAAAADqbk7ZKeKt3mzhjP-DMbBMMPy6TA%26gclid%3DCjwKCAjwj7HTBhBiEiwA8s35OnyDyCH5kbAxMvTAzgYqg2SVzJcaBQsXNu0bZ3fYH-G3icx4srNHMBoCsswQAvD_BwE&amp;platform=pl\" data-affiliate-network=\"{&quot;site_id&quot;:&quot;315b2bba-c4a8-446d-9237-6e6750390ee7&quot;,&quot;network&quot;:{&quot;name&quot;:&quot;Trackonomics&quot;},&quot;metadata&quot;:{&quot;trackonomics&quot;:{&quot;network_name&quot;:&quot;awin&quot;}},&quot;product_metadata&quot;:{&quot;315b2bba-c4a8-446d-9237-6e6750390ee7&quot;:{&quot;network_name&quot;:&quot;awin&quot;,&quot;link&quot;:&quot;https:\/\/www.awin1.com\/cread.php?awinmid=32883&amp;awinaffid=678969&amp;campaign=&amp;clickref={subid}&amp;ued=https%3A%2F%2Fwww.zara.com%2Fit%2Fit%2Fshorts-morbidi-con-vita-elastica-p01608222.html%3Fv1%3D545465532%26utm_source%3Dgoogle%26utm_medium%3Dcpc%26gad_source%3D1%26gad_campaignid%3D11258564394%26gbraid%3D0AAAAADqbk7ZKeKt3mzhjP-DMbBMMPy6TA%26gclid%3DCjwKCAjwj7HTBhBiEiwA8s35OnyDyCH5kbAxMvTAzgYqg2SVzJcaBQsXNu0bZ3fYH-G3icx4srNHMBoCsswQAvD_BwE&amp;platform=pl&quot;}}}\" data-fp-affiliate-inline-link=\"true\" data-fp-affiliate-button-link=\"false\" data-vars-ga-call-to-action=\"26\u00a0\u20ac su ZARA\" data-vars-ga-media-role=\"\" data-vars-ga-media-type=\"Single Product Embed\" data-vars-ga-outbound-link=\"https:\/\/www.zara.com\/it\/it\/shorts-morbidi-con-vita-elastica-p01608222.html?v1=545465532&amp;utm_source=google&amp;utm_medium=cpc&amp;gad_source=1&amp;gad_campaignid=11258564394&amp;gbraid=0AAAAADqbk7ZKeKt3mzhjP-DMbBMMPy6TA&amp;gclid=CjwKCAjwj7HTBhBiEiwA8s35OnyDyCH5kbAxMvTAzgYqg2SVzJcaBQsXNu0bZ3fYH-G3icx4srNHMBoCsswQAvD_BwE\" data-vars-ga-product-brand=\"Zara\" data-vars-ga-product-id=\"0999d5ad-422e-4cee-8a73-97ff5de366ba\" data-vars-ga-product-price=\"25,95\u00a0\u20ac\" data-vars-ga-product-retailer-id=\"812e75a4-8c32-4a4a-986d-8e7028247ea6\" data-vars-ga-product-sem3-brand=\"Zara\" data-vars-ga-link-treatment=\"(not set) | (not set)\" class=\"product-image-link ebgq4gw7 e12px3ys0 css-g6od0w e1socmtw0\"><img  alt=\"Shorts morbidi gialli con vita elasticizzata, Zara\" title=\"Shorts morbidi gialli con vita elasticizzata, Zara\" data-fp-product-image=\"true\" datafptag=\"data-fp-product-image\" src=\"https:\/\/www.europesays.com\/it\/wp-content\/uploads\/2026\/08\/1785495752-1784970667-cdf628e9-2dce-447f-bcb1-2d299535f865.jpg\" width=\"750\" height=\"1125\" decoding=\"async\" loading=\"lazy\"\/><\/a>Shorts morbidi gialli con vita elasticizzata, Zara<\/p>\n","protected":false},"excerpt":{"rendered":"I colori sono finalmente tornati protagonisti del guardaroba, e quale stagione migliore dell\u2019estate per lasciarsi alle spalle le&hellip;\n","protected":false},"author":3,"featured_media":634005,"comment_status":"","ping_status":"","sticky":false,"template":"","format":"standard","meta":{"footnotes":"","_share_on_mastodon":"0"},"categories":[174],"tags":[23020,203,204,1537,90,89,349997,5140,91140,349998,1780,287372],"class_list":["post-634004","post","type-post","status-publish","format-standard","has-post-thumbnail","category-intrattenimento","tag-elena-barolo","tag-entertainment","tag-intrattenimento","tag-it","tag-italia","tag-italy","tag-pantaloncini-corti","tag-shopping","tag-shorts","tag-shorts-gialli","tag-traffico","tag-trend-estate-2026"],"share_on_mastodon":{"url":"https:\/\/pubeurope.com\/@it\/117101165422983068","error":""},"_links":{"self":[{"href":"https:\/\/www.europesays.com\/it\/wp-json\/wp\/v2\/posts\/634004","targetHints":{"allow":["GET"]}}],"collection":[{"href":"https:\/\/www.europesays.com\/it\/wp-json\/wp\/v2\/posts"}],"about":[{"href":"https:\/\/www.europesays.com\/it\/wp-json\/wp\/v2\/types\/post"}],"author":[{"embeddable":true,"href":"https:\/\/www.europesays.com\/it\/wp-json\/wp\/v2\/users\/3"}],"replies":[{"embeddable":true,"href":"https:\/\/www.europesays.com\/it\/wp-json\/wp\/v2\/comments?post=634004"}],"version-history":[{"count":0,"href":"https:\/\/www.europesays.com\/it\/wp-json\/wp\/v2\/posts\/634004\/revisions"}],"wp:featuredmedia":[{"embeddable":true,"href":"https:\/\/www.europesays.com\/it\/wp-json\/wp\/v2\/media\/634005"}],"wp:attachment":[{"href":"https:\/\/www.europesays.com\/it\/wp-json\/wp\/v2\/media?parent=634004"}],"wp:term":[{"taxonomy":"category","embeddable":true,"href":"https:\/\/www.europesays.com\/it\/wp-json\/wp\/v2\/categories?post=634004"},{"taxonomy":"post_tag","embeddable":true,"href":"https:\/\/www.europesays.com\/it\/wp-json\/wp\/v2\/tags?post=634004"}],"curies":[{"name":"wp","href":"https:\/\/api.w.org\/{rel}","templated":true}]}}