{"id":634240,"date":"2026-08-15T23:20:27","date_gmt":"2026-08-15T23:20:27","guid":{"rendered":"https:\/\/www.europesays.com\/it\/634240\/"},"modified":"2026-08-15T23:20:27","modified_gmt":"2026-08-15T23:20:27","slug":"vanessa-incontrada-a-cena-a-viterbo-dopo-le-riprese-della-nuova-fiction-mediaset","status":"publish","type":"post","link":"https:\/\/www.europesays.com\/it\/634240\/","title":{"rendered":"Vanessa Incontrada a cena a Viterbo dopo le riprese della nuova fiction Mediaset"},"content":{"rendered":"<p>Dopo una giornata di riprese per \u201cUn mondo bellissimo\u201d, la nuova serie tv Mediaset che viene <a href=\"https:\/\/www.viterbotoday.it\/attualita\/riprese-serie-vanessa-incontrada-viterbo-3-8-2026.html\" rel=\"nofollow noopener\" target=\"_blank\">girata anche a Viterbo<\/a>, Vanessa Incontrada si \u00e8 concessa alcune serate in citt\u00e0. L&#8217;attrice, protagonista della fiction insieme a Ettore Bassi, \u00e8 stata avvistata in alcuni ristorante, dove spesso ha trascorso la cena in compagnia della sua barboncina.<\/p>\n<p>Pi\u00f9 recentemente Incontrada ha fatto tappa all&#8217;osteria di pesce Pescariello, dove, tra l&#8217;altro, ha incontrato anche una sua grande ammiratrice: Catia Migliorini, storica ostetrica di Viterbo. A raccontare il momento \u00e8 la figlia Carla: \u201cIncontro speciale con l&#8217;attrice preferita della mamma. Una donna speciale Vanessa Incontrada, a Viterbo per un nuovo film girato in ospedale che presto vedremo in tv\u201d.<\/p>\n","protected":false},"excerpt":{"rendered":"Dopo una giornata di riprese per \u201cUn mondo bellissimo\u201d, la nuova serie tv Mediaset che viene girata anche&hellip;\n","protected":false},"author":3,"featured_media":634241,"comment_status":"","ping_status":"","sticky":false,"template":"","format":"standard","meta":{"footnotes":"","_share_on_mastodon":"0"},"categories":[1451],"tags":[637,1621,1620,203,204,1537,90,89],"class_list":["post-634240","post","type-post","status-publish","format-standard","has-post-thumbnail","category-celebrita","tag-attori","tag-celebrita","tag-celebrities","tag-entertainment","tag-intrattenimento","tag-it","tag-italia","tag-italy"],"share_on_mastodon":{"url":"https:\/\/pubeurope.com\/@it\/117102092434874025","error":""},"_links":{"self":[{"href":"https:\/\/www.europesays.com\/it\/wp-json\/wp\/v2\/posts\/634240","targetHints":{"allow":["GET"]}}],"collection":[{"href":"https:\/\/www.europesays.com\/it\/wp-json\/wp\/v2\/posts"}],"about":[{"href":"https:\/\/www.europesays.com\/it\/wp-json\/wp\/v2\/types\/post"}],"author":[{"embeddable":true,"href":"https:\/\/www.europesays.com\/it\/wp-json\/wp\/v2\/users\/3"}],"replies":[{"embeddable":true,"href":"https:\/\/www.europesays.com\/it\/wp-json\/wp\/v2\/comments?post=634240"}],"version-history":[{"count":0,"href":"https:\/\/www.europesays.com\/it\/wp-json\/wp\/v2\/posts\/634240\/revisions"}],"wp:featuredmedia":[{"embeddable":true,"href":"https:\/\/www.europesays.com\/it\/wp-json\/wp\/v2\/media\/634241"}],"wp:attachment":[{"href":"https:\/\/www.europesays.com\/it\/wp-json\/wp\/v2\/media?parent=634240"}],"wp:term":[{"taxonomy":"category","embeddable":true,"href":"https:\/\/www.europesays.com\/it\/wp-json\/wp\/v2\/categories?post=634240"},{"taxonomy":"post_tag","embeddable":true,"href":"https:\/\/www.europesays.com\/it\/wp-json\/wp\/v2\/tags?post=634240"}],"curies":[{"name":"wp","href":"https:\/\/api.w.org\/{rel}","templated":true}]}}