{"id":634561,"date":"2026-08-16T06:47:13","date_gmt":"2026-08-16T06:47:13","guid":{"rendered":"https:\/\/www.europesays.com\/it\/634561\/"},"modified":"2026-08-16T06:47:13","modified_gmt":"2026-08-16T06:47:13","slug":"caldo-rischio-downburst-e-grandine-allerta-maltempo-e-temperature-in-calo-ma-torna-lanticiclone-africano","status":"publish","type":"post","link":"https:\/\/www.europesays.com\/it\/634561\/","title":{"rendered":"Caldo, rischio downburst e grandine: allerta maltempo e temperature in calo, ma torna l\u2019anticiclone africano"},"content":{"rendered":"<p>Dopo settimane di caldo intenso e temperature sopra la media, <strong>l\u2019Italia si prepara a una fase di <a href=\"https:\/\/www.ilmessaggero.it\/t\/maltempo\" rel=\"nofollow noopener\" target=\"_blank\">maltempo<\/a> che interromper\u00e0, almeno temporaneamente, la lunga <a href=\"https:\/\/www.ilmessaggero.it\/t\/ondata-di-calore\" rel=\"nofollow noopener\" target=\"_blank\">ondata di calore<\/a><\/strong>. Il cambio di scenario inizier\u00e0 domenica 16 agosto 2026, con i primi temporali, e raggiunger\u00e0 il suo momento pi\u00f9 movimentato luned\u00ec 17. La tregua, per\u00f2, potrebbe durare poco.<\/p>\n<p> <strong>Domenica<\/strong> <\/p>\n<p>L\u2019anticiclone subtropicale inizier\u00e0 a indebolirsi sotto la spinta di correnti pi\u00f9 instabili. Domenica 16 agosto la giornata partir\u00e0 ancora con sole e caldo su gran parte della Penisola, ma nel pomeriggio aumenteranno i temporali su Alpi e Prealpi. I fenomeni potranno raggiungere localmente le pianure del Nord, con forti rovesci, grandinate e colpi di vento. Temporali pomeridiani potranno svilupparsi anche sui rilievi del Centro e del Sud. <strong>Il calo delle temperature sar\u00e0 ancora limitato e riguarder\u00e0 soprattutto le zone colpite dai fenomeni<\/strong>.<\/p>\n","protected":false},"excerpt":{"rendered":"Dopo settimane di caldo intenso e temperature sopra la media, l\u2019Italia si prepara a una fase di maltempo&hellip;\n","protected":false},"author":3,"featured_media":634562,"comment_status":"","ping_status":"","sticky":false,"template":"","format":"standard","meta":{"footnotes":"","_share_on_mastodon":"0"},"categories":[79],"tags":[1534,3118,14,93,94,350349,6491,1537,90,89,7,15,103,243,11,84,91,12,85,92],"class_list":["post-634561","post","type-post","status-publish","format-standard","has-post-thumbnail","category-italia","tag-caldo","tag-caldo-record","tag-cronaca","tag-cronaca-italiana","tag-cronacaitaliana","tag-downbrust","tag-grandine","tag-it","tag-italia","tag-italy","tag-news","tag-notizie","tag-temporali","tag-ultima-ora","tag-ultime-notizie","tag-ultime-notizie-e-news-di-oggi","tag-ultime-notizie-italia","tag-ultimenotizie","tag-ultimenotizieenewsdioggi","tag-ultimenotizieitalia"],"share_on_mastodon":{"url":"https:\/\/pubeurope.com\/@it\/117103850154802687","error":""},"_links":{"self":[{"href":"https:\/\/www.europesays.com\/it\/wp-json\/wp\/v2\/posts\/634561","targetHints":{"allow":["GET"]}}],"collection":[{"href":"https:\/\/www.europesays.com\/it\/wp-json\/wp\/v2\/posts"}],"about":[{"href":"https:\/\/www.europesays.com\/it\/wp-json\/wp\/v2\/types\/post"}],"author":[{"embeddable":true,"href":"https:\/\/www.europesays.com\/it\/wp-json\/wp\/v2\/users\/3"}],"replies":[{"embeddable":true,"href":"https:\/\/www.europesays.com\/it\/wp-json\/wp\/v2\/comments?post=634561"}],"version-history":[{"count":0,"href":"https:\/\/www.europesays.com\/it\/wp-json\/wp\/v2\/posts\/634561\/revisions"}],"wp:featuredmedia":[{"embeddable":true,"href":"https:\/\/www.europesays.com\/it\/wp-json\/wp\/v2\/media\/634562"}],"wp:attachment":[{"href":"https:\/\/www.europesays.com\/it\/wp-json\/wp\/v2\/media?parent=634561"}],"wp:term":[{"taxonomy":"category","embeddable":true,"href":"https:\/\/www.europesays.com\/it\/wp-json\/wp\/v2\/categories?post=634561"},{"taxonomy":"post_tag","embeddable":true,"href":"https:\/\/www.europesays.com\/it\/wp-json\/wp\/v2\/tags?post=634561"}],"curies":[{"name":"wp","href":"https:\/\/api.w.org\/{rel}","templated":true}]}}