{"id":634575,"date":"2026-08-16T07:07:16","date_gmt":"2026-08-16T07:07:16","guid":{"rendered":"https:\/\/www.europesays.com\/it\/634575\/"},"modified":"2026-08-16T07:07:16","modified_gmt":"2026-08-16T07:07:16","slug":"bela-lugosi-70-anni-dalla-morte-la-storia-del-dracula-del-cinema","status":"publish","type":"post","link":"https:\/\/www.europesays.com\/it\/634575\/","title":{"rendered":"Bela Lugosi, 70 anni dalla morte: la storia del Dracula del cinema"},"content":{"rendered":"<p>C&#8217;\u00e8 un&#8217;ultima, splendida ironia, e a firmarla \u00e8 un uomo che di Dracula portava soltanto il cognome. Bela George Lugosi, nato a Los Angeles il 5 gennaio 1938 (pap\u00e0 aveva cinquantasei anni e diciassette di America sulle spalle), non fece l&#8217;attore ma l&#8217;avvocato, e negli anni Sessanta trascin\u00f2 la Universal in tribunale, colpevole di lucrare sull&#8217;effigie paterna senza permesso. Il processo dur\u00f2 quasi sedici anni; lui, formalmente, lo perse. Ma da quella battaglia nacque il California Celebrity Rights Act, la legge che stabil\u00ec che il diritto sul nome e sull&#8217;immagine di una celebrit\u00e0 sopravvive alla morte e passa agli eredi. Detto altrimenti: il figlio, per via giudiziaria, rese immortale il padre. Nomen omen, di nuovo. E oggi custodisce quel lascito che definisce, semplicemente, \u00abimpagabile\u00bb. C&#8217;\u00e8 poi chi al mito ha aggiunto un fotogramma decisivo: nel 1994 Tim Burton dirige Ed Wood, e Martin Landau, truccato e ingobbito nei panni del Lugosi crepuscolare e morfinomane, vince l&#8217;Oscar come miglior attore non protagonista. Il conte, insomma, risorge perfino nella pelle di chi lo interpreta. Eppure il figlio, con garbo, dissente: quel film, dice, non rende giustizia all&#8217;uomo, e si accanisce (come troppi biografi) soltanto sulla fine. Perch\u00e9 Bela Lugosi, ricorda Bela junior, \u00abera un gentiluomo, era coraggioso, e tenne fede alla sua etica del lavoro fino alla morte\u00bb. Del resto, gli aveva confidato che Dracula era stato \u00abinsieme una benedizione e una condanna\u00bb. Le sei parole pi\u00f9 esatte mai incise sulla sua lapide immaginaria.<\/p>\n<p>\t\t\t\t\t\t<img decoding=\"async\" class=\"c-extended-card__image j-lazyload\" src=\"https:\/\/www.europesays.com\/it\/wp-content\/uploads\/2026\/08\/martin-landau-bela-lugosi.jpg\" loading=\"lazy\" alt=\"Martin Landau interpreta Bela Lugosi nel film Ed Wood di Tim Burton\"\/><\/p>\n<p>Martin Landau interpreta Bela Lugosi nel film Ed Wood di Tim Burton  &#8211;  \u00a9Webphoto<\/p>\n","protected":false},"excerpt":{"rendered":"C&#8217;\u00e8 un&#8217;ultima, splendida ironia, e a firmarla \u00e8 un uomo che di Dracula portava soltanto il cognome. Bela&hellip;\n","protected":false},"author":3,"featured_media":634576,"comment_status":"","ping_status":"","sticky":false,"template":"","format":"standard","meta":{"footnotes":"","_share_on_mastodon":"0"},"categories":[1442],"tags":[203,454,5344,204,1537,90,89,1521],"class_list":["post-634575","post","type-post","status-publish","format-standard","has-post-thumbnail","category-film","tag-entertainment","tag-film","tag-horror","tag-intrattenimento","tag-it","tag-italia","tag-italy","tag-movies"],"share_on_mastodon":{"url":"https:\/\/pubeurope.com\/@it\/117103929559926564","error":""},"_links":{"self":[{"href":"https:\/\/www.europesays.com\/it\/wp-json\/wp\/v2\/posts\/634575","targetHints":{"allow":["GET"]}}],"collection":[{"href":"https:\/\/www.europesays.com\/it\/wp-json\/wp\/v2\/posts"}],"about":[{"href":"https:\/\/www.europesays.com\/it\/wp-json\/wp\/v2\/types\/post"}],"author":[{"embeddable":true,"href":"https:\/\/www.europesays.com\/it\/wp-json\/wp\/v2\/users\/3"}],"replies":[{"embeddable":true,"href":"https:\/\/www.europesays.com\/it\/wp-json\/wp\/v2\/comments?post=634575"}],"version-history":[{"count":0,"href":"https:\/\/www.europesays.com\/it\/wp-json\/wp\/v2\/posts\/634575\/revisions"}],"wp:featuredmedia":[{"embeddable":true,"href":"https:\/\/www.europesays.com\/it\/wp-json\/wp\/v2\/media\/634576"}],"wp:attachment":[{"href":"https:\/\/www.europesays.com\/it\/wp-json\/wp\/v2\/media?parent=634575"}],"wp:term":[{"taxonomy":"category","embeddable":true,"href":"https:\/\/www.europesays.com\/it\/wp-json\/wp\/v2\/categories?post=634575"},{"taxonomy":"post_tag","embeddable":true,"href":"https:\/\/www.europesays.com\/it\/wp-json\/wp\/v2\/tags?post=634575"}],"curies":[{"name":"wp","href":"https:\/\/api.w.org\/{rel}","templated":true}]}}