{"id":634731,"date":"2026-08-16T09:29:15","date_gmt":"2026-08-16T09:29:15","guid":{"rendered":"https:\/\/www.europesays.com\/it\/634731\/"},"modified":"2026-08-16T09:29:15","modified_gmt":"2026-08-16T09:29:15","slug":"donna-precipita-dalla-cascata-per-sette-metri-e-gravissima","status":"publish","type":"post","link":"https:\/\/www.europesays.com\/it\/634731\/","title":{"rendered":"Donna precipita dalla cascata per sette metri, \u00e8 gravissima"},"content":{"rendered":"<p>Una gita fuori porta alla ricerca di un po\u2019 di fresco si \u00e8 trasformata in dramma nel pomeriggio di ieri, sabato 15 agosto, sull&#8217;Appennino modenese. Una donna di 70 anni, residente in provincia di Rovigo, si trova ora ricoverata in condizioni gravissime all&#8217;Ospedale Maggiore di Bologna dopo essere precipitata per circa sette metri da una cascata.<\/p>\n<p>La donna si era recata insieme al marito nella localit\u00e0 &#8220;I Due Ponti&#8221;, nel comune di Fanano, per trovare un po\u2019 di refrigerio dalle temperature torride di queste giornate da &#8220;bollino rosso&#8221;. La coppia aveva scelto il torrente Ospitale, una meta molto frequentata in questo periodo dell&#8217;anno, caratterizzata da una suggestiva e amena cascata dove si trovavano anche altri bagnanti.<\/p>\n<p>Poco dopo le ore 17, per cause ancora in corso di accertamento, la donna ha perso l&#8217;equilibrio sulla sommit\u00e0 della cascata, precipitando nel vuoto. La caduta, di circa 7 metri, \u00e8 stata devastante: la settantenne ha impattato ripetutamente contro i sassi affioranti dal letto del torrente sotto gli occhi del marito e dei presenti.<\/p>\n<p>I testimoni hanno immediatamente allertato il Numero Unico di Emergenza 112. La Centrale Operativa Emilia Est ha fatto scattare subito la macchina dei soccorsi, inviando sul posto l&#8217;ambulanza di Fanano e allertando gli uomini del Soccorso Alpino e Speleologico (CNSAS) della stazione Monte Cimone, partiti con una squadra in pronta reperibilit\u00e0.<\/p>\n<p>I tecnici del Soccorso Alpino, una volta raggiunta la ferita e valutata la gravit\u00e0 della situazione e l&#8217;imperviet\u00e0 del terreno, hanno richiesto l\u2019intervento immediato dell\u2019elisoccorso del 118 di Pavullo nel Frignano. Data l&#8217;impossibilit\u00e0 di atterrare nella gola del torrente, l&#8217;\u00e9quipe medica \u00e8 stata calata sul posto tramite il verricello.<\/p>\n<p>Dopo essere stata stabilizzata sul greto del torrente dal medico anestesista, la paziente \u00e8 stata recuperata a bordo dell&#8217;elicottero, sempre con l&#8217;ausilio del verricello, e trasportata d&#8217;urgenza al trauma center dell&#8217;Ospedale Maggiore di Bologna in codice di massima gravit\u00e0.<\/p>\n","protected":false},"excerpt":{"rendered":"Una gita fuori porta alla ricerca di un po\u2019 di fresco si \u00e8 trasformata in dramma nel pomeriggio&hellip;\n","protected":false},"author":3,"featured_media":634732,"comment_status":"","ping_status":"","sticky":false,"template":"","format":"standard","meta":{"footnotes":"","_share_on_mastodon":"0"},"categories":[79],"tags":[14,93,94,7578,1537,90,89,14274,7,15,11,84,91,12,85,92],"class_list":["post-634731","post","type-post","status-publish","format-standard","has-post-thumbnail","category-italia","tag-cronaca","tag-cronaca-italiana","tag-cronacaitaliana","tag-incidenti","tag-it","tag-italia","tag-italy","tag-montagna","tag-news","tag-notizie","tag-ultime-notizie","tag-ultime-notizie-e-news-di-oggi","tag-ultime-notizie-italia","tag-ultimenotizie","tag-ultimenotizieenewsdioggi","tag-ultimenotizieitalia"],"share_on_mastodon":{"url":"https:\/\/pubeurope.com\/@it\/117104487027779528","error":""},"_links":{"self":[{"href":"https:\/\/www.europesays.com\/it\/wp-json\/wp\/v2\/posts\/634731","targetHints":{"allow":["GET"]}}],"collection":[{"href":"https:\/\/www.europesays.com\/it\/wp-json\/wp\/v2\/posts"}],"about":[{"href":"https:\/\/www.europesays.com\/it\/wp-json\/wp\/v2\/types\/post"}],"author":[{"embeddable":true,"href":"https:\/\/www.europesays.com\/it\/wp-json\/wp\/v2\/users\/3"}],"replies":[{"embeddable":true,"href":"https:\/\/www.europesays.com\/it\/wp-json\/wp\/v2\/comments?post=634731"}],"version-history":[{"count":0,"href":"https:\/\/www.europesays.com\/it\/wp-json\/wp\/v2\/posts\/634731\/revisions"}],"wp:featuredmedia":[{"embeddable":true,"href":"https:\/\/www.europesays.com\/it\/wp-json\/wp\/v2\/media\/634732"}],"wp:attachment":[{"href":"https:\/\/www.europesays.com\/it\/wp-json\/wp\/v2\/media?parent=634731"}],"wp:term":[{"taxonomy":"category","embeddable":true,"href":"https:\/\/www.europesays.com\/it\/wp-json\/wp\/v2\/categories?post=634731"},{"taxonomy":"post_tag","embeddable":true,"href":"https:\/\/www.europesays.com\/it\/wp-json\/wp\/v2\/tags?post=634731"}],"curies":[{"name":"wp","href":"https:\/\/api.w.org\/{rel}","templated":true}]}}