{"id":634824,"date":"2026-08-16T10:59:17","date_gmt":"2026-08-16T10:59:17","guid":{"rendered":"https:\/\/www.europesays.com\/it\/634824\/"},"modified":"2026-08-16T10:59:17","modified_gmt":"2026-08-16T10:59:17","slug":"il-vescovado-roger-federer-incantato-dalla-costa-damalfi-la-leggenda-del-tennis-gioca-sullo-spettacolare-campo-de-il-san-pietro-di-positano","status":"publish","type":"post","link":"https:\/\/www.europesays.com\/it\/634824\/","title":{"rendered":"Il Vescovado &#8211; Roger Federer incantato dalla Costa d&#8217;Amalfi: la leggenda del tennis gioca sullo spettacolare campo de Il San Pietro di Positano"},"content":{"rendered":"<p><img decoding=\"async\" class=\"full\" src=\"https:\/\/www.europesays.com\/it\/wp-content\/uploads\/2026\/08\/roger-federer-incantato-dalla-costa-d-amalfi-la-l-377772.webp\" alt=\"\"\/><\/p>\n<p>Prima il Circeo, poi Taormina e infine Positano. Il viaggio italiano di <strong>Roger Federer<\/strong> sembra seguire un itinerario nel quale la passione per il tennis si intreccia con alcuni degli scenari pi\u00f9 suggestivi del Bel Paese.<\/p>\n<p>Nella giornata di gioved\u00ec 13 agosto la leggenda svizzera, vincitore di <strong>20 titoli del Grande Slam<\/strong> e per oltre vent&#8217;anni protagonista assoluto del tennis mondiale, ha impugnato nuovamente la racchetta scegliendo questa volta uno scenario davvero particolare: il campo de <strong>Il San Pietro di Positano<\/strong>, uno dei luoghi simbolo dell&#8217;ospitalit\u00e0 di lusso della Costiera Amalfitana.<\/p>\n<p>Le immagini circolate sui social mostrano Federer sul caratteristico campo verde dell&#8217;albergo, a pochi passi dal mare e ai piedi della parete rocciosa. Uno scenario che rende immediatamente riconoscibile uno degli impianti tennistici pi\u00f9 fotografati della Costiera.<\/p>\n<p>Non si tratta, del resto, di un semplice campo a disposizione degli ospiti. Quello del San Pietro \u00e8 considerato <strong>uno dei campi da tennis pi\u00f9 belli e scenografici al mondo<\/strong>. \u00c8 lo stesso storico hotel positanese a presentarlo in questi termini: un campo di dimensioni regolamentari incastonato tra la falesia e la spiaggia, in un ambiente nel quale il rumore delle onde accompagna gli scambi.<\/p>\n<p>Un piccolo gioiello sportivo perfettamente inserito nella particolare architettura del San Pietro, costruito sulla costa rocciosa di Positano e sviluppato verticalmente fino al mare. Il campo \u00e8 riservato agli ospiti dell&#8217;albergo e pu\u00f2 essere utilizzato previa prenotazione attraverso il concierge; racchette, palline e maestro di tennis sono disponibili su richiesta.<\/p>\n<p>E questa volta su quel rettangolo di gioco \u00e8 sceso uno dei pi\u00f9 grandi interpreti della storia di questo sport.<\/p>\n<p>La presenza di Federer a Positano rappresenta l&#8217;ultima tappa, almeno per il momento, di una vacanza italiana che sta attirando inevitabilmente l&#8217;attenzione degli appassionati.<\/p>\n<p>Nei giorni precedenti il campione svizzero era stato infatti protagonista di un allenamento allo <strong>Zeppieri Tennis Team<\/strong>, in localit\u00e0 La Paloma, tra San Felice Circeo e Terracina. Federer, che si trovava nell&#8217;area pontina durante una vacanza in yacht tra le acque di Ponza, aveva scambiato alcuni colpi con il coach <strong>Fabrizio Zeppieri<\/strong>. Ad assistere alla sua visita anche <strong>Filippo Volandri<\/strong>, capitano della nazionale italiana di Coppa Davis.<\/p>\n<p>Successivamente Federer si era spostato in Sicilia. A <strong>Taormina<\/strong> era tornato in campo sulla terra rossa del locale Tennis Club, dove aveva giocato anche con <strong>Bernard Arnault<\/strong>, patron del gruppo LVMH. Una presenza che non era naturalmente passata inosservata tra soci e frequentatori del circolo.<\/p>\n<p>Dal Circeo alla Sicilia e quindi alla Costiera Amalfitana: tre localit\u00e0 profondamente diverse, accomunate dalla bellezza del paesaggio e, evidentemente, dalla possibilit\u00e0 per Federer di continuare a coltivare lontano dai grandi tornei quella passione che ha segnato tutta la sua vita.<\/p>\n<p>A Positano, per\u00f2, il panorama ha regalato qualcosa in pi\u00f9.<\/p>\n<p>Perch\u00e9 vedere Roger Federer muoversi con la racchetta sul campo del San Pietro, stretto fra la montagna e il Mediterraneo, significa mettere insieme due immagini conosciute in tutto il mondo: <strong>l&#8217;eleganza di uno dei pi\u00f9 grandi tennisti della storia e uno degli scenari pi\u00f9 iconici della Costiera Amalfitana<\/strong>.<\/p>\n<p>E per uno dei campi da tennis pi\u00f9 esclusivi e spettacolari al mondo, difficilmente si sarebbe potuto immaginare un protagonista migliore.<\/p>\n<p>Il viaggio di Roger Federer proseguir\u00e0 presto oltreoceano, questa volta con due appuntamenti ufficiali gi\u00e0 annunciati. <strong>Il 25 agosto il campione svizzero sar\u00e0 a New York<\/strong>, dove torner\u00e0 sull&#8217;Arthur Ashe Stadium per l&#8217;esibizione <strong>&#8220;Roger Federer: An Icon Returns to New York&#8221;<\/strong>, insieme ad altre leggende come Andre Agassi, John McEnroe e Andy Roddick. Pochi giorni dopo Federer raggiunger\u00e0 <strong>Newport, nel Rhode Island<\/strong>, per le celebrazioni del suo ingresso nell&#8217;<strong>International Tennis Hall of Fame<\/strong>, in programma dal 27 al 29 agosto: il <strong>28 agosto torner\u00e0 anche in campo<\/strong> nel Celebrity Pro Classic sui prati dello storico impianto, mentre <strong>il 29 agosto si terr\u00e0 la cerimonia ufficiale di induzione nella Hall of Fame<\/strong>.<\/p>\n<p>Foto: <strong>@<a target=\"_blank\" href=\"https:\/\/www.instagram.com\/ilsanpietro_bites_deep\/\" rel=\"nofollow noopener\">ilsanpietro_bites_deep<\/a><\/strong><\/p>\n<p>\u00a0<\/p>\n<p><strong>Leggi anche:<\/strong><\/p>\n<p><strong><a target=\"_blank\" href=\"https:\/\/www.positanonotizie.it\/it\/sport-21\/roger-federer-in-vacanza-a-positano-il-campione-s-177334\/article\" rel=\"nofollow noopener\">Roger Federer in vacanza a Positano: il campione si diverte sul campo da tennis pi\u00f9 bello al mondo<\/a><\/strong><\/p>\n<p><script async src=\"\/\/www.instagram.com\/embed.js\"><\/script><\/p>\n","protected":false},"excerpt":{"rendered":"Prima il Circeo, poi Taormina e infine Positano. Il viaggio italiano di Roger Federer sembra seguire un itinerario&hellip;\n","protected":false},"author":3,"featured_media":634825,"comment_status":"","ping_status":"","sticky":false,"template":"","format":"standard","meta":{"footnotes":"","_share_on_mastodon":"0"},"categories":[1457],"tags":[22444,22453,22456,8818,11693,200855,22454,6288,22457,626,22458,7889,1537,90,89,22451,22445,13750,15,477,22447,22450,22443,22452,22448,22446,22442,22455,13552,245,244,1273,22441],"class_list":["post-634824","post","type-post","status-publish","format-standard","has-post-thumbnail","category-tennis","tag-amalfi-news","tag-atrani","tag-attualit","tag-campania","tag-comunicazione","tag-costa-d39amalfi","tag-costa-di-amalfi","tag-costiera-amalfitana","tag-curiosit","tag-eventi","tag-il-vescovado","tag-informazione","tag-it","tag-italia","tag-italy","tag-maiori","tag-maiori-news","tag-minori","tag-notizie","tag-politica","tag-portale-online-della-costa-di-amalfi","tag-positano","tag-positano-news","tag-praiano","tag-provincia-di-salerno","tag-quotidiano-on-line","tag-ravello-news","tag-ricorrenze","tag-scala","tag-sport","tag-sports","tag-tennis","tag-vescovado"],"share_on_mastodon":{"url":"","error":"Validation failed: Text character limit of 500 exceeded"},"_links":{"self":[{"href":"https:\/\/www.europesays.com\/it\/wp-json\/wp\/v2\/posts\/634824","targetHints":{"allow":["GET"]}}],"collection":[{"href":"https:\/\/www.europesays.com\/it\/wp-json\/wp\/v2\/posts"}],"about":[{"href":"https:\/\/www.europesays.com\/it\/wp-json\/wp\/v2\/types\/post"}],"author":[{"embeddable":true,"href":"https:\/\/www.europesays.com\/it\/wp-json\/wp\/v2\/users\/3"}],"replies":[{"embeddable":true,"href":"https:\/\/www.europesays.com\/it\/wp-json\/wp\/v2\/comments?post=634824"}],"version-history":[{"count":0,"href":"https:\/\/www.europesays.com\/it\/wp-json\/wp\/v2\/posts\/634824\/revisions"}],"wp:featuredmedia":[{"embeddable":true,"href":"https:\/\/www.europesays.com\/it\/wp-json\/wp\/v2\/media\/634825"}],"wp:attachment":[{"href":"https:\/\/www.europesays.com\/it\/wp-json\/wp\/v2\/media?parent=634824"}],"wp:term":[{"taxonomy":"category","embeddable":true,"href":"https:\/\/www.europesays.com\/it\/wp-json\/wp\/v2\/categories?post=634824"},{"taxonomy":"post_tag","embeddable":true,"href":"https:\/\/www.europesays.com\/it\/wp-json\/wp\/v2\/tags?post=634824"}],"curies":[{"name":"wp","href":"https:\/\/api.w.org\/{rel}","templated":true}]}}