{"id":634833,"date":"2026-08-16T11:08:27","date_gmt":"2026-08-16T11:08:27","guid":{"rendered":"https:\/\/www.europesays.com\/it\/634833\/"},"modified":"2026-08-16T11:08:27","modified_gmt":"2026-08-16T11:08:27","slug":"uomini-e-donne-chiara","status":"publish","type":"post","link":"https:\/\/www.europesays.com\/it\/634833\/","title":{"rendered":"Uomini e donne, Chiara"},"content":{"rendered":"<p>E&#8217; bastata la condivisione di uno scatto di coppia sui social ad infiammare il gossip. L&#8217;ex tronista Chiara Pompei avrebbe trovato l&#8217;amore accanto a Simone Florian, ex corteggiatore di Uomini e donne, quando sul trono c&#8217;era Jessica Antonini ed ex fidanzato di Lilli Pugliese, non scelta di Luca Salatino. Una strana coppia per alcuni aspetti ma che per la giovane romana potrebbe rappresentare un punto di svolta dopo un <a href=\"https:\/\/Today.it\/gossip\/vip\/uomini-donne-chiara-pompei-post-tentato-suicidio.html \" rel=\"nofollow noopener\" target=\"_blank\">periodo burrascoso<\/a>.\u00a0<\/p>\n<p>Il suo percorso a Uomini e donne <a href=\"https:\/\/www.today.it\/gossip\/vip\/uomini-donne-chiara-riccardo.html\" rel=\"nofollow noopener\" target=\"_blank\">si interruppe sul nascere<\/a>, dopo che venne a galla la sua relazione mai interrotta<a href=\"https:\/\/www.today.it\/gossip\/vip\/uomini-donne-chiara-pompei-continua-riccardo.htm\" rel=\"nofollow noopener\" target=\"_blank\"> con Riccardo<\/a>. Uscita dal programma con l&#8217;intenzione di dare una seconda possibilit\u00e0 al rapporto, fin\u00ec con il vivere un momento di profondo down che la port\u00f2 a fare un <a href=\"https:\/\/www.today.it\/gossip\/vip\/uomini-donne-chiara-pompei-suicidio-fidanzatao.html\" rel=\"nofollow noopener\" target=\"_blank\">gesto autolesionista<\/a>.<\/p>\n<p>Oggi l&#8217;ex tronista \u00e8 riuscita a superare il tutto concentrandosi su s\u00e8 stessa. Proprio qualche mese fa aveva anche condiviso sui social l&#8217;importante traguardo della <a href=\"https:\/\/www.today.it\/gossip\/vip\/uomini-donne-chiara-pompei-post-tentato-suicidio.html\" rel=\"nofollow noopener\" target=\"_blank\">seconda laurea <\/a>e ora, anche il suo cuore sembra aver trovato pace.<\/p>\n<p>Per quanto riguarda Simone invece, l&#8217;ultima frequentazione nota risale a qualche anno fa, con Lilli Pugliese. <a href=\"https:\/\/www.today.it\/gossip\/vip\/uomini-donne-fine-lilli-pugliese-simone-florian.html\" rel=\"nofollow noopener\" target=\"_blank\">Storia finita<\/a> nel giro di poco dopo che Lilli aveva scoperto dei messaggi un po&#8217; troppo ambigui sul cellulare di lui.<br \/>\u00a0<\/p>\n","protected":false},"excerpt":{"rendered":"E&#8217; bastata la condivisione di uno scatto di coppia sui social ad infiammare il gossip. L&#8217;ex tronista Chiara&hellip;\n","protected":false},"author":3,"featured_media":634834,"comment_status":"","ping_status":"","sticky":false,"template":"","format":"standard","meta":{"footnotes":"","_share_on_mastodon":"0"},"categories":[1444],"tags":[203,204,1537,90,89,253,9240],"class_list":["post-634833","post","type-post","status-publish","format-standard","has-post-thumbnail","category-tv","tag-entertainment","tag-intrattenimento","tag-it","tag-italia","tag-italy","tag-tv","tag-uomini-e-donne"],"share_on_mastodon":{"url":"https:\/\/pubeurope.com\/@it\/117104876346025340","error":""},"_links":{"self":[{"href":"https:\/\/www.europesays.com\/it\/wp-json\/wp\/v2\/posts\/634833","targetHints":{"allow":["GET"]}}],"collection":[{"href":"https:\/\/www.europesays.com\/it\/wp-json\/wp\/v2\/posts"}],"about":[{"href":"https:\/\/www.europesays.com\/it\/wp-json\/wp\/v2\/types\/post"}],"author":[{"embeddable":true,"href":"https:\/\/www.europesays.com\/it\/wp-json\/wp\/v2\/users\/3"}],"replies":[{"embeddable":true,"href":"https:\/\/www.europesays.com\/it\/wp-json\/wp\/v2\/comments?post=634833"}],"version-history":[{"count":0,"href":"https:\/\/www.europesays.com\/it\/wp-json\/wp\/v2\/posts\/634833\/revisions"}],"wp:featuredmedia":[{"embeddable":true,"href":"https:\/\/www.europesays.com\/it\/wp-json\/wp\/v2\/media\/634834"}],"wp:attachment":[{"href":"https:\/\/www.europesays.com\/it\/wp-json\/wp\/v2\/media?parent=634833"}],"wp:term":[{"taxonomy":"category","embeddable":true,"href":"https:\/\/www.europesays.com\/it\/wp-json\/wp\/v2\/categories?post=634833"},{"taxonomy":"post_tag","embeddable":true,"href":"https:\/\/www.europesays.com\/it\/wp-json\/wp\/v2\/tags?post=634833"}],"curies":[{"name":"wp","href":"https:\/\/api.w.org\/{rel}","templated":true}]}}