{"id":634943,"date":"2026-08-16T12:36:20","date_gmt":"2026-08-16T12:36:20","guid":{"rendered":"https:\/\/www.europesays.com\/it\/634943\/"},"modified":"2026-08-16T12:36:20","modified_gmt":"2026-08-16T12:36:20","slug":"scadenze-fiscali-dal-17-al-23-agosto-2026-i-pagamenti-e-le-date","status":"publish","type":"post","link":"https:\/\/www.europesays.com\/it\/634943\/","title":{"rendered":"Scadenze fiscali dal 17 al 23 agosto 2026: i pagamenti e le date"},"content":{"rendered":"<p>Sono diverse le scadenze fiscali concentrate nei giorni che vanno<strong> dal 17 al 23 agosto 2026<\/strong>. Dopo la pausa di Ferragosto, infatti, il Fisco torna a battere cassa, inserendo in calendario diversi versamenti e adempimenti, che interessano contribuenti, professionisti e imprese.\n<\/p>\n<p>Scadenze fiscali, si parte dal 20 agosto: il calendario<\/p>\n<p>Il 20 agosto rappresenta infatti una sorta di data da esordio, il giorno in cui sono in programma diversi pagamenti mensili rimandati a dopo la <a href=\"https:\/\/quifinanza.it\/fisco-tasse\/scadenze-fiscali-10-agosto-16-agosto-2026\/1011014\/\" rel=\"nofollow noopener\" target=\"_blank\">pausa estiva dell\u2019Agenzia delle Entrate<\/a>, ma anche adempimenti periodici di imprese e sostituti d\u2019imposta e numerosi versamenti specifici.<\/p>\n<p>Tra i soggetti interessati:<\/p>\n<ul>\n<li>persone fisiche;<\/li>\n<li>societ\u00e0 di persone;<\/li>\n<li>soggetti Ires;<\/li>\n<li>contribuenti Iva;<\/li>\n<li>sostituti d\u2019imposta;<\/li>\n<li>intermediari finanziari;<\/li>\n<li>imprese elettriche;<\/li>\n<li>enti pubblici e operatori che gestiscono o intermediano <a href=\"https:\/\/quifinanza.it\/mercato-immobiliare\/affitti-brevi-attivita-impresa-sentenza-maggio-2026\/994435\/\" rel=\"nofollow noopener\" target=\"_blank\">locazioni brevi<\/a>.<\/li>\n<\/ul>\n<p>20 agosto 2026, pioggia di pagamenti per imprese e partite Iva<\/p>\n<p>Il 20 agosto, i soggetti che si adeguano alle risultanze degli <a href=\"https:\/\/quifinanza.it\/fisco-tasse\/isa-2026-proroga-scadenza-ritardo-software\/994495\/\" rel=\"nofollow noopener\" target=\"_blank\">indici sintetici di affidabilit\u00e0 fiscale (Isa)<\/a> nella dichiarazione dei redditi, nella dichiarazione Irap e nella dichiarazione Iva:<\/p>\n<ul>\n<li>se hanno optato per il<strong> pagamento dell\u2019Iva <\/strong>emersa dall\u2019adeguamento sfruttando il differimento di 30 giorni rispetto alla scadenza ordinaria, sono tenuti a versare l\u2019intero importo in un\u2019unica soluzione oppure la prima rata del piano di rateazione, ma con una maggiorazione dello 0,80% a titolo di interesse;<\/li>\n<li>se hanno scelto di rateizzare i versamenti, devono ora corrispondere la <strong>seconda rata del piano<\/strong>, alla quale si applicano gli interessi di rateazione nella misura dello 0,29% (quota stabilita per legge a titolo di tasso di dilazione periodico).<\/li>\n<\/ul>\n<p>Entro il 20 agosto, le imprese e i professionisti che operano come <strong>sostituti d\u2019imposta<\/strong> devono versare:<\/p>\n<ul>\n<li>le <strong>ritenute<\/strong> operate nel mese di luglio su redditi di lavoro dipendente e assimilati, redditi di lavoro autonomo, provvigioni, redditi di capitale e qualsiasi altro reddito interessato delle ritenute;<\/li>\n<li>l\u2019<strong>imposta sostitutiva dell\u2019Irpef<\/strong> e delle addizionali regionali e comunali sulle somme corrisposte nel mese di luglio ai dipendenti del settore privato in relazione a incrementi di produttivit\u00e0, redditivit\u00e0, qualit\u00e0, efficienza e innovazione;<\/li>\n<li>i <strong>contributi Inps<\/strong> relativi alle retribuzioni dei dipendenti o alla gestione separata per il mese di luglio<\/li>\n<\/ul>\n<p>Infine, i soggetti Iva, gioved\u00ec 20 agosto devono provvedere a:<\/p>\n<ul>\n<li>liquidare <strong>l\u2019Iva mensile<\/strong>, calcolando e versando l\u2019Iva relativa alle fatture emesse e ricevute nel mese di luglio;<\/li>\n<li>pagare la<strong> sesta rata dell\u2019Iva<\/strong> risultante dalla dichiarazione annuale (relativa al 2025) se hanno scelto la rateizzazione. In questo caso il versamento deve essere effettuato con la maggiorazione dell\u20191,65% mensile a titolo di interesse corrispettivo, secondo le modalit\u00e0 previste.<\/li>\n<\/ul>\n<p data-pm-slice=\"1 1 []\">Tra gli appuntamenti del 20 agosto rientrano infine:<\/p>\n<ul>\n<li data-pm-slice=\"1 1 []\">il pagamento della <strong>Tobin tax<\/strong>, cio\u00e8 l\u2019imposta sulle transazioni finanziarie, che riguarda banche, societ\u00e0 fiduciarie, imprese di investimento abilitate e altri soggetti che intervengono nell\u2019esecuzione delle operazioni finanziarie;<\/li>\n<li data-pm-slice=\"1 1 []\">il versamento della <strong>ritenuta sui canoni<\/strong> e corrispettivi relativi ai <a href=\"https:\/\/quifinanza.it\/mercato-immobiliare\/affitti-brevi-attivita-impresa-sentenza-maggio-2026\/994435\/\" rel=\"nofollow noopener\" target=\"_blank\">contratti di locazione breve<\/a> da parte dei soggetti residenti che svolgono attivit\u00e0 di intermediazione immobiliare e i gestori di portali telematici che mettono in contatto persone in cerca di un immobile con proprietari;<\/li>\n<li data-pm-slice=\"1 1 []\">il saldo dell\u2019imposta relativa alle attivit\u00e0 svolte nel mese di luglio da parte dei soggetti che esercitano <strong>attivit\u00e0 di intrattenimento<\/strong> con carattere di continuit\u00e0 e quello dell\u2019imposta sostitutiva prevista sui proventi derivanti dall\u2019attivit\u00e0 di <strong>noleggio occasionale<\/strong> di imbarcazioni e navi da diporto.<\/li>\n<\/ul>\n<p>Versamenti Ires del 20 agosto: i soggetti interessati<\/p>\n<p>I <strong>soggetti Ires c<\/strong>he hanno scelto il pagamento rateale delle imposte risultanti dalla dichiarazione dei redditi, devono provvedere al versamento entro il 20 agosto. In particolare, sono interessati:<\/p>\n<ul>\n<li><strong>societ\u00e0 di capitali<\/strong> e soggetti Ires con esercizio \u201ca cavallo\u201d (o non solare), ovvero enti e societ\u00e0 con un periodo d\u2019imposta non coincidente con l\u2019anno solare (ad esempio, con chiusura del bilancio al 30 giugno o al 30 settembre), per i quali i termini ordinari di versamento di saldo e acconto cadono in estate. Societ\u00e0 di capitali con approvazione del bilancio a 180 giorni;<\/li>\n<li><strong>societ\u00e0 con esercizio<\/strong> coincidente solare (chiuso al 31 dicembre) che hanno approvato il bilancio nei termini lunghi di 180 giorni (sfruttando le specifiche previsioni statutarie) e che versano le imposte dovute avvalendosi dei giorni di differimento o della rateizzazione;<\/li>\n<li><strong>contribuenti<\/strong> in regime di trasparenza fiscale, e cio\u00e8 soci persone fisiche o soggetti Irpef di societ\u00e0 di capitali che imputano il reddito societario Ires \u201cper trasparenza\u201d alla propria dichiarazione, beneficiando in tal caso delle proroghe previste per i soggetti Isa o <a href=\"https:\/\/quifinanza.it\/fisco-tasse\/certificazione-unica-forfettari-obbligo-fattura-2026\/1008286\/\" rel=\"nofollow noopener\" target=\"_blank\">forfettari<\/a>.<\/li>\n<\/ul>\n<p>Scadenze e adempimenti che interessano cittadini e persone fisiche<\/p>\n<p>Per cittadini, persone fisiche e societ\u00e0 di persone che hanno scelto di pagare a rate le imposte risultanti dalle <a href=\"https:\/\/quifinanza.it\/fisco-tasse\/dichiarazioni-redditi-2026-modelli-aggiornati-novita\/955933\/\" rel=\"nofollow noopener\" target=\"_blank\">dichiarazioni dei redditi<\/a> e che hanno effettuato il primo versamento entro il 30 giugno 2026 e hanno optato per il pagamento rateale, il\u00a020 agosto arriva il momento della <strong>terza rata<\/strong> <strong>del 730<\/strong>. Il versamento pu\u00f2 riguardare, a seconda della situazione fiscale individuale, l\u2019Irpef, le addizionali regionale e comunale e gli altri importi dovuti sulla base della dichiarazione.<\/p>\n<blockquote class=\"instagram-media\" data-instgrm-captioned=\"\" data-instgrm-permalink=\"https:\/\/www.instagram.com\/p\/DZ7JxwWCkeA\/?utm_source=ig_embed&amp;utm_campaign=loading\" data-instgrm-version=\"14\" style=\" background:#FFF; border:0; border-radius:3px; box-shadow:0 0 1px 0 rgba(0,0,0,0.5),0 1px 10px 0 rgba(0,0,0,0.15); margin: 1px; max-width:100%; min-width:326px; padding:0; width:99.375%; width:-webkit-calc(100% - 2px); width:calc(100% - 2px);\"\/>\n<p>\t<script async src=\"\/\/www.instagram.com\/embed.js\"><\/script><\/p>\n","protected":false},"excerpt":{"rendered":"Sono diverse le scadenze fiscali concentrate nei giorni che vanno dal 17 al 23 agosto 2026. Dopo la&hellip;\n","protected":false},"author":3,"featured_media":634944,"comment_status":"","ping_status":"","sticky":false,"template":"","format":"standard","meta":{"footnotes":"","_share_on_mastodon":"0"},"categories":[172],"tags":[178,17,177,16,1537,90,89],"class_list":["post-634943","post","type-post","status-publish","format-standard","has-post-thumbnail","category-affari","tag-affari","tag-agenzia-delle-entrate","tag-business","tag-fisco-e-tasse","tag-it","tag-italia","tag-italy"],"share_on_mastodon":{"url":"https:\/\/pubeurope.com\/@it\/117105222465778780","error":""},"_links":{"self":[{"href":"https:\/\/www.europesays.com\/it\/wp-json\/wp\/v2\/posts\/634943","targetHints":{"allow":["GET"]}}],"collection":[{"href":"https:\/\/www.europesays.com\/it\/wp-json\/wp\/v2\/posts"}],"about":[{"href":"https:\/\/www.europesays.com\/it\/wp-json\/wp\/v2\/types\/post"}],"author":[{"embeddable":true,"href":"https:\/\/www.europesays.com\/it\/wp-json\/wp\/v2\/users\/3"}],"replies":[{"embeddable":true,"href":"https:\/\/www.europesays.com\/it\/wp-json\/wp\/v2\/comments?post=634943"}],"version-history":[{"count":0,"href":"https:\/\/www.europesays.com\/it\/wp-json\/wp\/v2\/posts\/634943\/revisions"}],"wp:featuredmedia":[{"embeddable":true,"href":"https:\/\/www.europesays.com\/it\/wp-json\/wp\/v2\/media\/634944"}],"wp:attachment":[{"href":"https:\/\/www.europesays.com\/it\/wp-json\/wp\/v2\/media?parent=634943"}],"wp:term":[{"taxonomy":"category","embeddable":true,"href":"https:\/\/www.europesays.com\/it\/wp-json\/wp\/v2\/categories?post=634943"},{"taxonomy":"post_tag","embeddable":true,"href":"https:\/\/www.europesays.com\/it\/wp-json\/wp\/v2\/tags?post=634943"}],"curies":[{"name":"wp","href":"https:\/\/api.w.org\/{rel}","templated":true}]}}