{"id":634992,"date":"2026-08-16T13:20:14","date_gmt":"2026-08-16T13:20:14","guid":{"rendered":"https:\/\/www.europesays.com\/it\/634992\/"},"modified":"2026-08-16T13:20:14","modified_gmt":"2026-08-16T13:20:14","slug":"bruce-willis-che-e-apparso-in-uno-scatto-al-matrimonio-della-figlia-tallulah-con-justin-acee-ma-come-sta-oggi","status":"publish","type":"post","link":"https:\/\/www.europesays.com\/it\/634992\/","title":{"rendered":"Bruce Willis, che \u00e8 apparso in uno scatto al matrimonio della figlia Tallulah con Justin Acee. Ma come sta oggi?"},"content":{"rendered":"<p>La nuova foto con <a href=\"https:\/\/www.vanityfair.it\/article\/bruce-willis-71-anni-dediche-social-emma-heming-demi-moore-tutto-cio-di-cui-hai-bisogno-amore\" rel=\"nofollow noopener\" target=\"_blank\">pap\u00e0 Bruce, 71 anni<\/a>, crea particolare emozione perch\u00e9 <strong>l\u2019attore di Die Hard si \u00e8 ritirato dalle scene nel 2022 quando gli era stata diagnosticata una forma di afasia, tra i primi sintomi di quella che \u00e8 stata poi diagnosticata come<\/strong>  <a href=\"https:\/\/www.vanityfair.it\/article\/bruce-willis-la-demenza-frontotemporale-e-perche-il-suo-cervello-sta-cedendo\" rel=\"nofollow noopener\" target=\"_blank\">demenza frontotemporale<\/a>.<\/p>\n<p>Non ci sono stati in contemporanea nuovi aggiornamenti sullo stato di salute della star del cinema, sulle cui condizioni si era espressa un anno fa la moglie Emma Heming, rivelando in un&#8217;intervista alla ABC, che Bruce \u00absta molto bene\u00bb fisicamente, ma il suo cervello \u00absta cedendo\u00bb, compromettendo la sua capacit\u00e0 di comunicare con il mondo esterno. \u00abBruce si muove ancora ed \u00e8 in buona salute generale. \u00c8 solo il suo cervello che lo sta tradendo\u00bb, aveva specificato poi Heming a Diane Sawyer durante lo speciale Emma &amp; Bruce Willis: The Unexpected Journey.<\/p>\n<p>La famiglia dell\u2019attore, celebre per il ruolo di John McClane in Die Hard, aveva annunciato nel 2023 la diagnosi di una forma di demenza che colpisce la personalit\u00e0 e pu\u00f2 causare cambiamenti nel comportamento: ritiratosi dalle scene, si \u00e8 poi parlato in modo pi\u00f9 specifico di <a href=\"https:\/\/www.vanityfair.it\/article\/bruce-willis-demenza-frontotemporale-sintomi-studi\" rel=\"nofollow noopener\" target=\"_blank\"><strong>demenza frontotemporale (FTD)<\/strong><\/a>.<\/p>\n<p>Tallulah \u00e8 la pi\u00f9 giovane delle tre figlie (dopo <a href=\"https:\/\/www.vanityfair.it\/article\/rumer-willis-malattia-cambiato-mio-padre-bruce-willis-macho-tenerezza\" rel=\"nofollow noopener\" target=\"_blank\">Rumer<\/a> e Scout) avute dall\u2019ex Demi Moore, mentre con <a href=\"https:\/\/www.vanityfair.it\/article\/emma-heming-marito-bruce-willis-non-consapevole-malattia-felice\" rel=\"nofollow noopener\" target=\"_blank\">l\u2019attuale moglie Emma Heming Willis<\/a> ne ha altre due, Mabel ed Evelyn.<\/p>\n<p>La malattia che ha colpito l&#8217;attore, infatti, intacca in particolare le sue capacit\u00e0 linguistiche (la famiglia aveva tempo fa dichiarato che Willis ha impedimenti nella comunicazione, con difficolt\u00e0 di comprensione) senza avere per il momento conseguenze gravi su quelle motorie. Pare per\u00f2 che l\u2019attore non si renda conto della sua condizione attuale.<\/p>\n<p>Soprattutto negli ultimi anni <a href=\"https:\/\/www.vanityfair.it\/article\/article\/rumer-willis-per-provvedere-mia-figlia-faccio-quattro-lavori-non-ricevo-soldi-mamma-papa\" rel=\"nofollow noopener\" target=\"_blank\"><strong>la famiglia Willis, un nucleo domestico allargato<\/strong><\/a> fatto di celebrazioni intime con tanto di pigiami coordinati, ha voluto condividere con i fan su Instagram la semplicit\u00e0 di alcune tradizioni, rigorosamente rispettate da Bruce con le donne della sua vita.<\/p>\n","protected":false},"excerpt":{"rendered":"La nuova foto con pap\u00e0 Bruce, 71 anni, crea particolare emozione perch\u00e9 l\u2019attore di Die Hard si \u00e8&hellip;\n","protected":false},"author":3,"featured_media":634993,"comment_status":"","ping_status":"","sticky":false,"template":"","format":"standard","meta":{"footnotes":"","_share_on_mastodon":"0"},"categories":[1451],"tags":[1622,1621,1620,62836,203,204,1537,90,89],"class_list":["post-634992","post","type-post","status-publish","format-standard","has-post-thumbnail","category-celebrita","tag-bruce-willis","tag-celebrita","tag-celebrities","tag-demi-moore","tag-entertainment","tag-intrattenimento","tag-it","tag-italia","tag-italy"],"share_on_mastodon":{"url":"https:\/\/pubeurope.com\/@it\/117105395535428806","error":""},"_links":{"self":[{"href":"https:\/\/www.europesays.com\/it\/wp-json\/wp\/v2\/posts\/634992","targetHints":{"allow":["GET"]}}],"collection":[{"href":"https:\/\/www.europesays.com\/it\/wp-json\/wp\/v2\/posts"}],"about":[{"href":"https:\/\/www.europesays.com\/it\/wp-json\/wp\/v2\/types\/post"}],"author":[{"embeddable":true,"href":"https:\/\/www.europesays.com\/it\/wp-json\/wp\/v2\/users\/3"}],"replies":[{"embeddable":true,"href":"https:\/\/www.europesays.com\/it\/wp-json\/wp\/v2\/comments?post=634992"}],"version-history":[{"count":0,"href":"https:\/\/www.europesays.com\/it\/wp-json\/wp\/v2\/posts\/634992\/revisions"}],"wp:featuredmedia":[{"embeddable":true,"href":"https:\/\/www.europesays.com\/it\/wp-json\/wp\/v2\/media\/634993"}],"wp:attachment":[{"href":"https:\/\/www.europesays.com\/it\/wp-json\/wp\/v2\/media?parent=634992"}],"wp:term":[{"taxonomy":"category","embeddable":true,"href":"https:\/\/www.europesays.com\/it\/wp-json\/wp\/v2\/categories?post=634992"},{"taxonomy":"post_tag","embeddable":true,"href":"https:\/\/www.europesays.com\/it\/wp-json\/wp\/v2\/tags?post=634992"}],"curies":[{"name":"wp","href":"https:\/\/api.w.org\/{rel}","templated":true}]}}