{"id":635131,"date":"2026-08-16T15:30:17","date_gmt":"2026-08-16T15:30:17","guid":{"rendered":"https:\/\/www.europesays.com\/it\/635131\/"},"modified":"2026-08-16T15:30:17","modified_gmt":"2026-08-16T15:30:17","slug":"passo-gavia-si-da-qui-e-piu-lungo-ma-anche-piu-facile","status":"publish","type":"post","link":"https:\/\/www.europesays.com\/it\/635131\/","title":{"rendered":"Passo Gavia: s\u00ec, da qui \u00e8 pi\u00f9 lungo ma anche pi\u00f9 \u201cfacile\u201d"},"content":{"rendered":"<p>&#13;<br \/>\n        &#13;<br \/>\n&#13;<br \/>\n        &#13;<\/p>\n<p>            <a href=\"https:\/\/www.quicicloturismo.it\/wp-content\/uploads\/2026\/08\/Screenshot-2026-08-07-alle-16.07.32.png\" data-caption=\"\" rel=\"nofollow noopener\" target=\"_blank\"><img loading=\"lazy\" decoding=\"async\" width=\"696\" height=\"388\" class=\"entry-thumb td-modal-image lazyload\" src=\"https:\/\/www.europesays.com\/it\/wp-content\/uploads\/2026\/08\/Screenshot-2026-08-07-alle-16.07.32-696x388.png\"  data- alt=\"\" title=\"Screenshot 2026-08-07 alle 16.07.32\" style=\"--smush-placeholder-width: 696px; --smush-placeholder-aspect-ratio: 696\/388;\"\/><\/a><\/p>\n<p><strong>Il lato valtellinese del Passo Gavia misura oltre 25 chilometri e presenta cento metri di dislivello in pi\u00f9 rispetto a quello bresciano. Ha una pendenza media del 5,5 per cento, ma con un settore centrale impegnativo che si conclude vicino all\u2019Alpe Gavia. Il finale \u00e8 bellissimo. Raggiunto il Rifugio Berni si pedala per due chilometri in un ampio pianoro di origine glaciale che culmina nel Lago Bianco<\/strong>&#8230;<\/p>\n<p style=\"text-align: center\">Ami il ciclismo? Vuoi leggere questo articolo e tutti i contenuti esclusivi di quicicloturismo.it? Aderisci alle offerte EXTRA di Cicloturismo <a href=\"https:\/\/www.quicicloturismo.it\/piani-di-abbonamento\/\" rel=\"nofollow noopener\" target=\"_blank\"><strong>cliccando qui<\/strong><\/a>.<br \/>Se sei gia abbonato <a href=\"https:\/\/www.quicicloturismo.it\/login\/\" rel=\"nofollow noopener\" target=\"_blank\"><strong>clicca qui<\/strong><\/a> per accedere.<\/p>\n<p>        &#13;<br \/>\n&#13;<br \/>\n        &#13;<br \/>\n                        &#13;<br \/>\n            &#13;<br \/>\n&#13;<br \/>\n                                                        &#13;<br \/>\n&#13;<\/p>\n","protected":false},"excerpt":{"rendered":"&#13; &#13; &#13; &#13; Il lato valtellinese del Passo Gavia misura oltre 25 chilometri e presenta cento metri&hellip;\n","protected":false},"author":3,"featured_media":635132,"comment_status":"","ping_status":"","sticky":false,"template":"","format":"standard","meta":{"footnotes":"","_share_on_mastodon":"0"},"categories":[1456],"tags":[14777,1824,1825,1537,90,89,350410,245,244],"class_list":["post-635131","post","type-post","status-publish","format-standard","has-post-thumbnail","category-ciclismo","tag-bormio","tag-ciclismo","tag-cycling","tag-it","tag-italia","tag-italy","tag-passo-gavia","tag-sport","tag-sports"],"share_on_mastodon":{"url":"https:\/\/pubeurope.com\/@it\/117105907332413668","error":""},"_links":{"self":[{"href":"https:\/\/www.europesays.com\/it\/wp-json\/wp\/v2\/posts\/635131","targetHints":{"allow":["GET"]}}],"collection":[{"href":"https:\/\/www.europesays.com\/it\/wp-json\/wp\/v2\/posts"}],"about":[{"href":"https:\/\/www.europesays.com\/it\/wp-json\/wp\/v2\/types\/post"}],"author":[{"embeddable":true,"href":"https:\/\/www.europesays.com\/it\/wp-json\/wp\/v2\/users\/3"}],"replies":[{"embeddable":true,"href":"https:\/\/www.europesays.com\/it\/wp-json\/wp\/v2\/comments?post=635131"}],"version-history":[{"count":0,"href":"https:\/\/www.europesays.com\/it\/wp-json\/wp\/v2\/posts\/635131\/revisions"}],"wp:featuredmedia":[{"embeddable":true,"href":"https:\/\/www.europesays.com\/it\/wp-json\/wp\/v2\/media\/635132"}],"wp:attachment":[{"href":"https:\/\/www.europesays.com\/it\/wp-json\/wp\/v2\/media?parent=635131"}],"wp:term":[{"taxonomy":"category","embeddable":true,"href":"https:\/\/www.europesays.com\/it\/wp-json\/wp\/v2\/categories?post=635131"},{"taxonomy":"post_tag","embeddable":true,"href":"https:\/\/www.europesays.com\/it\/wp-json\/wp\/v2\/tags?post=635131"}],"curies":[{"name":"wp","href":"https:\/\/api.w.org\/{rel}","templated":true}]}}