{"id":635179,"date":"2026-08-16T16:10:21","date_gmt":"2026-08-16T16:10:21","guid":{"rendered":"https:\/\/www.europesays.com\/it\/635179\/"},"modified":"2026-08-16T16:10:21","modified_gmt":"2026-08-16T16:10:21","slug":"sandali-oro-di-chiara-maci-le-scarpe-da-avere-per-le-sere-destate-2026","status":"publish","type":"post","link":"https:\/\/www.europesays.com\/it\/635179\/","title":{"rendered":"Sandali oro di Chiara Maci, le scarpe da avere per le sere d&#8217;Estate 2026"},"content":{"rendered":"<p data-journey-content=\"true\" data-node-id=\"3\" class=\"css-1ood0zq emevuu60\">Tra i <strong data-node-id=\"3.1\"><a href=\"https:\/\/www.elle.com\/it\/shopping\/scarpe\/a73281011\/sandali-comodi-per-camminare-comfort-eleganza-estate\/\" target=\"_blank\" data-vars-ga-outbound-link=\"https:\/\/www.elle.com\/it\/shopping\/scarpe\/a73281011\/sandali-comodi-per-camminare-comfort-eleganza-estate\/\" data-vars-ga-ux-element=\"Hyperlink\" data-vars-ga-call-to-action=\"sandali\" data-node-id=\"3.1.0\" class=\"body-link css-ohbdae emevuu60\" rel=\"nofollow noopener\">sandali<\/a> <\/strong>da avere nel guardaroba estivo, quelli dorati hanno sicuramente un twist speciale. Luminosi e facili da abbinare, soprattutto quando le temperature invitano a scoprire le gambe, il <strong data-node-id=\"3.3\">sandalo oro<\/strong> riesce infatti a dare subito un tocco pi\u00f9 ricercato anche al look pi\u00f9 semplice. E non \u00e8 solo una questione di stile. Il sandalo flat dorato \u00e8 anche l\u2019<strong data-node-id=\"3.5\">alternativa comoda ed elegante ai tacchi<\/strong>. Perfetto da tenere in valigia (e nella borsa) per quelle occasioni in cui si vuole essere impeccabili senza rinunciare alla praticit\u00e0, diventa soprattutto il <strong data-node-id=\"3.7\">cambio ideale per una cerimonia<\/strong>: dopo ore passate sui tacchi alti, infilare un paio di sandali flat permette di continuare la serata con un look sofisticato, ma decisamente pi\u00f9 confortevole.<\/p>\n<p data-journey-content=\"true\" data-node-id=\"7\" class=\"css-1ood0zq emevuu60\"><a href=\"https:\/\/iscriviti-elle.hearst.it\/registrazione\/?utm_source=sito&amp;utm_medium=articoli&amp;utm_campaign=nl_beauty\" data-vars-ga-outbound-link=\"https:\/\/iscriviti-elle.hearst.it\/registrazione\/?utm_source=sito&amp;utm_medium=articoli&amp;utm_campaign=nl_beauty\" data-vars-ga-ux-element=\"Hyperlink\" data-vars-ga-call-to-action=\"Il meglio della settimana di moda e beauty. Iscriviti alla newsletter di Elle pensata per raccontarti trend, prodotti e insider tips.\" data-node-id=\"7.0\" data-mrf-link=\"https:\/\/iscriviti-elle.hearst.it\/registrazione\/?utm_source=sito&amp;utm_medium=articoli&amp;utm_campaign=nl_beauty\" class=\"body-link css-ohbdae emevuu60\" rel=\"nofollow noopener\" target=\"_blank\">Il meglio della settimana di moda e beauty. Iscriviti alla newsletter di Elle pensata per raccontarti trend, prodotti e insider tips.<\/a><\/p>\n<p data-journey-content=\"true\" data-node-id=\"12\" class=\"css-1ood0zq emevuu60\">Nella foto condivisa su IG, anche <strong data-node-id=\"12.1\"><a href=\"https:\/\/www.elle.com\/it\/moda\/street-style\/a71171606\/shorts-a-bandana-tendenza-primavera-estate-2026\/\" target=\"_blank\" data-vars-ga-outbound-link=\"https:\/\/www.elle.com\/it\/moda\/street-style\/a71171606\/shorts-a-bandana-tendenza-primavera-estate-2026\/\" data-vars-ga-ux-element=\"Hyperlink\" data-vars-ga-call-to-action=\"Chiara Maci\" data-node-id=\"12.1.0\" class=\"body-link css-ohbdae emevuu60\" rel=\"nofollow noopener\">Chiara Maci<\/a> <\/strong>sceglie proprio questa versione del sandalo dorato per una cena al Convento Francescano, in Cilento. Il modello scelto dalla food creator \u00e8 un <strong data-node-id=\"12.3\">sandalo minimal color oro<\/strong>, con <strong data-node-id=\"12.5\">sottili listini <\/strong><strong data-node-id=\"12.6\">che lasciano il piede scoperto <\/strong>e una<strong data-node-id=\"12.8\"> silhouette essenziale<\/strong>. Indossati con un abito nero con schiena scoperta, questi sandali dal finish metallizzato aggiungono poi luce al look, diventando perfetti anche per un\u2019occasione serale.<br data-node-id=\"12.10\"\/><\/p>\n<p><img draggable=\"true\" alt=\"i sandali oro di chiara maci\" title=\"I sandali oro di Chiara Maci\" loading=\"lazy\" width=\"928\" height=\"1600\" decoding=\"async\" data-nimg=\"1\" style=\"color:transparent;width:100%;height:auto;\"   src=\"https:\/\/www.europesays.com\/it\/wp-content\/uploads\/2026\/08\/03b76141-7ba0-416d-b369-7d40f585906e.jpeg\" class=\"css-0 e1ddfba50\"\/><a target=\"_blank\" rel=\"noopener nofollow\" data-theme-key=\"base-link\" href=\"https:\/\/pinterest.com\/pin\/create\/button\/?url=https:\/\/www.elle.com\/it\/moda\/street-style\/a73389394\/sandali-oro-chiara-maci-trend-estate-2026\/&amp;description=elleitalia&amp;media=https:\/\/hips.hearstapps.com\/hmg-prod\/images\/03b76141-7ba0-416d-b369-7d40f585906e.jpeg?resize=1600:*\" class=\"pinterest css-on9hn5 e1socmtw0\"><img decoding=\"async\" data-dynamic-svg=\"true\" src=\"https:\/\/www.elle.com\/_assets\/design-tokens\/fre\/static\/icons\/social\/pinterest.e8cf655.svg?primary=%2523ffffff\" loading=\"lazy\" data-testid=\"dynamic-svg-base\" height=\"auto\" width=\"auto\" alt=\"pinterest\" class=\"css-4lml0h e1mlxuuw1\"\/><\/a>Come indossare i sandali oro di Chiara Maci per i look dell&#8217;Estate 2026?<\/p>\n<p data-journey-content=\"true\" data-node-id=\"23\" class=\"css-1ood0zq emevuu60\">Per un look da citt\u00e0, il modo pi\u00f9 semplice \u00e8 abbinarli a un paio di bermuda sartoriali, una camicia bianca leggermente over e una borsa strutturata. Il contrasto tra capi essenziali e dettagli dorati render\u00e0 l\u2019insieme pi\u00f9 sofisticato e serale. Con gli shorts, invece, si possono scegliere canotte o t-shirt basic e una cintura gioiello, lasciando che siano i sandali a dare luce all\u2019outfit. In vacanza, poi, il sandalo oro diventa ancora pi\u00f9 versatile: sta benissimo con un abito corto e svolazzante, con un minidress bianco o con un abito lungo e leggero da indossare per una cena vista mare.<strong data-node-id=\"23.1\"> Il nostro<\/strong><strong data-node-id=\"23.2\"> consiglio? Lasciargli spazio per brillare, senza dover indossare altri capi o accessori dorati<\/strong>.<\/p>\n<p><img decoding=\"async\" data-dynamic-svg=\"true\" src=\"https:\/\/www.elle.com\/_assets\/design-tokens\/fre\/static\/icons\/arrow-right.7440adc.svg?primary=%2523D4D4D4\" loading=\"lazy\" data-testid=\"dynamic-svg-base\" height=\"auto\" width=\"auto\" aria-label=\"Prev carousel button\" alt=\"Chevron Left Icon\" data-theme-key=\"icon-button-icon\" transform=\"scaleX(-1)\" class=\"css-14vtfey erhb41k0\"\/><img decoding=\"async\" data-dynamic-svg=\"true\" src=\"https:\/\/www.elle.com\/_assets\/design-tokens\/fre\/static\/icons\/arrow-right.7440adc.svg?primary=%25230f0f15\" loading=\"lazy\" data-testid=\"dynamic-svg-base\" height=\"auto\" width=\"auto\" aria-label=\"Next carousel button\" alt=\"Chevron Right Icon\" data-theme-key=\"icon-button-icon\" class=\"css-18znc9e erhb41k0\"\/>Dove acquistare i sandali oro come quelli di Chiara MaciSandali bassi in pelle color oro con finitura metallizzata, Aeyde<a target=\"_blank\" rel=\"nofollow noopener\" data-theme-key=\"product-image-wrapper\" href=\"https:\/\/go.redirectingat.com?id=86393X1538931&amp;url=https%3A%2F%2Fwww.farfetch.com%2Fit%2Fshopping%2Fwomen%2Faeyde-sandali-ella-item-37166443.aspx\" aria-label=\"295\u00a0\u20ac su Farfetch per Sandali bassi in pelle color oro con finitura metallizzata, Aeyde\" data-href=\"https:\/\/www.farfetch.com\/it\/shopping\/women\/aeyde-sandali-ella-item-37166443.aspx\" data-product-url=\"https:\/\/www.farfetch.com\/it\/shopping\/women\/aeyde-sandali-ella-item-37166443.aspx\" data-affiliate=\"true\" data-affiliate-url=\"https:\/\/go.redirectingat.com?id=86393X1538931&amp;url=https%3A%2F%2Fwww.farfetch.com%2Fit%2Fshopping%2Fwomen%2Faeyde-sandali-ella-item-37166443.aspx\" data-affiliate-network=\"{&quot;site_id&quot;:&quot;315b2bba-c4a8-446d-9237-6e6750390ee7&quot;,&quot;network&quot;:{&quot;name&quot;:&quot;Skimlinks&quot;}}\" data-fp-affiliate-inline-link=\"true\" data-fp-affiliate-button-link=\"false\" data-vars-ga-call-to-action=\"295\u00a0\u20ac su Farfetch\" data-vars-ga-media-role=\"\" data-vars-ga-media-type=\"Single Product Embed\" data-vars-ga-outbound-link=\"https:\/\/www.farfetch.com\/it\/shopping\/women\/aeyde-sandali-ella-item-37166443.aspx\" data-vars-ga-product-brand=\"Aeyde\" data-vars-ga-product-id=\"6877c6a1-7e9a-470d-bc0b-f7971c2b58c1\" data-vars-ga-product-price=\"295,00\u00a0\u20ac\" data-vars-ga-product-retailer-id=\"f3852acf-c95d-45c5-ab7a-5f5697c3db0b\" data-vars-ga-product-sem3-brand=\"Aeyde\" data-vars-ga-link-treatment=\"(not set) | (not set)\" data-vars-ga-sku=\"farfetch_37166443\" data-vars-ga-magento-tracking=\"1\" class=\"product-image-link ebgq4gw7 e12px3ys0 css-g6od0w e1socmtw0\"><img  alt=\"Sandali bassi in pelle color oro con finitura metallizzata, Aeyde\" title=\"Sandali bassi in pelle color oro con finitura metallizzata, Aeyde\" data-fp-product-image=\"true\" datafptag=\"data-fp-product-image\" src=\"https:\/\/www.europesays.com\/it\/wp-content\/uploads\/2026\/08\/1786357831-edc681fc-c8f7-48de-8240-73c2a4d48177.jpg\" width=\"480\" height=\"317\" decoding=\"async\" loading=\"lazy\"\/><\/a>Sandali bassi in pelle color oro con finitura metallizzata, AeydeSandali bassi oro con fasce metallizzate, Mango<a target=\"_blank\" rel=\"nofollow noopener\" data-theme-key=\"product-image-wrapper\" href=\"https:\/\/click.linksynergy.com\/deeplink?id=2fv8O7DnZlc&amp;mid=53120&amp;u1=ellit|xid:{xid}&amp;murl=https%3A%2F%2Fshop.mango.com%2Fit%2Fit%2Fp%2Fdonna%2Fscarpe%2Fsandali-bassi%2Fsandali-fasce-metallizzate%2F37001382%2FOR%2F00\" aria-label=\"26\u00a0\u20ac su Mango per Sandali bassi oro con fasce metallizzate, Mango\" data-href=\"https:\/\/shop.mango.com\/it\/it\/p\/donna\/scarpe\/sandali-bassi\/sandali-fasce-metallizzate\/37001382\/OR\/00\" data-product-url=\"https:\/\/shop.mango.com\/it\/it\/p\/donna\/scarpe\/sandali-bassi\/sandali-fasce-metallizzate\/37001382\/OR\/00\" data-affiliate=\"true\" data-affiliate-url=\"https:\/\/click.linksynergy.com\/deeplink?id=2fv8O7DnZlc&amp;mid=53120&amp;u1=ellit|xid:{xid}&amp;murl=https%3A%2F%2Fshop.mango.com%2Fit%2Fit%2Fp%2Fdonna%2Fscarpe%2Fsandali-bassi%2Fsandali-fasce-metallizzate%2F37001382%2FOR%2F00\" data-affiliate-network=\"{&quot;site_id&quot;:&quot;315b2bba-c4a8-446d-9237-6e6750390ee7&quot;,&quot;network&quot;:{&quot;name&quot;:&quot;Trackonomics&quot;},&quot;metadata&quot;:{&quot;trackonomics&quot;:{&quot;network_name&quot;:&quot;ls&quot;}},&quot;product_metadata&quot;:{&quot;315b2bba-c4a8-446d-9237-6e6750390ee7&quot;:{&quot;network_name&quot;:&quot;ls&quot;,&quot;link&quot;:&quot;https:\/\/click.linksynergy.com\/deeplink?id=2fv8O7DnZlc&amp;mid=53120&amp;u1={subid}&amp;murl=https%3A%2F%2Fshop.mango.com%2Fit%2Fit%2Fp%2Fdonna%2Fscarpe%2Fsandali-bassi%2Fsandali-fasce-metallizzate%2F37001382%2FOR%2F00&quot;}}}\" data-fp-affiliate-inline-link=\"true\" data-fp-affiliate-button-link=\"false\" data-vars-ga-call-to-action=\"26\u00a0\u20ac su Mango\" data-vars-ga-media-role=\"\" data-vars-ga-media-type=\"Single Product Embed\" data-vars-ga-outbound-link=\"https:\/\/shop.mango.com\/it\/it\/p\/donna\/scarpe\/sandali-bassi\/sandali-fasce-metallizzate\/37001382\/OR\/00\" data-vars-ga-product-id=\"dd05ca43-e460-48b3-8681-9e0cc14a73ca\" data-vars-ga-product-price=\"25,99\u00a0\u20ac\" data-vars-ga-product-retailer-id=\"bb2b761e-d777-4d37-be56-91da13731835\" data-vars-ga-link-treatment=\"sale | (not set)\" class=\"product-image-link ebgq4gw7 e12px3ys0 css-g6od0w e1socmtw0\"><img  alt=\"Sandali bassi oro con fasce metallizzate, Mango\" title=\"Sandali bassi oro con fasce metallizzate, Mango\" data-fp-product-image=\"true\" datafptag=\"data-fp-product-image\" src=\"https:\/\/www.europesays.com\/it\/wp-content\/uploads\/2026\/08\/1786357992-e2176b40-a315-40ad-8410-f3786ea55deb.jpg\" width=\"537\" height=\"417\" decoding=\"async\" loading=\"lazy\"\/><\/a>Sandali bassi oro con fasce metallizzate, Mango<\/p>\n<p>Ora in sconto del 43%<\/p>\n<p>Sandali bassi oro in pelle con lacci e fibbia regolabile, Stradivarius<a target=\"_blank\" rel=\"nofollow noopener\" data-theme-key=\"product-image-wrapper\" href=\"https:\/\/www.awin1.com\/cread.php?awinmid=9830&amp;awinaffid=678969&amp;campaign=&amp;clickref=ellit|xid:{xid}&amp;ued=https%3A%2F%2Fwww.stradivarius.com%2Fit%2Fsandali-bassi-in-pelle-con-fascette-e-laccetti-l19750870%3Fpelement%3D511324035%26colorId%3D091&amp;platform=pl\" aria-label=\"22\u00a0\u20ac su stradivarius.com per Sandali bassi oro in pelle con lacci e fibbia regolabile, Stradivarius\" data-href=\"https:\/\/www.stradivarius.com\/it\/sandali-bassi-in-pelle-con-fascette-e-laccetti-l19750870?pelement=511324035&amp;colorId=091\" data-product-url=\"https:\/\/www.stradivarius.com\/it\/sandali-bassi-in-pelle-con-fascette-e-laccetti-l19750870?pelement=511324035&amp;colorId=091\" data-affiliate=\"true\" data-affiliate-url=\"https:\/\/www.awin1.com\/cread.php?awinmid=9830&amp;awinaffid=678969&amp;campaign=&amp;clickref=ellit|xid:{xid}&amp;ued=https%3A%2F%2Fwww.stradivarius.com%2Fit%2Fsandali-bassi-in-pelle-con-fascette-e-laccetti-l19750870%3Fpelement%3D511324035%26colorId%3D091&amp;platform=pl\" data-affiliate-network=\"{&quot;site_id&quot;:&quot;315b2bba-c4a8-446d-9237-6e6750390ee7&quot;,&quot;network&quot;:{&quot;name&quot;:&quot;Trackonomics&quot;},&quot;metadata&quot;:{&quot;trackonomics&quot;:{&quot;network_name&quot;:&quot;awin&quot;}},&quot;product_metadata&quot;:{&quot;315b2bba-c4a8-446d-9237-6e6750390ee7&quot;:{&quot;network_name&quot;:&quot;awin&quot;,&quot;link&quot;:&quot;https:\/\/www.awin1.com\/cread.php?awinmid=9830&amp;awinaffid=678969&amp;campaign=&amp;clickref={subid}&amp;ued=https%3A%2F%2Fwww.stradivarius.com%2Fit%2Fsandali-bassi-in-pelle-con-fascette-e-laccetti-l19750870%3Fpelement%3D511324035%26colorId%3D091&amp;platform=pl&quot;}}}\" data-fp-affiliate-inline-link=\"true\" data-fp-affiliate-button-link=\"false\" data-vars-ga-call-to-action=\"22\u00a0\u20ac su stradivarius.com\" data-vars-ga-media-role=\"\" data-vars-ga-media-type=\"Single Product Embed\" data-vars-ga-outbound-link=\"https:\/\/www.stradivarius.com\/it\/sandali-bassi-in-pelle-con-fascette-e-laccetti-l19750870?pelement=511324035&amp;colorId=091\" data-vars-ga-product-id=\"e11135af-6046-45f0-8d9d-a770b67eb969\" data-vars-ga-product-price=\"21,59\u00a0\u20ac\" data-vars-ga-product-retailer-id=\"5e56d149-bf30-47ed-ab3c-28015388eeb4\" data-vars-ga-link-treatment=\"sale | (not set)\" class=\"product-image-link ebgq4gw7 e12px3ys0 css-g6od0w e1socmtw0\"><img  alt=\"Sandali bassi oro in pelle con lacci e fibbia regolabile, Stradivarius\" title=\"Sandali bassi oro in pelle con lacci e fibbia regolabile, Stradivarius\" data-fp-product-image=\"true\" datafptag=\"data-fp-product-image\" src=\"https:\/\/www.europesays.com\/it\/wp-content\/uploads\/2026\/08\/1786358096-d7267f56-cb1f-42b4-8e76-0946843e4c4b.jpg\" width=\"570\" height=\"378\" decoding=\"async\" loading=\"lazy\"\/><\/a>Sandali bassi oro in pelle con lacci e fibbia regolabile, Stradivarius<\/p>\n<p>Ora in sconto del 40%<\/p>\n","protected":false},"excerpt":{"rendered":"Tra i sandali da avere nel guardaroba estivo, quelli dorati hanno sicuramente un twist speciale. Luminosi e facili&hellip;\n","protected":false},"author":3,"featured_media":635180,"comment_status":"","ping_status":"","sticky":false,"template":"","format":"standard","meta":{"footnotes":"","_share_on_mastodon":"0"},"categories":[174],"tags":[104645,203,204,1537,90,89,284541,350758,350759,350760,5140,1780],"class_list":["post-635179","post","type-post","status-publish","format-standard","has-post-thumbnail","category-intrattenimento","tag-chiara-maci","tag-entertainment","tag-intrattenimento","tag-it","tag-italia","tag-italy","tag-sandali-bassi","tag-sandali-estate-2026","tag-sandali-intrecciati","tag-sandali-oro","tag-shopping","tag-traffico"],"share_on_mastodon":{"url":"https:\/\/pubeurope.com\/@it\/117106065006850905","error":""},"_links":{"self":[{"href":"https:\/\/www.europesays.com\/it\/wp-json\/wp\/v2\/posts\/635179","targetHints":{"allow":["GET"]}}],"collection":[{"href":"https:\/\/www.europesays.com\/it\/wp-json\/wp\/v2\/posts"}],"about":[{"href":"https:\/\/www.europesays.com\/it\/wp-json\/wp\/v2\/types\/post"}],"author":[{"embeddable":true,"href":"https:\/\/www.europesays.com\/it\/wp-json\/wp\/v2\/users\/3"}],"replies":[{"embeddable":true,"href":"https:\/\/www.europesays.com\/it\/wp-json\/wp\/v2\/comments?post=635179"}],"version-history":[{"count":0,"href":"https:\/\/www.europesays.com\/it\/wp-json\/wp\/v2\/posts\/635179\/revisions"}],"wp:featuredmedia":[{"embeddable":true,"href":"https:\/\/www.europesays.com\/it\/wp-json\/wp\/v2\/media\/635180"}],"wp:attachment":[{"href":"https:\/\/www.europesays.com\/it\/wp-json\/wp\/v2\/media?parent=635179"}],"wp:term":[{"taxonomy":"category","embeddable":true,"href":"https:\/\/www.europesays.com\/it\/wp-json\/wp\/v2\/categories?post=635179"},{"taxonomy":"post_tag","embeddable":true,"href":"https:\/\/www.europesays.com\/it\/wp-json\/wp\/v2\/tags?post=635179"}],"curies":[{"name":"wp","href":"https:\/\/api.w.org\/{rel}","templated":true}]}}