{"id":635185,"date":"2026-08-16T16:13:11","date_gmt":"2026-08-16T16:13:11","guid":{"rendered":"https:\/\/www.europesays.com\/it\/635185\/"},"modified":"2026-08-16T16:13:11","modified_gmt":"2026-08-16T16:13:11","slug":"il-papa-ai-giovani-lo-scopo-della-vita-e-stare-con-gesu-per-raggiungere-la-santita","status":"publish","type":"post","link":"https:\/\/www.europesays.com\/it\/635185\/","title":{"rendered":"Il Papa ai giovani: lo scopo della vita \u00e8 stare con Ges\u00f9, per raggiungere la santit\u00e0"},"content":{"rendered":"<p>Nel suo messaggio ad organizzatori e partecipanti alla terza Giornata nazionale della giovent\u00f9 messicana, dal 15 al 16 agosto a Monterrey, Leone XIV sottolinea che \u201csolo uniti a Cristo possiamo far s\u00ec che il mondo creda in Lui, anche in mezzo ai problemi\u201d causati da violenza, indifferenza e mancanza di senso<\/p>\n<p><b>Vatican News<\/b><\/p>\n<p>Mostrate al mondo \u201cqual \u00e8 lo scopo della nostra vita: unirci a Lui e raggiungere cos\u00ec, partecipando alla sua vita, la santit\u00e0 alla quale siamo chiamati\u201d. E\u2019 questo l\u2019invito che Papa Leone XIV rivolge ai giovani messicani, riuniti in pi\u00f9 di 10 mila a Monterrey il 15 e 16 agosto, per la terza Giornata nazionale della Giovent\u00f9, in preparazione alla Gmg di Seul (Corea del Sud) nell&#8217;agosto 2027. In un messaggio agli organizzatori e ai partecipanti all\u2019evento, che ha come tema la frase di Ges\u00f9: \u201cAnche voi date testimonianza, perch\u00e9 siete con me\u201d, il Papa chiede ai giovani: \u00a0<\/p>\n<p>Abbracciate queste parole con la vostra stessa vita, perch\u00e9 solo uniti a Cristo possiamo far s\u00ec che il mondo creda in Lui, anche in mezzo ai problemi che vedete intorno a voi a causa della violenza, dell\u2019indifferenza e della mancanza di senso.<\/p>\n<p>Fermatevi e concedetevi del tempo nel silenzio\u00a0 <\/p>\n<p>Leone XIV definisce l\u2019incontro di Monterrey \u201cuna bella occasione d\u2019incontro tra tutti voi, insieme con i vostri pastori, che scaturisce dalla comunione con Cristo\u201d. E invita i giovani messicani ad essere capaci \u201cdi fermarvi e di concedervi del tempo nel silenzio per discernere ci\u00f2 che veramente conviene ed edifica\u201d. In questo modo, conclude, \u201cuniti al Maestro, potrete essere suoi testimoni, segni di speranza\u201d. E, prima della sua benedizione, li incoraggia a \u201cpartecipare a questa giornata con gioiosa allegria\u201d, e li affida \u201calla protezione materna di Santa Maria di Guadalupe\u201d.<\/p>\n","protected":false},"excerpt":{"rendered":"Nel suo messaggio ad organizzatori e partecipanti alla terza Giornata nazionale della giovent\u00f9 messicana, dal 15 al 16&hellip;\n","protected":false},"author":3,"featured_media":635186,"comment_status":"","ping_status":"","sticky":false,"template":"","format":"standard","meta":{"footnotes":"","_share_on_mastodon":"0"},"categories":[160],"tags":[14,164,165,72718,20537,1598,6411,13549,166,7,15,1358,25532,11,167,12,168,161,162,163],"class_list":["post-635185","post","type-post","status-publish","format-standard","has-post-thumbnail","category-mondo","tag-cronaca","tag-dal-mondo","tag-dalmondo","tag-evangelizzazione","tag-gesu","tag-giovani","tag-messaggio","tag-messico","tag-mondo","tag-news","tag-notizie","tag-papa-leone-xiv","tag-testimoni-della-fede","tag-ultime-notizie","tag-ultime-notizie-di-mondo","tag-ultimenotizie","tag-ultimenotiziedimondo","tag-world","tag-world-news","tag-worldnews"],"share_on_mastodon":{"url":"https:\/\/pubeurope.com\/@it\/117106075616643773","error":""},"_links":{"self":[{"href":"https:\/\/www.europesays.com\/it\/wp-json\/wp\/v2\/posts\/635185","targetHints":{"allow":["GET"]}}],"collection":[{"href":"https:\/\/www.europesays.com\/it\/wp-json\/wp\/v2\/posts"}],"about":[{"href":"https:\/\/www.europesays.com\/it\/wp-json\/wp\/v2\/types\/post"}],"author":[{"embeddable":true,"href":"https:\/\/www.europesays.com\/it\/wp-json\/wp\/v2\/users\/3"}],"replies":[{"embeddable":true,"href":"https:\/\/www.europesays.com\/it\/wp-json\/wp\/v2\/comments?post=635185"}],"version-history":[{"count":0,"href":"https:\/\/www.europesays.com\/it\/wp-json\/wp\/v2\/posts\/635185\/revisions"}],"wp:featuredmedia":[{"embeddable":true,"href":"https:\/\/www.europesays.com\/it\/wp-json\/wp\/v2\/media\/635186"}],"wp:attachment":[{"href":"https:\/\/www.europesays.com\/it\/wp-json\/wp\/v2\/media?parent=635185"}],"wp:term":[{"taxonomy":"category","embeddable":true,"href":"https:\/\/www.europesays.com\/it\/wp-json\/wp\/v2\/categories?post=635185"},{"taxonomy":"post_tag","embeddable":true,"href":"https:\/\/www.europesays.com\/it\/wp-json\/wp\/v2\/tags?post=635185"}],"curies":[{"name":"wp","href":"https:\/\/api.w.org\/{rel}","templated":true}]}}