{"id":635301,"date":"2026-08-16T17:56:15","date_gmt":"2026-08-16T17:56:15","guid":{"rendered":"https:\/\/www.europesays.com\/it\/635301\/"},"modified":"2026-08-16T17:56:15","modified_gmt":"2026-08-16T17:56:15","slug":"cristiano-ronaldo-annuncia-probabilmente-questo-sara-il-mio-ultimo-anno-nel-calcio-voglio-lasciare-uneredita-spettacolare","status":"publish","type":"post","link":"https:\/\/www.europesays.com\/it\/635301\/","title":{"rendered":"Cristiano Ronaldo annuncia: &#8220;Probabilmente questo sar\u00e0 il mio ultimo anno nel calcio, voglio lasciare un&#8217;eredit\u00e0 spettacolare&#8221;"},"content":{"rendered":"<p>Alla rivista, <b><strong>Cristiano Ronaldo<\/strong><\/b> ha rivelato candidamente il suo futuro: &#8220;<b><strong>Probabilmente questo sar\u00e0 il mio ultimo anno nel calcio e voglio lasciare un&#8217;eredit\u00e0 spettacolare<\/strong><\/b>. &#8220;Ho gi\u00e0 tutto il mio futuro programmato. Ho cos\u00ec tante cose per tenermi occupato che \u00e8 difficile citarne solo una. Poich\u00e9 il calcio pu\u00f2 lasciare un grande vuoto, bisogna riempire il tempo in diversi modi, non solo in uno. E anche divertirmi di pi\u00f9, viaggiare di pi\u00f9, guardare e giocare a padel, che mi piace molto, e continuare a godermi ci\u00f2 che ho conquistato. Ci\u00f2 che abbiamo conquistato. Dopotutto, sono stati 25 anni con molto sacrificio&#8221;. <\/p>\n","protected":false},"excerpt":{"rendered":"Alla rivista, Cristiano Ronaldo ha rivelato candidamente il suo futuro: &#8220;Probabilmente questo sar\u00e0 il mio ultimo anno nel&hellip;\n","protected":false},"author":3,"featured_media":635302,"comment_status":"","ping_status":"","sticky":false,"template":"","format":"standard","meta":{"footnotes":"","_share_on_mastodon":"0"},"categories":[176],"tags":[62124,104114,5427,91594,1537,90,89,17294,70573,245,244],"class_list":["post-635301","post","type-post","status-publish","format-standard","has-post-thumbnail","category-sport","tag-al-nassr-fc","tag-c-ronaldo","tag-estero","tag-international-football","tag-it","tag-italia","tag-italy","tag-portogallo","tag-portugal","tag-sport","tag-sports"],"share_on_mastodon":{"url":"https:\/\/pubeurope.com\/@it\/117106480824955642","error":""},"_links":{"self":[{"href":"https:\/\/www.europesays.com\/it\/wp-json\/wp\/v2\/posts\/635301","targetHints":{"allow":["GET"]}}],"collection":[{"href":"https:\/\/www.europesays.com\/it\/wp-json\/wp\/v2\/posts"}],"about":[{"href":"https:\/\/www.europesays.com\/it\/wp-json\/wp\/v2\/types\/post"}],"author":[{"embeddable":true,"href":"https:\/\/www.europesays.com\/it\/wp-json\/wp\/v2\/users\/3"}],"replies":[{"embeddable":true,"href":"https:\/\/www.europesays.com\/it\/wp-json\/wp\/v2\/comments?post=635301"}],"version-history":[{"count":0,"href":"https:\/\/www.europesays.com\/it\/wp-json\/wp\/v2\/posts\/635301\/revisions"}],"wp:featuredmedia":[{"embeddable":true,"href":"https:\/\/www.europesays.com\/it\/wp-json\/wp\/v2\/media\/635302"}],"wp:attachment":[{"href":"https:\/\/www.europesays.com\/it\/wp-json\/wp\/v2\/media?parent=635301"}],"wp:term":[{"taxonomy":"category","embeddable":true,"href":"https:\/\/www.europesays.com\/it\/wp-json\/wp\/v2\/categories?post=635301"},{"taxonomy":"post_tag","embeddable":true,"href":"https:\/\/www.europesays.com\/it\/wp-json\/wp\/v2\/tags?post=635301"}],"curies":[{"name":"wp","href":"https:\/\/api.w.org\/{rel}","templated":true}]}}