{"id":635414,"date":"2026-08-16T19:38:17","date_gmt":"2026-08-16T19:38:17","guid":{"rendered":"https:\/\/www.europesays.com\/it\/635414\/"},"modified":"2026-08-16T19:38:17","modified_gmt":"2026-08-16T19:38:17","slug":"la-principessa-anna-che-ha-compiuto-76-anni-senza-festeggiare-e-senza-intenzione-di-andare-in-pensione","status":"publish","type":"post","link":"https:\/\/www.europesays.com\/it\/635414\/","title":{"rendered":"La principessa Anna che ha compiuto 76 anni senza festeggiare (e senza intenzione di \u00abandare in pensione\u00bb)"},"content":{"rendered":"<p class=\"has-dropcap body dropcap\">Il suo titolo, principessa royal, sar\u00e0 un giorno di Charlotte d\u2019Inghilterra, figlia di William e Kate, ma quel giorno \u00e8 ancora molto lontano. <a href=\"https:\/\/www.vanityfair.it\/article\/principessa-anna-spilla-matrimonio-finito\" rel=\"nofollow noopener\" target=\"_blank\">Anna, la secondogenita della regina Elisabetta II<\/a>, <strong>ha compiuto ieri 15 agosto 76 anni<\/strong>, eppure non aveva messo in cantiere nessun <a href=\"https:\/\/www.vanityfair.it\/article\/la-principessa-anna-compie-75-anni-regina-di-stile-della-royal-family\" rel=\"nofollow noopener\" target=\"_blank\">piano per festeggiare<\/a> n\u00e9 tantomeno sembra interessarle l&#8217;idea di \u00abandare in pensione\u00bb.<\/p>\n<p>Secondo l\u2019esperta reale Roya Nikkhah nel suo podcast Royals with Roya and Kate ha rivelato che la principessa <strong>Anna non ha intenzione di festeggiare se non le cifre tonde dalla ricorrenza della sua nascita.<\/strong> Peccato che nel 2020, in occasione del settantesimo compleanno, si sia poi limitata a un viaggio in Scozia con il marito, il vice ammiraglio Sir Tim Laurence, a causa delle restrizioni della pandemia. Di solito, comunque, non ama le fanfare e infatti reindirizza gli auguri agli oltre 400 enti sotto il suo patronato, per i quali ha in varie occasioni organizzato eventi proprio a Buckingham Palace.<\/p>\n<p>Nel frattempo, proprio dallo scorso anno si sono intensificate <strong>voci su un presunto ritiro dalle scene<\/strong>, eventualit\u00e0 che sembra alquanto remota per la pi\u00f9 instancabile tra i membri della famiglia reale britannica, come conferma l\u2019ex maggiordomo di Palazzo Grant Harrold al Daily Express.<\/p>\n<p><strong><a href=\"https:\/\/www.vanityfair.it\/gallery\/la-principessa-anna-ai-miei-tempi-era-piu-semplice-essere-giovane-reale\" rel=\"nofollow noopener\" target=\"_blank\">La sorella del re Carlo III<\/a> \u00e8 nota non solo per la capacit\u00e0 di sopportare ritmi intensi ma di mantenere una qualit\u00e0 di vita frugale e semplice<\/strong>, che l\u2019avrebbe portata ad accumulare un patrimonio che si aggira attorno ai 20 milioni di sterline. Parca nelle spese, \u00e8 anche scrupolosa nell\u2019amministrazione delle sue tenute, di cui si occupa personalmente, scuderie incluse, quando non si trova impegnata in appuntamenti reali. Un motivo in pi\u00f9 per essere vista di buon occhio dai sudditi, soprattutto in un periodo economico non proprio florido come l\u2019attuale.<\/p>\n<p>Per quanto riguarda l\u2019agenda e la pensione basti pensare all\u2019attuale duca di Kent, Edward (figlio del principe Giorgio e cugino di primo grado di Elisabetta II): ha pi\u00f9 di 90 anni eppure di tanto in tanto fa capolino durante le occasioni ufficiali.<\/p>\n","protected":false},"excerpt":{"rendered":"Il suo titolo, principessa royal, sar\u00e0 un giorno di Charlotte d\u2019Inghilterra, figlia di William e Kate, ma quel&hellip;\n","protected":false},"author":3,"featured_media":635415,"comment_status":"","ping_status":"","sticky":false,"template":"","format":"standard","meta":{"footnotes":"","_share_on_mastodon":"0"},"categories":[1451],"tags":[1621,1620,203,204,1537,90,89,3105,6123,6124],"class_list":["post-635414","post","type-post","status-publish","format-standard","has-post-thumbnail","category-celebrita","tag-celebrita","tag-celebrities","tag-entertainment","tag-intrattenimento","tag-it","tag-italia","tag-italy","tag-royals","tag-textabovecenterfullbleed","tag-web"],"share_on_mastodon":{"url":"https:\/\/pubeurope.com\/@it\/117106881955711275","error":""},"_links":{"self":[{"href":"https:\/\/www.europesays.com\/it\/wp-json\/wp\/v2\/posts\/635414","targetHints":{"allow":["GET"]}}],"collection":[{"href":"https:\/\/www.europesays.com\/it\/wp-json\/wp\/v2\/posts"}],"about":[{"href":"https:\/\/www.europesays.com\/it\/wp-json\/wp\/v2\/types\/post"}],"author":[{"embeddable":true,"href":"https:\/\/www.europesays.com\/it\/wp-json\/wp\/v2\/users\/3"}],"replies":[{"embeddable":true,"href":"https:\/\/www.europesays.com\/it\/wp-json\/wp\/v2\/comments?post=635414"}],"version-history":[{"count":0,"href":"https:\/\/www.europesays.com\/it\/wp-json\/wp\/v2\/posts\/635414\/revisions"}],"wp:featuredmedia":[{"embeddable":true,"href":"https:\/\/www.europesays.com\/it\/wp-json\/wp\/v2\/media\/635415"}],"wp:attachment":[{"href":"https:\/\/www.europesays.com\/it\/wp-json\/wp\/v2\/media?parent=635414"}],"wp:term":[{"taxonomy":"category","embeddable":true,"href":"https:\/\/www.europesays.com\/it\/wp-json\/wp\/v2\/categories?post=635414"},{"taxonomy":"post_tag","embeddable":true,"href":"https:\/\/www.europesays.com\/it\/wp-json\/wp\/v2\/tags?post=635414"}],"curies":[{"name":"wp","href":"https:\/\/api.w.org\/{rel}","templated":true}]}}