{"id":635573,"date":"2026-08-16T22:03:23","date_gmt":"2026-08-16T22:03:23","guid":{"rendered":"https:\/\/www.europesays.com\/it\/635573\/"},"modified":"2026-08-16T22:03:23","modified_gmt":"2026-08-16T22:03:23","slug":"gordon-murray-s1-motore-v12-prezzo-interni","status":"publish","type":"post","link":"https:\/\/www.europesays.com\/it\/635573\/","title":{"rendered":"Gordon Murray S1: motore V12, prezzo, interni"},"content":{"rendered":"<p>Gordon Murray Special Vehicles ha svelato la nuova S1 al The Quail, durante la Monterey Car Week 2026: una supercar V12 in serie limitata derivata dalla S1 LM da pista e pensata per i lunghi viaggi. Con il suo layout a tre posti, la posizione di guida centrale, il V12 Cosworth aspirato e l\u2019attenzione alla leggerezza, ricorda una moderna<strong> McLaren F1<\/strong> in tutto e per tutto, tranne che nel nome.<\/p>\n<p>La S1 poggia su una monoscocca in <strong>fibra di carbonio<\/strong> imparentata con quella della S1 LM, ma sostituisce gli elementi aerodinamici fissi con una carrozzeria pi\u00f9 pulita e un\u2019aerodinamica posteriore attiva. L\u2019altezza da terra \u00e8 stata aumentata e le sospensioni sono state ammorbidite per migliorare il comfort, ma <strong>il peso<\/strong>\u00a0resta comunque inferiore a quello della GMA T.50, la precedente supercar di Murray ispirata alla McLaren F1, e si mantiene su valori simili a quelli della T.33 e delle derivate della T.50.<\/p>\n<p>Motore V12 e modifiche al telaio<\/p>\n<p>La spinta arriva da un <strong>V12 Cosworth da 4,2 litri<\/strong> sviluppato su misura, <strong>con 690 CV<\/strong>\u00a0e capace di raggiungere <strong>12.100 giri\/min<\/strong>. Gordon Murray afferma che il motore eroga circa <strong>500 Nm di coppia<\/strong>, con gran parte del valore disponibile gi\u00e0 ai bassi regimi per offrire una<strong> risposta brillante<\/strong> nell\u2019uso reale piuttosto che inseguire il tempo sul giro. Pistoni leggeri con rivestimento in carburo di silicio, valvole e bielle in titanio e lubrificazione a carter secco sottolineano l\u2019impostazione corsaiola.<\/p>\n<p>        <img decoding=\"async\" src=\"https:\/\/www.europesays.com\/it\/wp-content\/uploads\/2025\/07\/16x9-tr.png\" alt=\"Gordon Murray Special Vehicles S1\" width=\"16\" height=\"9\" loading=\"lazy\"\/><\/p>\n<p>Gordon Murray Special Vehicles S1<\/p>\n<p>Foto di: Gordon Murray Automotive<\/p>\n<p>Il motore V12 aspirato scarica la potenza a terra attraverso un <strong>cambio manuale a sei marce<\/strong>, con una sesta pi\u00f9 lunga pensata per il turismo e un instradamento dei cavi pi\u00f9 diretto per rendere gli innesti pi\u00f9 precisi. La <strong>Gordon Murray S1<\/strong> mantiene la carreggiata della <a href=\"https:\/\/it.motor1.com\/news\/769243\/gordon-murray-s1-lm-mclaren\/\" data-inline-widget=\"internal-links\" data-type-id=\"0\" data-params=\"%7B%22article_edition_id%22%3A%22769243%22%2C%22section%22%3A%221%22%2C%22alias%22%3A%22gordon-murray-s1-lm-mclaren%22%7D\" rel=\"nofollow noopener\" target=\"_blank\">S1 LM<\/a>, lo schema sospensivo leggero e gli pneumatici pi\u00f9 larghi, ma <strong>l\u2019altezza da terra aumenta di circa 10 mm<\/strong> e la taratura degli ammortizzatori \u00e8 stata rivista per offrire maggiore assorbimento senza perdere la precisione di sterzo gi\u00e0 vista su altri modelli GMA come la <a href=\"https:\/\/www.motor1.com\/news\/660762\/gordon-murray-t33-spider-debuts-v12-manual\/\" rel=\"nofollow noopener\" target=\"_blank\">T.33 Spider<\/a>.<\/p>\n<p>Un <strong>sistema aerodinamico posteriore attivo<\/strong> integrato prende il posto dell\u2019ampia ala posteriore fissa della S1 LM, dello splitter anteriore esteso e delle minigonne profonde. Gordon Murray Special Vehicles spiega che il pacchetto aerodinamico \u00e8 stato tarato per garantire <strong>stabilit\u00e0 alle alte velocit\u00e0<\/strong> e supporto in frenata, pi\u00f9 che per inseguire valori di deportanza da record. L\u2019aderenza complessiva punta quindi soprattutto <strong>sull\u2019equilibrio meccanico<\/strong>, anzich\u00e9 su una carrozzeria di impostazione strettamente racing. Le soluzioni aerodinamiche pi\u00f9 estreme restano cos\u00ec appannaggio di vetture come la <a href=\"https:\/\/it.motor1.com\/news\/539378\/murray-t50-v12-limitatore-video\/\" data-inline-widget=\"internal-links\" data-type-id=\"0\" data-params=\"%7B%22article_edition_id%22%3A%22539378%22%2C%22section%22%3A%221%22%2C%22alias%22%3A%22murray-t50-v12-limitatore-video%22%7D\" rel=\"nofollow noopener\" target=\"_blank\">T.50s con ventola<\/a>, che GMA ha finalizzato come auto specificamente dedicata alla pista.<\/p>\n<p>        <img decoding=\"async\" src=\"https:\/\/www.europesays.com\/it\/wp-content\/uploads\/2025\/07\/16x9-tr.png\" alt=\"Gordon Murray Special Vehicles S1\" width=\"16\" height=\"9\" loading=\"lazy\"\/><\/p>\n<p>Gordon Murray Special Vehicles S1<\/p>\n<p>Foto di: Gordon Murray Automotive<\/p>\n<p>Design, abitacolo e produzione<\/p>\n<p>Tutti i pannelli esterni della S1 sono nuovi, con un <strong>profilo pi\u00f9 pulito<\/strong> e una firma luminosa che la distingue dalla S1 LM, pur richiamando la forma compatta e a bassa resistenza aerodinamica della <a href=\"https:\/\/it.motor1.com\/news\/761511\/mclaren-750s-lemans-edizione-speciale\/\" data-inline-widget=\"internal-links\" data-type-id=\"0\" data-params=\"%7B%22article_edition_id%22%3A%22761511%22%2C%22section%22%3A%221%22%2C%22alias%22%3A%22mclaren-750s-lemans-edizione-speciale%22%7D\" rel=\"nofollow noopener\" target=\"_blank\">McLaren F1 stradale<\/a>. Le luci diurne si spostano all\u2019interno del gruppo ottico, mentre gli abbaglianti sono posizionati in basso nella presa d\u2019aria anteriore, in un richiamo alla show car Monaco del 1992 firmata Murray. Anche i<strong> nuovi cerchi leggeri<\/strong> e gli specchietti montati sui montanti anteriori che integrano un discreto sistema di retrocamera sono specifici di questo modello.<\/p>\n<p>Il vano motore \u00e8 stato concepito come una vera vetrina, con uno <strong>scarico in Inconel lucidato<\/strong> e uno scudo termico placcato in oro a 24 carati a fare da cornice al V12. All\u2019interno,<strong> l\u2019abitacolo a tre posti<\/strong> conserva la posizione di guida centrale e la linea di cintura bassa, ma aggiunge pi\u00f9 pelle, tessuti su misura, ulteriore isolamento acustico, schermi dell\u2019infotainment rivisti e un impianto audio leggero per l\u2019impiego sulle lunghe distanze. Il guidatore pu\u00f2 regolare l\u2019assistenza del servosterzo, mentre nuove porte diedrali con vetri discendenti sostituiscono il piccolo finestrino in Lexan della S1 LM per facilitare accesso e uscita.<\/p>\n<p>Gordon Murray, fondatore e presidente dell&#8217;azienda, definisce l\u2019auto una controparte pi\u00f9 rilassata della S1 LM:<\/p>\n<blockquote>\n<p>&#8220;\u00c8 una vettura con cui si potrebbe guidare lungo la costa da Los Angeles a Monterey nel massimo comfort, continuando a godersi ogni cambiata, ogni curva e ogni<strong> nota del V12<\/strong> quando la strada si apre&#8221;.<\/p>\n<\/blockquote>\n<p>La produzione \u00e8 limitata a <strong>64 esemplari<\/strong> in tutto il mondo, ciascuno realizzato su commissione. Il prezzo non \u00e8 stato comunicato, mentre la domanda \u00e8 favorita anche dall\u2019interesse per le precedenti <a href=\"https:\/\/www.motor1.com\/news\/804454\/gordon-murray-next-supercar-teases\/\" rel=\"nofollow noopener\" target=\"_blank\">special ispirate alla F1<\/a> firmate Murray.<\/p>\n<p><a class=\"autoshow\" href=\"https:\/\/it.motor1.com\/auto-show\/monterey-car-week-pebble-beach\/\" rel=\"nofollow noopener\" target=\"_blank\"> <img decoding=\"async\" class=\"autoshow__img\" src=\"https:\/\/www.europesays.com\/it\/wp-content\/uploads\/2025\/08\/pebble-beach1.jpg\" alt=\"\"\/> Vedi tutte le notizie su Monterey Car Week <\/a><\/p>\n<p class=\"source-link\">\n                                    Fonte:<\/p>\n<p>                                                                            Gordon Murray Special Vehicles                                                                    <\/p>\n<p class=\"comfort-title-large flex gap-spacing-sm-base items-center\">\n<p>\t\tVogliamo la tua opinione!\n\t<\/p>\n<p>Cosa vorresti vedere su Motor1.com?<\/p>\n<p>\t\t<a href=\"https:\/\/it.motor1.com\/survey\/2025\/\" rel=\"nofollow noopener\" target=\"_blank\"><br \/>\n\t\t\tPartecipa al nostro sondaggio di 3 minuti.\t\t<\/a><\/p>\n<p class=\"compact-body-medium\">&#8211; Il team di Motor1.com<\/p>\n","protected":false},"excerpt":{"rendered":"Gordon Murray Special Vehicles ha svelato la nuova S1 al The Quail, durante la Monterey Car Week 2026:&hellip;\n","protected":false},"author":3,"featured_media":635574,"comment_status":"","ping_status":"","sticky":false,"template":"","format":"standard","meta":{"footnotes":"","_share_on_mastodon":"0"},"categories":[173],"tags":[1537,90,89,5993,22988,195,198,199,197,200,201,194,196],"class_list":["post-635573","post","type-post","status-publish","format-standard","has-post-thumbnail","category-scienza-e-tecnologia","tag-it","tag-italia","tag-italy","tag-mclaren","tag-nuove-auto","tag-science","tag-science-and-technology","tag-scienceandtechnology","tag-scienza","tag-scienza-e-tecnologia","tag-scienzaetecnologia","tag-technology","tag-tecnologia"],"share_on_mastodon":{"url":"https:\/\/pubeurope.com\/@it\/117107452696192529","error":""},"_links":{"self":[{"href":"https:\/\/www.europesays.com\/it\/wp-json\/wp\/v2\/posts\/635573","targetHints":{"allow":["GET"]}}],"collection":[{"href":"https:\/\/www.europesays.com\/it\/wp-json\/wp\/v2\/posts"}],"about":[{"href":"https:\/\/www.europesays.com\/it\/wp-json\/wp\/v2\/types\/post"}],"author":[{"embeddable":true,"href":"https:\/\/www.europesays.com\/it\/wp-json\/wp\/v2\/users\/3"}],"replies":[{"embeddable":true,"href":"https:\/\/www.europesays.com\/it\/wp-json\/wp\/v2\/comments?post=635573"}],"version-history":[{"count":0,"href":"https:\/\/www.europesays.com\/it\/wp-json\/wp\/v2\/posts\/635573\/revisions"}],"wp:featuredmedia":[{"embeddable":true,"href":"https:\/\/www.europesays.com\/it\/wp-json\/wp\/v2\/media\/635574"}],"wp:attachment":[{"href":"https:\/\/www.europesays.com\/it\/wp-json\/wp\/v2\/media?parent=635573"}],"wp:term":[{"taxonomy":"category","embeddable":true,"href":"https:\/\/www.europesays.com\/it\/wp-json\/wp\/v2\/categories?post=635573"},{"taxonomy":"post_tag","embeddable":true,"href":"https:\/\/www.europesays.com\/it\/wp-json\/wp\/v2\/tags?post=635573"}],"curies":[{"name":"wp","href":"https:\/\/api.w.org\/{rel}","templated":true}]}}