{"id":635610,"date":"2026-08-16T22:43:15","date_gmt":"2026-08-16T22:43:15","guid":{"rendered":"https:\/\/www.europesays.com\/it\/635610\/"},"modified":"2026-08-16T22:43:15","modified_gmt":"2026-08-16T22:43:15","slug":"gp-capodarco-impresa-del-polacco-jackowiak-secondo-vesco-gallery","status":"publish","type":"post","link":"https:\/\/www.europesays.com\/it\/635610\/","title":{"rendered":"GP CAPODARCO. IMPRESA DEL POLACCO JACKOWIAK, SECONDO VESCO. GALLERY"},"content":{"rendered":"<p>            <a class=\"category\" href=\"https:\/\/www.tuttobiciweb.it\/articles\/category\/DILETTANTI\" itemprop=\"about\" rel=\"nofollow noopener\" target=\"_blank\">DILETTANTI<\/a> | 16\/08\/2026 | 17:43<\/p>\n<p>Impresa di Jan Michal Jackowiak nella 54sima edizione del Gran Premio Capodarco Comunita Di Capodarco internazionale under 23 che si \u00e8 disputata nelle Marche. Il polacco di Toruna della Bahrain Victorious Development, 18 anni gi\u00e0 vincitore del Trofeo citt\u00e0 di San Vendemiano, ha dominato la corsa andando in fuga fin dai primissimi chilometri per poi rimanere davanti insieme ad Alessandro Milesi (Biesse Carrera Premac) che ha staccato a poco meno di 30 km dal&#8217;arrivo. Jackowiak si \u00e8 imposto con oltre 1&#8242; su Leonardo Vesco della Biesse Carrera Premac e sul compagno di squadra il finlandese Kasper Borremans.\n            <\/p>\n<p><\/p>\n<p>Copyright &amp;copy TBW<\/p>\n","protected":false},"excerpt":{"rendered":"DILETTANTI | 16\/08\/2026 | 17:43 Impresa di Jan Michal Jackowiak nella 54sima edizione del Gran Premio Capodarco Comunita&hellip;\n","protected":false},"author":3,"featured_media":635611,"comment_status":"","ping_status":"","sticky":false,"template":"","format":"standard","meta":{"footnotes":"","_share_on_mastodon":"0"},"categories":[1456],"tags":[350927,1824,1825,32573,1537,90,89,248544,245,244,7997],"class_list":["post-635610","post","type-post","status-publish","format-standard","has-post-thumbnail","category-ciclismo","tag-bahrain-victorious-development","tag-ciclismo","tag-cycling","tag-gran-premio-capodarco","tag-it","tag-italia","tag-italy","tag-jackowiak","tag-sport","tag-sports","tag-under-23"],"share_on_mastodon":{"url":"https:\/\/pubeurope.com\/@it\/117107609187557832","error":""},"_links":{"self":[{"href":"https:\/\/www.europesays.com\/it\/wp-json\/wp\/v2\/posts\/635610","targetHints":{"allow":["GET"]}}],"collection":[{"href":"https:\/\/www.europesays.com\/it\/wp-json\/wp\/v2\/posts"}],"about":[{"href":"https:\/\/www.europesays.com\/it\/wp-json\/wp\/v2\/types\/post"}],"author":[{"embeddable":true,"href":"https:\/\/www.europesays.com\/it\/wp-json\/wp\/v2\/users\/3"}],"replies":[{"embeddable":true,"href":"https:\/\/www.europesays.com\/it\/wp-json\/wp\/v2\/comments?post=635610"}],"version-history":[{"count":0,"href":"https:\/\/www.europesays.com\/it\/wp-json\/wp\/v2\/posts\/635610\/revisions"}],"wp:featuredmedia":[{"embeddable":true,"href":"https:\/\/www.europesays.com\/it\/wp-json\/wp\/v2\/media\/635611"}],"wp:attachment":[{"href":"https:\/\/www.europesays.com\/it\/wp-json\/wp\/v2\/media?parent=635610"}],"wp:term":[{"taxonomy":"category","embeddable":true,"href":"https:\/\/www.europesays.com\/it\/wp-json\/wp\/v2\/categories?post=635610"},{"taxonomy":"post_tag","embeddable":true,"href":"https:\/\/www.europesays.com\/it\/wp-json\/wp\/v2\/tags?post=635610"}],"curies":[{"name":"wp","href":"https:\/\/api.w.org\/{rel}","templated":true}]}}