{"id":635708,"date":"2026-08-17T00:21:15","date_gmt":"2026-08-17T00:21:15","guid":{"rendered":"https:\/\/www.europesays.com\/it\/635708\/"},"modified":"2026-08-17T00:21:15","modified_gmt":"2026-08-17T00:21:15","slug":"prato-arrestato-per-droga-tenta-la-fuga-dal-pronto-soccorso","status":"publish","type":"post","link":"https:\/\/www.europesays.com\/it\/635708\/","title":{"rendered":"Prato, arrestato per droga tenta la fuga dal pronto soccorso"},"content":{"rendered":"<p>Un uomo di 22 anni, cittadino marocchino ed ex detenuto scarcerato a Prato lo scorso giugno, \u00e8 rimasto ferito a una gamba dal colpo di pistola esploso da un agente della polizia penitenziaria mentre tentava di fuggire dal pronto soccorso dell&#8217;ospedale di Prato. Secondo una prima ricostruzione, nel pomeriggio di domenica 16 agosto gli agenti lo avevano arrestato intorno al carcere della Dogaia, cogliendolo mentre lanciava pacchetti di droga oltre il muro di cinta. Durante quel primo inseguimento il 22enne era caduto, procurandosi un infortunio, ed era stato quindi accompagnato al pronto soccorso per le cure. <\/p>\n<p>\u00a0<\/p>\n<p>\u00c8 l\u00ec che, secondo quanto ricostruito, ha tentato la fuga: si sarebbe alzato dalla barella, avrebbe azionato un estintore per coprirsi e si sarebbe diretto correndo verso l&#8217;uscita. Gli agenti lo hanno inseguito intimandogli di fermarsi e uno di loro ha esploso due colpi: uno ha raggiunto la coscia dell&#8217;uomo, l&#8217;altro sarebbe finito contro una parete o il soffitto. Il ferito \u00e8 cosciente ed \u00e8 stato immediatamente soccorso. Il parapiglia \u00e8 scoppiato in pieno pronto soccorso, tra la camera calda e la sala di decontaminazione, nei pressi del triage.<\/p>\n<p>\t\t\tIl pronto soccorso chiuso<\/p>\n<p>L\u2019episodio ha provocato l&#8217;immediata chiusura dell&#8217;intera area del pronto soccorso dell&#8217;ospedale di Prato e le emergenze sono state temporaneamente dirottate verso le strutture ospedaliere di Firenze e Pistoia. La dinamica dell&#8217;accaduto \u00e8 ancora in fase di accertamento. Sono in corso verifiche per ricostruire con precisione le fasi del tentativo di fuga e stabilire cosa sia avvenuto negli istanti precedenti allo sparo.<\/p>\n","protected":false},"excerpt":{"rendered":"Un uomo di 22 anni, cittadino marocchino ed ex detenuto scarcerato a Prato lo scorso giugno, \u00e8 rimasto&hellip;\n","protected":false},"author":3,"featured_media":635709,"comment_status":"","ping_status":"","sticky":false,"template":"","format":"standard","meta":{"footnotes":"","_share_on_mastodon":"0"},"categories":[79],"tags":[7169,14,93,94,1537,90,89,7,15,1988,5133,11,84,91,12,85,92],"class_list":["post-635708","post","type-post","status-publish","format-standard","has-post-thumbnail","category-italia","tag-agente","tag-cronaca","tag-cronaca-italiana","tag-cronacaitaliana","tag-it","tag-italia","tag-italy","tag-news","tag-notizie","tag-prato","tag-pronto-soccorso","tag-ultime-notizie","tag-ultime-notizie-e-news-di-oggi","tag-ultime-notizie-italia","tag-ultimenotizie","tag-ultimenotizieenewsdioggi","tag-ultimenotizieitalia"],"share_on_mastodon":{"url":"https:\/\/pubeurope.com\/@it\/117107994346164318","error":""},"_links":{"self":[{"href":"https:\/\/www.europesays.com\/it\/wp-json\/wp\/v2\/posts\/635708","targetHints":{"allow":["GET"]}}],"collection":[{"href":"https:\/\/www.europesays.com\/it\/wp-json\/wp\/v2\/posts"}],"about":[{"href":"https:\/\/www.europesays.com\/it\/wp-json\/wp\/v2\/types\/post"}],"author":[{"embeddable":true,"href":"https:\/\/www.europesays.com\/it\/wp-json\/wp\/v2\/users\/3"}],"replies":[{"embeddable":true,"href":"https:\/\/www.europesays.com\/it\/wp-json\/wp\/v2\/comments?post=635708"}],"version-history":[{"count":0,"href":"https:\/\/www.europesays.com\/it\/wp-json\/wp\/v2\/posts\/635708\/revisions"}],"wp:featuredmedia":[{"embeddable":true,"href":"https:\/\/www.europesays.com\/it\/wp-json\/wp\/v2\/media\/635709"}],"wp:attachment":[{"href":"https:\/\/www.europesays.com\/it\/wp-json\/wp\/v2\/media?parent=635708"}],"wp:term":[{"taxonomy":"category","embeddable":true,"href":"https:\/\/www.europesays.com\/it\/wp-json\/wp\/v2\/categories?post=635708"},{"taxonomy":"post_tag","embeddable":true,"href":"https:\/\/www.europesays.com\/it\/wp-json\/wp\/v2\/tags?post=635708"}],"curies":[{"name":"wp","href":"https:\/\/api.w.org\/{rel}","templated":true}]}}