{"id":635725,"date":"2026-08-17T00:47:24","date_gmt":"2026-08-17T00:47:24","guid":{"rendered":"https:\/\/www.europesays.com\/it\/635725\/"},"modified":"2026-08-17T00:47:24","modified_gmt":"2026-08-17T00:47:24","slug":"la-siccita-prosciuga-i-fiumi-deuropa-e-rivela-tesori-nascosti-di-ogni-epoca","status":"publish","type":"post","link":"https:\/\/www.europesays.com\/it\/635725\/","title":{"rendered":"La siccit\u00e0 prosciuga i fiumi d&#8217;Europa e rivela tesori nascosti di ogni epoca"},"content":{"rendered":"<p> <img decoding=\"async\" fetchpriority=\"high\" src=\"https:\/\/www.europesays.com\/it\/wp-content\/uploads\/2026\/08\/la-siccita-prosciuga-i-fiumi-d-europa-e-rivela-tesori-nascosti-di-ogni-epoca-1786630788982_1024.jpg\"  width=\"768\" height=\"432\" alt=\"Una veduta da drone del Danubio in secca nell'estate 2026\" title=\"Siccit\u00e0 2026\" data-image=\"b6hs3vmuypcc\"\/>Una veduta da drone del Danubio in secca nell&#8217;estate 2026   <img decoding=\"async\" fetchpriority=\"high\" src=\"https:\/\/www.europesays.com\/it\/wp-content\/uploads\/2026\/07\/paola-cirino.jpg\" alt=\"Paola Cirino\" width=\"40\" height=\"40\"\/>    <a class=\"nombre text-hv\" href=\"https:\/\/www.ilmeteo.net\/autore\/paola-cirino\/\" title=\"Paola Cirino\" data-mrf-recirculation=\"pre_article_author\" rel=\"nofollow noopener\" target=\"_blank\">Paola Cirino<\/a>      16\/08\/2026 15:05   8 min    <\/p>\n<p>L\u2019estate 2026 ha portato caldo estremo e <strong>siccit\u00e0 <\/strong>in tutta l\u2019Europa e a risentirne sono anche i fiumi pi\u00f9 importanti del continente. <\/p>\n<p>Sul bacino del <strong>Po <\/strong> le precipitazioni sono state <strong>inferiori del 36%<\/strong> rispetto alla media del trentennio 1991-2020. <strong>Senna, Loira, Reno, Danubio<\/strong> e tutti gli altri gandi fiumi hanno registrato portate molto <strong>inferiori <\/strong>alla media.<\/p>\n<p>Il livello delle acque del Danubio, in particolare, ha raggiunto nuovi <strong>record negativi<\/strong> in pi\u00f9 punti, rivelando con l\u2019occasione una serie di <strong>reperti storici<\/strong>.<\/p>\n<p>La siccit\u00e0, nonostante causi danni per milioni di euro, potrebbe avere ora l\u2019effetto secondario di consentire il recupero o lo studio di alcuni di essi.<\/p>\n<p>Le navi sul fondo del Danubio<\/p>\n<p>Il confine tra <strong>Romania <\/strong>e <strong>Serbia <\/strong>\u00e8 uno dei luoghi dove il livello dell\u2019acqua del Danubio si \u00e8 abbassato di pi\u00f9 a causa della siccit\u00e0. Sono cos\u00ec emerse isole di sabbia su cui sono adagiati molti resti della seconda guerra mondiale.<\/p>\n<blockquote class=\"twitter-tweet\">\n<p lang=\"en\" dir=\"ltr\">As the River Danube reaches its lowest recorded level amid a European heatwave, German warships sunk between Serbia and Romania have become visible, with the fleet having been deployed in a failed bid to halt the dramatic Soviet counter-offensive in 1944 that ultimately toppled <a href=\"https:\/\/t.co\/di5mfODAsI\" rel=\"nofollow\">pic.twitter.com\/di5mfODAsI<\/a><\/p>\n<p>\u2014 The New Region (@thenewregion) <a href=\"https:\/\/x.com\/thenewregion\/status\/2087516670797435187?ref_src=twsrc%5Etfw\" rel=\"nofollow\">August 12, 2026<\/a><\/p><\/blockquote>\n<p>In particolare a <strong>Prahovo<\/strong>, in Serbia, sono ora visibili i resti di venti <strong>navi tedesche<\/strong>. L\u2019esercito nazista nel 1944 le affond\u00f2 di proposito nel tentativo di ostacolare l\u2019avanzata della flotta dell\u2019Armata Rossa e di impedire all\u2019esercito russo di impadronirsi delle imbarcazioni.<\/p>\n<p><a class=\"imagen \" href=\"https:\/\/www.ilmeteo.net\/notizie\/scienza\/i-paesi-bassi-dichiarano-ufficialmente-carenza-d-acqua-a-causa-della-persistente-siccita.html\" title=\"I Paesi Bassi dichiarano ufficialmente carenza d\u2019acqua a causa della persistente siccit\u00e0\" rel=\"nofollow noopener\" target=\"_blank\"><img decoding=\"async\" fetchpriority=\"low\" class=\"lazy img-body non-editable\" src=\"https:\/\/www.europesays.com\/it\/wp-content\/uploads\/2026\/08\/netherlands-officially-declares-water-shortage-amid-persistent-drought-1784385991114_320.jpg\"  width=\"320\" height=\"225\"\/><\/a><\/p>\n<p>Si tratta sia di navi mercantili che di navi militari, che non sono mai state riportate in secca a causa dei costi e dei <strong>pericoli <\/strong>dell\u2019operazione. Molti dei vascelli militari infatti sono ancora armati e contengono <strong>esplosivi <\/strong>che possono rendere il rischio eccessivo.<\/p>\n<p>Siccit\u00e0 e infrastrutture<\/p>\n<p>La scarsit\u00e0 di acqua nei fiumi costituisce un problema notevole, sia dal punto di vista ecologico che per quanto riguarda <strong>industrie e infrastrutture<\/strong>. <\/p>\n<p>L\u2019energia <strong>idroelettrica <\/strong>in Serbia inizia a scarseggiare proprio a causa dello stato del fiume, mentre in <strong>Romania<\/strong>, la scarsa portata del Danubio ha portato alla <strong>sospensione dei traghetti<\/strong> e alla difficolt\u00e0 di approvvigionamento di acqua per le <strong>centrali nucleari<\/strong>, oltre che alla difficolt\u00e0 nell\u2019irrigare le campagne.<\/p>\n<p><a class=\"imagen \" href=\"https:\/\/www.ilmeteo.net\/notizie\/attualita\/siccita-al-nord-il-po-e-in-agonia-e-il-mare-invade-il-delta-mettendo-a-rischio-i-raccolti.html\" title=\"Siccit\u00e0 al Nord: il Po \u00e8 in agonia e il mare invade il Delta mettendo a rischio i raccolti\" rel=\"nofollow noopener\" target=\"_blank\"><img decoding=\"async\" fetchpriority=\"low\" class=\"lazy img-body non-editable\" src=\"https:\/\/www.europesays.com\/it\/wp-content\/uploads\/2026\/08\/siccita-al-nord-il-po-e-in-agonia-e-il-mare-invade-il-delta-mettendo-a-rischio-i-raccolti-1783892580.jpeg\"  width=\"320\" height=\"225\"\/><\/a><\/p>\n<p>Tuttavia ora potrebbe essere pi\u00f9 facile recuperare alcuni dei relitti. In particolare per quanto riguarda le navi tedesche, \u00e8 importante almeno stabilire quali vadano recuperati e quali no. La loro presenza infatti <strong>ostacola <\/strong>la navigazione del Danubio, con un costo per la Serbia che ammonterebbe a <strong>cinque milioni<\/strong> di euro all\u2019anno.<\/p>\n<p>Gli altri reperti bellici emersi dal Danubio in secca<\/p>\n<p>Il caso di Prehovo non \u00e8 isolato. Lungo il corso del Danubio rimasto senz\u2019acqua sono emersi anche altri reperti; molti, ma non tutti, risalgono alla seconda guerra mondiale.<\/p>\n<p>Nel 1945 a <strong>Budapest <\/strong>si \u00e8 combattuta una battaglia molto violenta e il Danubio \u00e8 stato utilizzato come una sorta di discarica per materiale bellico. <\/p>\n<p><img decoding=\"async\" fetchpriority=\"low\" class=\"lazy \" src=\"https:\/\/www.europesays.com\/it\/wp-content\/uploads\/2026\/08\/la-siccita-prosciuga-i-fiumi-d-europa-e-rivela-tesori-nascosti-di-ogni-epoca-1786630891421_1024.jpg\"  width=\"768\" height=\"432\" alt=\"I grandi corsi d'acqua in Europa sono in secca, rendendo la navigazione impossibile\" title=\"Danubio siccit\u00e0\" data-image=\"j8rf4l2dvzdx\"\/>I grandi corsi d&#8217;acqua in Europa sono in secca, rendendo la navigazione impossibile<\/p>\n<p>Adesso dalle sue acque, tra le altre cose, \u00e8 riemersa una <strong>motocicletta DKW 350-1,<\/strong> in dotazione alla Wehrmacht, insieme ai resti di due <strong>soldati <\/strong>che ora sar\u00e0 possibile identificare grazie alle piastrine perfettamente conservate, come anche la moto.<\/p>\n<p>A <strong>Komorn<\/strong>, in Slovacchia, \u00e8 emersa invece una mina britannica 700 kg, gi\u00e0 fatta brillare.<\/p>\n<p>Le tracce della storia pi\u00f9 antica<\/p>\n<p>Non solo la storia recente, ma anche quella pi\u00f9 antica sta ritornando alla luce sul letto del Danubio.<\/p>\n<p>Presso il villaggio di <strong>Gigen <\/strong>in Bulgaria, sono riemersi i resti di uno dei pi\u00f9 importanti ponti romani, il <strong>Ponte di Costantino<\/strong> risalente al IV secolo. Il ponte era un\u2019opera imponente, della lunghezza di circa due chilometri, e collegava Ulpia Oescus nell\u2019attuale Bulgaria con Sucidava in Romania.<\/p>\n<p><a class=\"imagen \" href=\"https:\/\/www.ilmeteo.net\/notizie\/previsioni\/il-falso-mito-delle-ondate-di-caldo-imprevedibili-perche-non-regge-e-cosa-dicono-davvero-modelli-e-osservazioni.html\" title=\"Il falso mito delle ondate di caldo imprevedibili: perch\u00e9 non regge e cosa dicono davvero modelli e osservazioni\" rel=\"nofollow noopener\" target=\"_blank\"><img decoding=\"async\" fetchpriority=\"low\" class=\"lazy img-body non-editable\" src=\"https:\/\/www.europesays.com\/it\/wp-content\/uploads\/2026\/08\/1786927642_500_il-falso-mito-delle-ondate-di-caldo-imprevedibili-perche-non-regge-e-cosa-dicono-davvero-modelli-e-o.jpeg\"  width=\"320\" height=\"225\"\/><\/a><\/p>\n<p>A <strong>Ryahovo<\/strong>, in Bulgaria, sono stati trovati i resti di un <strong>mammut <\/strong>vissuto tra cinquecentomila e diecimila anni fa. Si tratta di una zanna, di una mandibola, di una scapola e di altre ossa di un animale che doveva pesare circa <strong>sette tonnellate<\/strong>. \u00c8 possibile che sotto la sabbia sia custodito anche il resto dello scheletro.<\/p>\n<p>Un reperto insolito, di cui ancora si sa poco, \u00e8 una <strong>sfera di pietra<\/strong> trovata a <strong>Visegrad<\/strong>, in Ungheria. Ancora non \u00e8 chiaro cosa sia, ma non \u00e8 improbabile che fosse originariamente un proiettile di catapulta.<\/p>\n<p>Cosa ha rivelato la siccit\u00e0 nel Po e negli altri fiumi d&#8217;Europa<\/p>\n<p>Il Danubio forse \u00e8 il fiume pi\u00f9 ricco di reperti, ma non \u00e8 il solo che sta rivelando i suoi segreti. L&#8217;estate rovente e la mancanza di piogge hanno colpito anche altrove e cos\u00ec sono molte le tracce del passato che stanno tornando alla luce nei letti dei fiumi.<\/p>\n<p>Lungo il corso dell&#8217;<strong>Elba<\/strong> sono tornate visibili le <strong>Hungersteine<\/strong>, le &#8220;pietre della fame&#8221;, degli idrometri naturali incisi, che documentano le carestie e le siccit\u00e0 peggiori della storia. Quella di Oberposta, in Germania, porta la data pi\u00f9 antica, 1707.<\/p>\n<p><a class=\"imagen \" href=\"https:\/\/www.ilmeteo.net\/notizie\/previsioni\/temperature-fino-a-42-c-nuova-ondata-di-calore-si-abbatte-su-francia-e-germania-allo-stremo-estate-da-incubo.html\" title=\"Temperature fino a 42\u00b0C: nuova ondata di calore si sta per abbattere su Francia e Germania, &#039;\u00e8 un&#039;estate estrema&#039;\" rel=\"nofollow noopener\" target=\"_blank\"><img decoding=\"async\" fetchpriority=\"low\" class=\"lazy img-body non-editable\" src=\"https:\/\/www.europesays.com\/it\/wp-content\/uploads\/2026\/08\/jusqu-a-42-c-cette-semaine-une-nouvelle-canicule-s-installe-decouvrez-les-regions-les-plus-touchees-.png\"  width=\"320\" height=\"225\"\/><\/a><\/p>\n<p>Lungo il <strong>Reno <\/strong>\u00e8 ora visibile il relitto di una nave cargo in legno, la De Hoop, che portava dinamite e che \u00e8 affondata a causa di una esplosione nel 1895. <\/p>\n<p>Non va meglio al <strong>Po<\/strong>, il cui livello \u00e8 calato al punto da svelare i blocchi di pietra e un antico arco, parte delle fondamenta della chiesa o del casello dell&#8217;antico insediamento medievale di <strong>Borgofranco<\/strong>, scomparso due secoli fa in seguito ad <strong>un&#8217;alluvione<\/strong>.<\/p>\n<p>Riferimento della notizia<\/p>\n<p class=\"article-reference__body\">Jes\u00f9s Maturana. (2026). <a href=\"https:\/\/www.euronews.com\/my-europe\/2026\/08\/10\/historic-drought-rivers-reveal-hunger-stones-warships-and-mammoth-remains\" target=\"_blank\" data-mrf-recirculation=\"end_article_citation\" rel=\"nofollow noopener\">Historic drought: rivers reveal hunger stones, warships and mammoth remains<\/a>.<\/p>\n<p> <script async src=\"https:\/\/platform.twitter.com\/widgets.js\" charset=\"utf-8\"><\/script><\/p>\n","protected":false},"excerpt":{"rendered":"Una veduta da drone del Danubio in secca nell&#8217;estate 2026 Paola Cirino 16\/08\/2026 15:05 8 min L\u2019estate 2026&hellip;\n","protected":false},"author":3,"featured_media":635726,"comment_status":"","ping_status":"","sticky":false,"template":"","format":"standard","meta":{"footnotes":"","_share_on_mastodon":"0"},"categories":[160],"tags":[49302,14,164,165,35852,166,7,15,106387,11,167,12,168,161,162,163],"class_list":["post-635725","post","type-post","status-publish","format-standard","has-post-thumbnail","category-mondo","tag-caldo-estremo","tag-cronaca","tag-dal-mondo","tag-dalmondo","tag-fiumi","tag-mondo","tag-news","tag-notizie","tag-siccita","tag-ultime-notizie","tag-ultime-notizie-di-mondo","tag-ultimenotizie","tag-ultimenotiziedimondo","tag-world","tag-world-news","tag-worldnews"],"share_on_mastodon":{"url":"https:\/\/pubeurope.com\/@it\/117108097819790464","error":""},"_links":{"self":[{"href":"https:\/\/www.europesays.com\/it\/wp-json\/wp\/v2\/posts\/635725","targetHints":{"allow":["GET"]}}],"collection":[{"href":"https:\/\/www.europesays.com\/it\/wp-json\/wp\/v2\/posts"}],"about":[{"href":"https:\/\/www.europesays.com\/it\/wp-json\/wp\/v2\/types\/post"}],"author":[{"embeddable":true,"href":"https:\/\/www.europesays.com\/it\/wp-json\/wp\/v2\/users\/3"}],"replies":[{"embeddable":true,"href":"https:\/\/www.europesays.com\/it\/wp-json\/wp\/v2\/comments?post=635725"}],"version-history":[{"count":0,"href":"https:\/\/www.europesays.com\/it\/wp-json\/wp\/v2\/posts\/635725\/revisions"}],"wp:featuredmedia":[{"embeddable":true,"href":"https:\/\/www.europesays.com\/it\/wp-json\/wp\/v2\/media\/635726"}],"wp:attachment":[{"href":"https:\/\/www.europesays.com\/it\/wp-json\/wp\/v2\/media?parent=635725"}],"wp:term":[{"taxonomy":"category","embeddable":true,"href":"https:\/\/www.europesays.com\/it\/wp-json\/wp\/v2\/categories?post=635725"},{"taxonomy":"post_tag","embeddable":true,"href":"https:\/\/www.europesays.com\/it\/wp-json\/wp\/v2\/tags?post=635725"}],"curies":[{"name":"wp","href":"https:\/\/api.w.org\/{rel}","templated":true}]}}