{"id":636272,"date":"2026-08-17T10:59:16","date_gmt":"2026-08-17T10:59:16","guid":{"rendered":"https:\/\/www.europesays.com\/it\/636272\/"},"modified":"2026-08-17T10:59:16","modified_gmt":"2026-08-17T10:59:16","slug":"notte-dellorgoglio-marchigiano-il-countdown-a-francavilla-dete-raoul-bova-e-lina-sastri-tra-le-star-piu-attese-dellevento-di-dopodomani","status":"publish","type":"post","link":"https:\/\/www.europesays.com\/it\/636272\/","title":{"rendered":"Notte dell\u2019orgoglio marchigiano, il countdown a Francavilla d&#8217;Ete. Raoul Bova e Lina Sastri tra le star pi\u00f9 attese dell&#8217;evento di dopodomani"},"content":{"rendered":"<p>FRANCAVILLA D&#8217;ETE \u201c<strong>Notte dell\u2019orgoglio marchigiano<\/strong>\u201d, <strong>Francavilla d\u2019Ete<\/strong> accende i riflettori sulla ventiseiesima edizione. \u00c8 partito il conto alla rovescia per mercoled\u00ec alle 21 quando piazza Vittorio Emanuele II, sotto l\u2019antico castello medievale, ospiter\u00e0 l\u2019evento top dell\u2019estate marchigiana. Uno spettacolo che vede il contributo di 110 comuni, tutte le province e la Regione. Sul palco saliranno <a href=\"https:\/\/www.corriereadriatico.it\/t\/raoul-bova\" rel=\"nofollow noopener\" target=\"_blank\">Raoul Bova<\/a>, <a href=\"https:\/\/www.corriereadriatico.it\/t\/leo-gassmann\" rel=\"nofollow noopener\" target=\"_blank\">Leo Gassmann<\/a>, <a href=\"https:\/\/www.corriereadriatico.it\/t\/lina-sastri\" rel=\"nofollow noopener\" target=\"_blank\">Lina Sastri<\/a> e <a href=\"https:\/\/www.corriereadriatico.it\/t\/michela-persico\" rel=\"nofollow noopener\" target=\"_blank\">Michela Persico<\/a> con Tiziano Zengarini, oltre alla voce di Riccardo Foresi.<\/p>\n<p><img decoding=\"async\" alt=\"\" class=\"wnv-lazy\" src=\"https:\/\/www.europesays.com\/it\/wp-content\/uploads\/2026\/08\/9266138_27101010_michela_persico_1_1_16204217.jpg\"\/>\u00a0  <\/p>\n<p>Nel mondo  <\/p>\n<p>La serata sar\u00e0 trasmessa in differita via satellite negli Stati Uniti, Canada e in tutta Europa. Saranno premiate le eccellenze marchigiane: Garbage Group (ambiente), Stefano Papetti (cultura), Germano Ercoli (imprenditoria), Roberto Tallei (informazione), Rafla Srl (innovazione), XGiove (musica), Emanuele Frontoni (ricerca scientifica), Museo Tattile Statale Omero (sociale\/volontariato), Ascoli Calcio (sport), Fondazione Marche Cultura (Tv e spettacolo), Francesco Maria Chelli (Orgoglio Italiano) e Protezione Civile (Orgoglio Italiano nel Mondo). Con il Qr-code \u201cLe Marche\u201d si pu\u00f2 partecipare al contest e vincere premi, prodotti e servizi messi in palio da 40 comuni. <\/p>\n<p>Il sindaco Nicola Carolini, alla regia, ricorda l\u2019evoluzione della manifestazione: \u00ab\u00c8 cresciuta a dismisura &#8211; spiega &#8211; il contributo della Regione \u00e8 fondamentale, senza non potremmo realizzarlo. Raoul Bova ritirer\u00e0 il premio dell\u2019anno scorso\u00bb.<\/p>\n<p>Di casa  <\/p>\n<p>Jessica Marcozzi, presidente della commissione bilancio in Regione, sottolinea il valore dell\u2019iniziativa: \u00abSono di casa qui, \u00e8 la vetrina pi\u00f9 importante per le Marche, merita il primo posto tra le iniziative regionali\u00bb. L\u2019assessore regionale Paolo Calcinaro ribadisce \u00ab\u00e8 uno spettacolo unico per la promozione turistica\u00bb. Il vicesindaco Costantino Trasarti dice che \u00able prenotazioni sono arrivate anche da fuori regione, i turisti ci cercano\u00bb. La Proloco, come ricorda la segretaria Daniela Pomili, pensa alle specialit\u00e0 della casa: maialino al forno con patate arrosto, pappardelle al cinghiale e trippa, e il presidente Renzo Marinucci spiega che ci sono 60 volontari al lavoro. Giorgia Scoccia, a guida dello staff organizzatore, dice che \u00abil riscontro dei premiati \u00e8 stato massimo\u00bb e Marta Liberini, che collabora alla regia, ricorda l\u2019impegno dietro le quinte. Dal 12 agosto a Francavilla d\u2019Ete ci sono le notti dell\u2019orgoglio, serate di teatro, cabaret, orchestre nazionali e stand gastronomici. Il clou \u00e8 mercoled\u00ec sera.  <\/p>\n<p>Sonia Amaolo <\/p>\n<p>\u00a9 RIPRODUZIONE RISERVATA<\/p>\n","protected":false},"excerpt":{"rendered":"FRANCAVILLA D&#8217;ETE \u201cNotte dell\u2019orgoglio marchigiano\u201d, Francavilla d\u2019Ete accende i riflettori sulla ventiseiesima edizione. \u00c8 partito il conto alla&hellip;\n","protected":false},"author":3,"featured_media":636273,"comment_status":"","ping_status":"","sticky":false,"template":"","format":"standard","meta":{"footnotes":"","_share_on_mastodon":"0"},"categories":[1451],"tags":[11962,1621,1620,203,351449,204,1537,90,89],"class_list":["post-636272","post","type-post","status-publish","format-standard","has-post-thumbnail","category-celebrita","tag-bova","tag-celebrita","tag-celebrities","tag-entertainment","tag-francavilla-d","tag-intrattenimento","tag-it","tag-italia","tag-italy"],"share_on_mastodon":{"url":"https:\/\/pubeurope.com\/@it\/117110503972998649","error":""},"_links":{"self":[{"href":"https:\/\/www.europesays.com\/it\/wp-json\/wp\/v2\/posts\/636272","targetHints":{"allow":["GET"]}}],"collection":[{"href":"https:\/\/www.europesays.com\/it\/wp-json\/wp\/v2\/posts"}],"about":[{"href":"https:\/\/www.europesays.com\/it\/wp-json\/wp\/v2\/types\/post"}],"author":[{"embeddable":true,"href":"https:\/\/www.europesays.com\/it\/wp-json\/wp\/v2\/users\/3"}],"replies":[{"embeddable":true,"href":"https:\/\/www.europesays.com\/it\/wp-json\/wp\/v2\/comments?post=636272"}],"version-history":[{"count":0,"href":"https:\/\/www.europesays.com\/it\/wp-json\/wp\/v2\/posts\/636272\/revisions"}],"wp:featuredmedia":[{"embeddable":true,"href":"https:\/\/www.europesays.com\/it\/wp-json\/wp\/v2\/media\/636273"}],"wp:attachment":[{"href":"https:\/\/www.europesays.com\/it\/wp-json\/wp\/v2\/media?parent=636272"}],"wp:term":[{"taxonomy":"category","embeddable":true,"href":"https:\/\/www.europesays.com\/it\/wp-json\/wp\/v2\/categories?post=636272"},{"taxonomy":"post_tag","embeddable":true,"href":"https:\/\/www.europesays.com\/it\/wp-json\/wp\/v2\/tags?post=636272"}],"curies":[{"name":"wp","href":"https:\/\/api.w.org\/{rel}","templated":true}]}}