{"id":636354,"date":"2026-08-17T12:02:18","date_gmt":"2026-08-17T12:02:18","guid":{"rendered":"https:\/\/www.europesays.com\/it\/636354\/"},"modified":"2026-08-17T12:02:18","modified_gmt":"2026-08-17T12:02:18","slug":"vasco-rossi-e-larresto-per-droga-lo-sfogo-sui-social","status":"publish","type":"post","link":"https:\/\/www.europesays.com\/it\/636354\/","title":{"rendered":"Vasco Rossi e l\u2019arresto per droga: lo sfogo sui social"},"content":{"rendered":"<p>Vasco torna a parlare del suo arresto per droga e respinge con forza l\u2019accusa di avere fatto i nomi di altre persone per ottenere uno sconto sulla detenzione. A riaccendere il caso \u00e8 stato un commento pubblicato sui social da un follower: &#8220;Hai fatto arrestare quelli che te l\u2019hanno venduta per risparmiare un giorno di carcere\u201d. Nel lungo messaggio, ha poi chiesto a Rossi di rispondere \u201csinceramente\u201d, arrivando a definirlo \u201cinfame. Quando ti guardavi allo specchio non ti sentivi un verme?\u201d.<\/p>\n<p><img decoding=\"async\" src=\"https:\/\/www.europesays.com\/it\/wp-content\/uploads\/2026\/08\/l-accusa-2.jpg\" alt=\"L'accusa-2\" title=\"L'accusa-2\"\/><\/p>\n<p>\u201cRibalta la realt\u00e0\u201d<\/p>\n<p>Parole alle quali Vasco ha replicato direttamente, affidando poi alle storie di Instagram gli screenshot dell\u2019intero scambio: \u201cTi rispondo con chiarezza perch\u00e9 questa storia, oltre a essere falsa, ribalta completamente la realt\u00e0\u201d, ha scritto.<\/p>\n<p>\u201cIo non ho fatto arrestare nessuno. Sono stato invece denunciato da un infame che raccont\u00f2 al Pubblico Ministero di avermi venduto 30 grammi di cocaina. Sulla base di quelle dichiarazioni vennero emessi un mandato di cattura e una perquisizione e fui portato direttamente in carcere\u201d.<\/p>\n<p>\u201cCinque giorni in totale isolamento\u201d<\/p>\n<p>Il rocker ha quindi ricostruito i giorni trascorsi dietro le sbarre: \u201cHo passato cinque giorni in totale isolamento e 22 giorni complessivi di detenzione, prima che venisse chiarito che non avevo niente a che fare con la banda di spacciatori alla quale ero stato associato\u201d.<\/p>\n<p>Netta anche la smentita dell\u2019ipotesi secondo cui avrebbe ottenuto la libert\u00e0 accusando altre persone: \u201cNon sono uscito prima perch\u00e9 avrei fatto nomi o accusato qualcuno per risparmiarmi il carcere. \u00c8 successo esattamente il contrario: qualcuno fece il mio nome e io finii in galera\u201d.<\/p>\n<p>\u201cPurtroppo questa voce continua a girare e mi infastidisce parecchio \u2013 ha aggiunto il rocker \u2013, perch\u00e9 trasforma chi ha subito un\u2019accusa in chi avrebbe accusato gli altri. E questo, oltre a essere falso, mi offende e mi fa decisamente incazzare. Adesso, almeno, sai come sono andate le cose\u201d.<\/p>\n<p><img decoding=\"async\" src=\"https:\/\/www.europesays.com\/it\/wp-content\/uploads\/2026\/08\/la-risposta.jpeg\" alt=\"La risposta\" title=\"La risposta\"\/><\/p>\n<p>Tutto ai legali<\/p>\n<p>La replica, per\u00f2, non si \u00e8 fermata alla ricostruzione dei fatti. Vasco ha definito il commento \u201cl\u2019ennesima vergognosa fake\u201d e ha annunciato di voler coinvolgere i propri legali: \u201cGiro il tuo commento ai miei avvocati perch\u00e9 procedano nei tuoi confronti, trattandosi di una diffamazione tanto infondata quanto calunniosa. L\u2019oro ricavato dal risarcimento, non loro, lo lascer\u00f2 a chi soffre ingiustamente in carcere\u201d.<\/p>\n<p>L&#8217;arresto nel 1984<\/p>\n<p>La vicenda giudiziaria risale al 1984, quando Vasco Rossi venne rinchiuso nel carcere di Pesaro. Durante la perquisizione dell\u2019abitazionefurono trovati 26 grammi di cocaina. In seguito il cantante venne scagionato dall\u2019accusa di spaccio, mentre fu condannato con la condizionale per la detenzione della sostanza.\u00a0<\/p>\n<p><img decoding=\"async\" src=\"https:\/\/www.europesays.com\/it\/wp-content\/uploads\/2026\/08\/ai-legali-2.jpg\" alt=\"Ai legali-2\" title=\"Ai legali-2\"\/><\/p>\n<p><a href=\"https:\/\/www.bolognatoday.it\/social\/vasco-serie-netflix-supervissuto.html\" target=\"_blank\" rel=\"nofollow noopener\">Ne parla anche nella serie Netflix, Il Supervissuto<\/a>: &#8220;Ha dato ai carabinieri la quantit\u00e0 di cocaina che avevo in casa. Mi avevano detto che se avessi consegnato tutto subito avrei avuto le attenuanti, cos\u00ec la prendo e gliela d\u00f2. Gli d\u00f2 la quantit\u00e0 che avevo che era di circa 20-30 grammi. Non andavo a comprarla tutti i giorni, ne compravo un grammo, due alla volta, mi facevo la scorta ma quando tu ne hai molta quantit\u00e0 loro ti considerano uno spacciatore. Io sono stato condannato e considerato uno spacciatore ma io non ho mai spacciato, questo lo voglio dire&#8221;.\u00a0<\/p>\n<p>\u00a0<\/p>\n","protected":false},"excerpt":{"rendered":"Vasco torna a parlare del suo arresto per droga e respinge con forza l\u2019accusa di avere fatto i&hellip;\n","protected":false},"author":3,"featured_media":636355,"comment_status":"","ping_status":"","sticky":false,"template":"","format":"standard","meta":{"footnotes":"","_share_on_mastodon":"0"},"categories":[174],"tags":[453,10846,203,10243,204,1537,90,89,18122],"class_list":["post-636354","post","type-post","status-publish","format-standard","has-post-thumbnail","category-intrattenimento","tag-arresto","tag-droga","tag-entertainment","tag-fake","tag-intrattenimento","tag-it","tag-italia","tag-italy","tag-vasco"],"share_on_mastodon":{"url":"https:\/\/pubeurope.com\/@it\/117110751094614470","error":""},"_links":{"self":[{"href":"https:\/\/www.europesays.com\/it\/wp-json\/wp\/v2\/posts\/636354","targetHints":{"allow":["GET"]}}],"collection":[{"href":"https:\/\/www.europesays.com\/it\/wp-json\/wp\/v2\/posts"}],"about":[{"href":"https:\/\/www.europesays.com\/it\/wp-json\/wp\/v2\/types\/post"}],"author":[{"embeddable":true,"href":"https:\/\/www.europesays.com\/it\/wp-json\/wp\/v2\/users\/3"}],"replies":[{"embeddable":true,"href":"https:\/\/www.europesays.com\/it\/wp-json\/wp\/v2\/comments?post=636354"}],"version-history":[{"count":0,"href":"https:\/\/www.europesays.com\/it\/wp-json\/wp\/v2\/posts\/636354\/revisions"}],"wp:featuredmedia":[{"embeddable":true,"href":"https:\/\/www.europesays.com\/it\/wp-json\/wp\/v2\/media\/636355"}],"wp:attachment":[{"href":"https:\/\/www.europesays.com\/it\/wp-json\/wp\/v2\/media?parent=636354"}],"wp:term":[{"taxonomy":"category","embeddable":true,"href":"https:\/\/www.europesays.com\/it\/wp-json\/wp\/v2\/categories?post=636354"},{"taxonomy":"post_tag","embeddable":true,"href":"https:\/\/www.europesays.com\/it\/wp-json\/wp\/v2\/tags?post=636354"}],"curies":[{"name":"wp","href":"https:\/\/api.w.org\/{rel}","templated":true}]}}