{"id":636384,"date":"2026-08-17T12:28:16","date_gmt":"2026-08-17T12:28:16","guid":{"rendered":"https:\/\/www.europesays.com\/it\/636384\/"},"modified":"2026-08-17T12:28:16","modified_gmt":"2026-08-17T12:28:16","slug":"fumo-e-depressione-dopo-il-parto-la-meta-analisi-su-38-studi-trova-un-rischio-circa-doppio","status":"publish","type":"post","link":"https:\/\/www.europesays.com\/it\/636384\/","title":{"rendered":"Fumo e depressione dopo il parto: la meta-analisi su 38 studi trova un rischio circa doppio"},"content":{"rendered":"<p>La storia comincia con una sigaretta. Non con la nicotina, le proteine o le statistiche: con quei pochi minuti strappati a giornate in cui una donna ha partorito da poco, dorme a pezzi, cambia orari come si cambiano i pannolini e magari non riesce pi\u00f9 a distinguere la mattina dalla sera. La sigaretta, in quella confusione, pu\u00f2 sembrare una parentesi. Ma le parentesi, qualche volta, contengono la frase principale.<\/p>\n<p>Leggo una meta-analisi pubblicata il <strong>17 agosto<\/strong> su Archives of Women\u2019s Mental Health. Ha riunito 38 studi dedicati al rapporto tra tabagismo e depressione post-partum, e il risultato merita attenzione senza bisogno di processi sommari: tra le donne che fumavano, la probabilit\u00e0 di depressione post-partum risultava circa doppia rispetto alle non fumatrici. Negli studi che misuravano anche la gravit\u00e0 dei sintomi, le prime riportavano punteggi depressivi pi\u00f9 alti.<\/p>\n<p>I dati non dimostrano per\u00f2 che una sigaretta provochi direttamente la depressione dopo il parto, come un fiammifero accende la carta. Dicono che le due condizioni si presentano insieme con una frequenza che non conviene ignorare. \u00c8 una distinzione meno spettacolare di un titolo definitivo, lo capisco, ma la scienza ha questa vecchia abitudine: prima di condannare, controlla persino il posacenere.<\/p>\n<p>    <a href=\"https:\/\/www.mondosanita.it\/news\/studi-e-ricerca\/107980\/mal-di-schiena-quando-ce-da-preoccuparsi-lo-studio-su-1-2-milioni-di-persone.html?utm_source=VCMS_correlati\" class=\"vc_cont_image\" rel=\"nofollow noopener\" target=\"_blank\"><img decoding=\"async\" class=\"vc_image\" src=\"https:\/\/www.mondosanita.it\/resizer\/150\/-1\/true\/2026_08_17\/ChatGPT_Image_17_ago_2026__07_57_37-1786946413820.png--mal_di_schiena__quanto_spesso_nasconde_davvero_qualcosa_di_serio__lo_studio_su_1_2_milioni_di_persone.webp\"\/><\/a><\/p>\n<p>Conta anche il tempo. Il legame appariva pi\u00f9 forte nelle donne che fumavano ancora e in quelle che avevano fumato durante la gravidanza; era invece meno marcato quando il fumo apparteneva soltanto al passato. Le differenze geografiche e culturali fra gli studi non sembravano cambiare significativamente il rapporto. E tuttavia la sigaretta non vive da sola, appoggiata con eleganza sopra un tavolino: si accompagna a condizioni psicologiche, sociali e ambientali che possono incidere, a loro volta, sulla vulnerabilit\u00e0 depressiva. Potrebbe dunque essere parte del problema biologico, oppure il lembo visibile di una fatica pi\u00f9 larga. Forse entrambe le cose. Gli stessi autori richiamano il possibile ruolo di fattori ambientali e psicosociali.<\/p>\n<p>I ricercatori, non contenti delle abitudini umane \u2014 materia notoriamente disordinata \u2014 hanno interrogato anche i computer. Alle 38 ricerche hanno affiancato analisi genomiche e di rete in silico, cercando un terreno biologico comune tra dipendenza da nicotina e depressione post-partum. Sono comparse diverse proteine \u201chub\u201d: <strong>AKT1, ESR1, IL6, TNF, STAT3, PTEN e CTNNB1<\/strong>. Una piccola commissione molecolare, insomma, impegnata in processi che riguardano espressione genica, comunicazione cellulare, metabolismo e funzioni immunitarie.<\/p>\n<p>    <a href=\"https:\/\/www.mondosanita.it\/news\/studi-e-ricerca\/107982\/testa-in-avanti-cosa-succede-alla-curva-del-collo-lo-studio-su-300-universitari.html?utm_source=VCMS_correlati\" class=\"vc_cont_image\" rel=\"nofollow noopener\" target=\"_blank\"><img decoding=\"async\" class=\"vc_image\" src=\"https:\/\/www.mondosanita.it\/resizer\/150\/-1\/true\/2026_08_17\/ChatGPT_Image_17_ago_2026__08_20_47-1786948020730.png--testa_in_avanti__cosa_succede_alla_curva_del_collo__lo_studio_su_300_universitari.webp\"\/><\/a><\/p>\n<p>\u00c8 un indizio plausibile, non un certificato di causalit\u00e0. Quelle analisi non provano che il fumo prema un bottone, avvii una cascata molecolare e produca necessariamente la depressione in una donna che ha appena avuto un figlio. Indicano vie da esaminare con studi sperimentali e clinici pi\u00f9 mirati. Il computer suggerisce quali porte aprire; non pu\u00f2 ancora dirci che cosa troveremo nella stanza.<\/p>\n<p>La conseguenza pratica \u00e8 assai meno sontuosa e, proprio per questo, pi\u00f9 utile. Poich\u00e9 il fumo in gravidanza e nel post-partum \u00e8 gi\u00e0 un problema per la salute della madre e del bambino, pu\u00f2 diventare anche un <strong>campanello d\u2019allarme<\/strong> per il benessere psicologico materno. Non un capo d\u2019accusa. Non l\u2019occasione per spiegare a una donna stanca che ha sbagliato perfino i suoi cinque minuti. Piuttosto un motivo per fermarsi e domandare qualcosa in pi\u00f9.<\/p>\n<p>La depressione post-partum, infatti, non \u00e8 qualche giornata storta n\u00e9 il transitorio \u201cbaby blues\u201d. Pu\u00f2 significare tristezza intensa, ansia, perdita d\u2019interesse, stanchezza profonda, difficolt\u00e0 nelle normali attivit\u00e0 quotidiane. Anche smettere di fumare \u00e8 utile prima, durante e dopo la gravidanza, ma pu\u00f2 richiedere sostegno professionale. Dunque, quando compare una sigaretta, non limitiamoci a cercare il portacenere. Chiediamo alla madre come sta.<\/p>\n<p><img loading=\"lazy\" decoding=\"async\" src=\"https:\/\/www.europesays.com\/it\/wp-content\/uploads\/2026\/08\/ChatGPT_Image_17_ago_2026,_10_51_46-1786956716289.webp\" alt=\"\" width=\"1024\" height=\"1536\" caption=\"false\"\/><\/p>\n<p>\u2e3b<\/p>\n<p>Abedin F., Das M., Bishayi A. et al. \u201cUnravelling the biological nexus of smoking and postpartum depression: a meta-analysis and functional genomics approach\u201d. Archives of Women\u2019s Mental Health, vol. 29, art. 113, pubblicato il 17 agosto 2026. DOI: 10.1007\/s00737-026-01753-8.<\/p>\n<p><a href=\"https:\/\/link.springer.com\/article\/10.1007\/s00737-026-01753-8\" target=\"_blank\" rel=\"noopener nofollow\" style=\"color: #33cccc;\"><strong>Link alla pubblicazione<\/strong><\/a><\/p>\n","protected":false},"excerpt":{"rendered":"La storia comincia con una sigaretta. Non con la nicotina, le proteine o le statistiche: con quei pochi&hellip;\n","protected":false},"author":3,"featured_media":636385,"comment_status":"","ping_status":"","sticky":false,"template":"","format":"standard","meta":{"footnotes":"","_share_on_mastodon":"0"},"categories":[175],"tags":[351517,351512,351513,239,1537,90,89,351516,351518,240,351515,351519,351514],"class_list":["post-636384","post","type-post","status-publish","format-standard","has-post-thumbnail","category-salute","tag-associazione-fumo-depressione","tag-depressione-post-partum","tag-fumo-durante-la-gravidanza","tag-health","tag-it","tag-italia","tag-italy","tag-meta-analisi-postpartum","tag-prevenzione-fumo-gravidanza","tag-salute","tag-salute-mentale-materna","tag-supporto-psicologico-madre","tag-tabagismo-e-salute-mentale"],"share_on_mastodon":{"url":"https:\/\/pubeurope.com\/@it\/117110854290032148","error":""},"_links":{"self":[{"href":"https:\/\/www.europesays.com\/it\/wp-json\/wp\/v2\/posts\/636384","targetHints":{"allow":["GET"]}}],"collection":[{"href":"https:\/\/www.europesays.com\/it\/wp-json\/wp\/v2\/posts"}],"about":[{"href":"https:\/\/www.europesays.com\/it\/wp-json\/wp\/v2\/types\/post"}],"author":[{"embeddable":true,"href":"https:\/\/www.europesays.com\/it\/wp-json\/wp\/v2\/users\/3"}],"replies":[{"embeddable":true,"href":"https:\/\/www.europesays.com\/it\/wp-json\/wp\/v2\/comments?post=636384"}],"version-history":[{"count":0,"href":"https:\/\/www.europesays.com\/it\/wp-json\/wp\/v2\/posts\/636384\/revisions"}],"wp:featuredmedia":[{"embeddable":true,"href":"https:\/\/www.europesays.com\/it\/wp-json\/wp\/v2\/media\/636385"}],"wp:attachment":[{"href":"https:\/\/www.europesays.com\/it\/wp-json\/wp\/v2\/media?parent=636384"}],"wp:term":[{"taxonomy":"category","embeddable":true,"href":"https:\/\/www.europesays.com\/it\/wp-json\/wp\/v2\/categories?post=636384"},{"taxonomy":"post_tag","embeddable":true,"href":"https:\/\/www.europesays.com\/it\/wp-json\/wp\/v2\/tags?post=636384"}],"curies":[{"name":"wp","href":"https:\/\/api.w.org\/{rel}","templated":true}]}}