{"id":636603,"date":"2026-08-17T15:16:16","date_gmt":"2026-08-17T15:16:16","guid":{"rendered":"https:\/\/www.europesays.com\/it\/636603\/"},"modified":"2026-08-17T15:16:16","modified_gmt":"2026-08-17T15:16:16","slug":"fotografa-i-bimbi-in-costume-il-grido-in-spiaggia-20enne-linciato-a-ostia-ma-sul-cellulare-non-cera-nessuna-foto","status":"publish","type":"post","link":"https:\/\/www.europesays.com\/it\/636603\/","title":{"rendered":"\u00abFotografa i bimbi in costume\u00bb, il grido in spiaggia: 20enne linciato a Ostia. Ma sul cellulare non c&#8217;era nessuna foto"},"content":{"rendered":"<p>&#13;<br \/>\n                               &#13;<br \/>\n                                                &#13;<br \/>\n                &#13;<\/p>\n<p>Accerchiato e colpito a calci e pugni sotto gli ombrelloni, davanti a decine di bagnanti: \u00e8 quanto accaduto il 15 agosto, giorno di Ferragosto, in uno <strong>stabilimento balneare di <a href=\"https:\/\/www.leggo.it\/t\/ostia\" rel=\"nofollow noopener\" target=\"_blank\">Ostia<\/a><\/strong> a un ventenne di origine egiziana, aggredito perch\u00e9 ritenuto &#8211; a torto &#8211; un molestatore di bambini. A fermare il pestaggio \u00e8 intervenuta la polizia, che ha poi accertato come le accuse contro di lui fossero completamente infondate.<\/p>\n<p>&#13;<br \/>\n&#13;<br \/>\nCosa \u00e8 successo&#13;<br \/>\n&#13;<\/p>\n<p>Secondo la ricostruzione riportata da Fanpage, tutto sarebbe partito da un grido lanciato sulla spiaggia da una persona convinta di aver visto il ragazzo fotografare alcuni bambini in costume. La voce si sarebbe propagata in pochi istanti tra gli ombrelloni, fino a radunare intorno al giovane un gruppo di bagnanti che, senza dargli il tempo di spiegarsi, lo avrebbe accerchiato e aggredito fisicamente. <\/p>\n<p>Solo l&#8217;intervento della polizia, allertata insieme ai gestori dello stabilimento, ha messo fine alla violenza, mettendo il ventenne al sicuro in un&#8217;auto di servizio mentre la tensione tra i presenti restava alta.&#13;<br \/>\n&#13;<\/p>\n<p>I successivi controlli sul telefono del giovane non hanno restituito alcuna immagine compromettente, n\u00e9 tra i file salvati n\u00e9 tra quelli eliminati: al momento in cui sarebbe scattata l&#8217;accusa, il ragazzo &#8211; incensurato e regolarmente presente in Italia &#8211; stava in realt\u00e0 effettuando una videochiamata su WhatsApp. Trasportato in codice giallo all&#8217;ospedale San Camillo, \u00e8 ora al vaglio dei medici l&#8217;entit\u00e0 delle lesioni riportate, comprese eventuali fratture. Resta invece ancora da ricostruire l&#8217;identit\u00e0 di chi ha lanciato l&#8217;accusa iniziale e di chi ha preso parte al pestaggio.<\/p>\n<p>                                &#13;<br \/>\n                &#13;<br \/>\n&#13;<br \/>\n                Ultimo aggiornamento: luned\u00ec 17 agosto 2026, 16:25&#13;<br \/>\n                <br \/>&#13;<br \/>\n                &#13;<br \/>\n                  &#13;<br \/>\n                    &#13;<br \/>\n                        \u00a9 RIPRODUZIONE RISERVATA&#13;<\/p>\n<p>&#13;<\/p>\n<p>                    &#13;<\/p>\n","protected":false},"excerpt":{"rendered":"&#13; &#13; &#13; &#13; Accerchiato e colpito a calci e pugni sotto gli ombrelloni, davanti a decine di&hellip;\n","protected":false},"author":3,"featured_media":636604,"comment_status":"","ping_status":"","sticky":false,"template":"","format":"standard","meta":{"footnotes":"","_share_on_mastodon":"0"},"categories":[6],"tags":[14,8,1537,90,89,29456,7,15,82,9,83,10,10618,351670,13,11,80,84,12,81,85],"class_list":["post-636603","post","type-post","status-publish","format-standard","has-post-thumbnail","category-ultime-notizie","tag-cronaca","tag-headlines","tag-it","tag-italia","tag-italy","tag-molestie","tag-news","tag-notizie","tag-notizie-di-cronaca","tag-notizie-principali","tag-notiziedicronaca","tag-notizieprincipali","tag-ostia","tag-spiaggia-ostia","tag-titoli","tag-ultime-notizie","tag-ultime-notizie-di-cronaca","tag-ultime-notizie-e-news-di-oggi","tag-ultimenotizie","tag-ultimenotiziedicronaca","tag-ultimenotizieenewsdioggi"],"share_on_mastodon":{"url":"https:\/\/pubeurope.com\/@it\/117111513981704078","error":""},"_links":{"self":[{"href":"https:\/\/www.europesays.com\/it\/wp-json\/wp\/v2\/posts\/636603","targetHints":{"allow":["GET"]}}],"collection":[{"href":"https:\/\/www.europesays.com\/it\/wp-json\/wp\/v2\/posts"}],"about":[{"href":"https:\/\/www.europesays.com\/it\/wp-json\/wp\/v2\/types\/post"}],"author":[{"embeddable":true,"href":"https:\/\/www.europesays.com\/it\/wp-json\/wp\/v2\/users\/3"}],"replies":[{"embeddable":true,"href":"https:\/\/www.europesays.com\/it\/wp-json\/wp\/v2\/comments?post=636603"}],"version-history":[{"count":0,"href":"https:\/\/www.europesays.com\/it\/wp-json\/wp\/v2\/posts\/636603\/revisions"}],"wp:featuredmedia":[{"embeddable":true,"href":"https:\/\/www.europesays.com\/it\/wp-json\/wp\/v2\/media\/636604"}],"wp:attachment":[{"href":"https:\/\/www.europesays.com\/it\/wp-json\/wp\/v2\/media?parent=636603"}],"wp:term":[{"taxonomy":"category","embeddable":true,"href":"https:\/\/www.europesays.com\/it\/wp-json\/wp\/v2\/categories?post=636603"},{"taxonomy":"post_tag","embeddable":true,"href":"https:\/\/www.europesays.com\/it\/wp-json\/wp\/v2\/tags?post=636603"}],"curies":[{"name":"wp","href":"https:\/\/api.w.org\/{rel}","templated":true}]}}