{"id":636685,"date":"2026-08-17T16:29:19","date_gmt":"2026-08-17T16:29:19","guid":{"rendered":"https:\/\/www.europesays.com\/it\/636685\/"},"modified":"2026-08-17T16:29:19","modified_gmt":"2026-08-17T16:29:19","slug":"tangled-disney-fissa-la-data-duscita-e-mostra-le-prime-immagini-del-film-live-action-su-rapunzel","status":"publish","type":"post","link":"https:\/\/www.europesays.com\/it\/636685\/","title":{"rendered":"Tangled, Disney fissa la data d\u2019uscita e mostra le prime immagini del film live action su Rapunzel"},"content":{"rendered":"<p>Disney ha fissato al 31 marzo 2028 l&#8217;uscita nelle sale del remake live action di Tangled. L&#8217;annuncio \u00e8 arrivato al D23 di Anaheim, dove \u00e8 stato mostrato in esclusiva il primo filmato del film con Teagan Croft nei panni di Rapunzel e Milo Manheim in quelli di Flynn Rider. Nel cast figurano anche Kathryn Hahn, Diego Luna e i gemelli Stabbington interpretati da Patrick e Hugo McPherson<\/p>\n<p>Il remake live action di <a data-intcmp=\"skytg24_foglia articolo_interlink_text\" href=\"https:\/\/tg24.sky.it\/spettacolo\/cinema\/2026\/06\/29\/rapunzel-film-live-action\" target=\"_self\" rel=\"nofollow noopener\">Tangled<\/a>\u00a0&#8211; adattamento del film d&#8217;animazione\u00a0Rapunzel &#8211; L&#8217;intreccio della torre del 2010 &#8211;\u00a0ha ora una data ufficiale. Disney ha fissato l\u2019uscita nelle sale al 31 marzo 2028, confermando uno dei progetti pi\u00f9 attesi tra i rifacimenti dei classici d\u2019animazione dello studio.<\/p>\n<p>\u00a0<\/p>\n<p>L\u2019annuncio \u00e8 arrivato durante il Disney Entertainment Showcase al D23 di Anaheim, in California, dove il pubblico ha potuto vedere anche un primo montaggio di immagini del film.<\/p>\n<p>La nuova versione riprende la storia ispirata alla fiaba dei fratelli Grimm gi\u00e0 adattata nel film d\u2019animazione del 2010. Al centro della vicenda c\u2019\u00e8 Rapunzel, una principessa dai capelli dotati di poteri magici, cresciuta isolata in una torre e destinata a incontrare il ladro Flynn Rider.<\/p>\n<p>\t\t \tTeagan Croft e Milo Manheim nei ruoli principali<\/p>\n<p>Nel live action, Teagan Croft interpreter\u00e0 Rapunzel e Milo Manheim sar\u00e0 Flynn Rider. Kathryn Hahn vestir\u00e0 i panni di Madre Gothel, la donna che tiene Rapunzel prigioniera nella torre.<\/p>\n<p>Diego Luna avr\u00e0 un ruolo inedito, mentre Patrick e Hugo McPherson interpreteranno i gemelli Stabbington, antagonisti della storia.<\/p>\n<p>Kathryn Hahn: \u201cMi piace interpretare Madre Gothel\u201d<\/p>\n<p>Durante il D23, Kathryn Hahn ha parlato del suo personaggio con entusiasmo: \u201cMi piace interpretare Madre Gothel. \u00c8 splendida, divertente, affascinante, generosa fino all\u2019eccesso. Forse \u00e8 un po\u2019 troppo protettiva, ma \u00e8 perch\u00e9 ci tiene moltissimo\u201d.<\/p>\n<p>Le sue parole hanno offerto un primo sguardo sull\u2019approccio al personaggio, figura centrale nel conflitto della storia.<\/p>\n<p>\t\t\t<a class=\"c-inline-card j-inline-card c-inline-card--with-image\" href=\"https:\/\/tg24.sky.it\/spettacolo\/cinema\/2026\/06\/29\/rapunzel-film-live-action\" rel=\"follow nofollow noopener\" data-intcmp=\"skytg24_articolo_approfondimenti_inline\" target=\"_blank\"><\/p>\n<p>\t\t\t         <img decoding=\"async\" crossorigin=\"anonymous\" alt=\"\"  loading=\"lazy\"  src=\"https:\/\/www.europesays.com\/it\/wp-content\/uploads\/2026\/07\/rapunzel-wp.jpg\"\/><\/p>\n<p>\n\t\t\t         Approfondimento<br \/>\n\t\t\t         Rapunzel, sono iniziate le riprese del film live-action Disney\n\t\t\t      <\/p>\n<p>\t\t\t<\/a><\/p>\n<p>\t\t \tRegia e produzione<\/p>\n<p>Il film \u00e8 diretto da Michael Gracey, gi\u00e0 regista di The Greatest Showman. La sceneggiatura \u00e8 firmata da Jennifer Kaytin Robinson e Michael Montemayor.<\/p>\n<p>La produzione \u00e8 affidata a Kristin Burr, mentre Lucy Kitada e Jessica Virtue sono executive producer.<\/p>\n<p>Le riprese sono iniziate in Spagna nel giugno 2026, segnando l\u2019avvio concreto del progetto dopo una lunga fase di sviluppo.<\/p>\n<p>Un progetto tra stop e ripartenze<\/p>\n<p>Il remake era stato annunciato per la prima volta nel dicembre 2024. Successivamente, nel 2025, Disney aveva deciso di sospenderne lo sviluppo dopo i risultati al botteghino di Biancaneve, che aveva incassato 69 milioni di dollari negli Stati Uniti e 145 milioni a livello globale.<\/p>\n<p>Dopo la pausa, il progetto \u00e8 stato riattivato, portando all\u2019inizio delle riprese e alla definizione della data di uscita.<\/p>\n<p>\t\t\t<a class=\"c-inline-card j-inline-card c-inline-card--with-image\" href=\"https:\/\/tg24.sky.it\/spettacolo\/cinema\/2026\/05\/04\/rapunzel-film-live-action-diego-luna\" rel=\"follow nofollow noopener\" data-intcmp=\"skytg24_articolo_approfondimenti_inline\" target=\"_blank\"><\/p>\n<p>\t\t\t         <img decoding=\"async\" crossorigin=\"anonymous\" alt=\"\"  loading=\"lazy\"  src=\"https:\/\/www.europesays.com\/it\/wp-content\/uploads\/2026\/06\/rapunzel-diego-luna-wp-getty.jpg\"\/><\/p>\n<p>\n\t\t\t         Approfondimento<br \/>\n\t\t\t         Rapunzel, Diego Luna in remake live-action di film d&#8217;animazione Disney\n\t\t\t      <\/p>\n<p>\t\t\t<\/a><\/p>\n<p>\t\t \tL\u2019eredit\u00e0 del film d\u2019animazione del 2010<\/p>\n<p>Il film originale Tangled, uscito nel 2010, aveva ottenuto un grande successo con 592 milioni di dollari incassati nel mondo.<\/p>\n<p>Nel film d\u2019animazione, Rapunzel era doppiata da Mandy Moore e Flynn Rider da Zachary Levi. Il successo aveva generato ulteriori contenuti, tra cui il cortometraggio Tangled Ever After e la serie Rapunzel\u2019s Tangled Adventure.<\/p>\n<p>Musica e riconoscimenti<\/p>\n<p>La canzone I See the Light era stata candidata all\u2019Oscar 2011 come miglior brano originale. Il film aveva inoltre ricevuto nomination ai Golden Globe come miglior film d\u2019animazione e per la miglior canzone.<\/p>\n<p>Il live action si prepara ora a riportare la storia sul grande schermo con un nuovo cast. La data, gi\u00e0 definita, da segnarsi a caratteri cubitali \u00e8 31 marzo 2028.<\/p>\n<p>\t\t\t<a class=\"c-inline-card j-inline-card c-inline-card--with-image\" href=\"https:\/\/tg24.sky.it\/spettacolo\/cinema\/2024\/12\/12\/rapunzel-live-action\" rel=\"follow nofollow noopener\" data-intcmp=\"skytg24_articolo_approfondimenti_inline\" target=\"_blank\"><\/p>\n<p>\t\t\t         <img decoding=\"async\" crossorigin=\"anonymous\" alt=\"\"  loading=\"lazy\"  src=\"https:\/\/www.europesays.com\/it\/wp-content\/uploads\/2026\/08\/Webphoto_Rapunzel_-_Lintrec_043654_18.jpg\"\/><\/p>\n<p>\n\t\t\t         Approfondimento<br \/>\n\t\t\t         Rapunzel, in lavorazione il live-action Disney\n\t\t\t      <\/p>\n<p>\t\t\t<\/a><\/p>\n<p>\t            TAG:<\/p>\n","protected":false},"excerpt":{"rendered":"Disney ha fissato al 31 marzo 2028 l&#8217;uscita nelle sale del remake live action di Tangled. L&#8217;annuncio \u00e8&hellip;\n","protected":false},"author":3,"featured_media":636686,"comment_status":"","ping_status":"","sticky":false,"template":"","format":"standard","meta":{"footnotes":"","_share_on_mastodon":"0"},"categories":[1442],"tags":[9218,203,454,204,1537,90,89,12487,1521,22200],"class_list":["post-636685","post","type-post","status-publish","format-standard","has-post-thumbnail","category-film","tag-disney","tag-entertainment","tag-film","tag-intrattenimento","tag-it","tag-italia","tag-italy","tag-live-action","tag-movies","tag-walt-disney"],"share_on_mastodon":{"url":"https:\/\/pubeurope.com\/@it\/117111801602563625","error":""},"_links":{"self":[{"href":"https:\/\/www.europesays.com\/it\/wp-json\/wp\/v2\/posts\/636685","targetHints":{"allow":["GET"]}}],"collection":[{"href":"https:\/\/www.europesays.com\/it\/wp-json\/wp\/v2\/posts"}],"about":[{"href":"https:\/\/www.europesays.com\/it\/wp-json\/wp\/v2\/types\/post"}],"author":[{"embeddable":true,"href":"https:\/\/www.europesays.com\/it\/wp-json\/wp\/v2\/users\/3"}],"replies":[{"embeddable":true,"href":"https:\/\/www.europesays.com\/it\/wp-json\/wp\/v2\/comments?post=636685"}],"version-history":[{"count":0,"href":"https:\/\/www.europesays.com\/it\/wp-json\/wp\/v2\/posts\/636685\/revisions"}],"wp:featuredmedia":[{"embeddable":true,"href":"https:\/\/www.europesays.com\/it\/wp-json\/wp\/v2\/media\/636686"}],"wp:attachment":[{"href":"https:\/\/www.europesays.com\/it\/wp-json\/wp\/v2\/media?parent=636685"}],"wp:term":[{"taxonomy":"category","embeddable":true,"href":"https:\/\/www.europesays.com\/it\/wp-json\/wp\/v2\/categories?post=636685"},{"taxonomy":"post_tag","embeddable":true,"href":"https:\/\/www.europesays.com\/it\/wp-json\/wp\/v2\/tags?post=636685"}],"curies":[{"name":"wp","href":"https:\/\/api.w.org\/{rel}","templated":true}]}}