{"id":636765,"date":"2026-08-17T17:29:15","date_gmt":"2026-08-17T17:29:15","guid":{"rendered":"https:\/\/www.europesays.com\/it\/636765\/"},"modified":"2026-08-17T17:29:15","modified_gmt":"2026-08-17T17:29:15","slug":"salviamo-i-bambini-di-gaza-da-hamas-usati-come-scudi-umani-il-tempo","status":"publish","type":"post","link":"https:\/\/www.europesays.com\/it\/636765\/","title":{"rendered":"Salviamo i bambini di Gaza da Hamas usati come scudi umani \u2013 Il Tempo"},"content":{"rendered":"<p>            <img decoding=\"async\" src=\"https:\/\/www.europesays.com\/it\/wp-content\/uploads\/2026\/08\/160235279-c23ae020-2877-4ad3-a456-3a5a69672582.jpg\" class=\"lazy\" alt=\"\"\/><\/p>\n<p class=\"briefly\">L&#8217;intervento di Ben-Dror Yemini ricercatore docente e giornalista I terroristi hanno educato i bimbi all&#8217;odio, reclutandoli contro Israele<\/p>\n<p>\t\t\t\t\t\t\t<a href=\"\" class=\"author\">Ben-Dror Yemini<\/a><\/p>\n<p>\t\t\t\t\t\t\t17 agosto 2026<\/p>\n<p>Il cuore duole per ogni bambino ferito a Gaza.\u00a0Duole per ogni bambino affamato in Yemen sotto la tirannide degli Houthi. Per ogni bambino in Sudan vittima di una guerra di cui ignora perch\u00e9 e per cosa si combatta. Duole il cuore per ogni bambino dei Paesi del Sahel, ucciso, ferito o deperito.\u00a0C\u2019\u00e8 un comun denominatore fra tutti questi bambini: sono vittime dell\u2019Islam radicale, sia sunnita che sciita.\u00a0Ovunque questo Islam governi o cerchi di assumere il potere, le vittime innocenti sono innumerevoli.<\/p>\n<p>L\u2019organizzazione terroristica di Hamas, al potere nella Striscia di Gaza dal 2007, da due decenni abusa dei civili palestinesi e, in particolare, dei bambini. Bambini sono stati trucidati nel massacro di Hamas del 7 ottobre. Circa 1200 israeliani, molti di cui minori e attivisti per la pace d\u2019aiuto agli abitanti di Gaza, sono stati assassinati quel giorno. I leader di Hamas sapevano esattamente cosa facevano. Avere a bersaglio civili innocenti, anziani e bambini, costituiva un fattore di stimolo, non di dissuasione. Perch\u00e9 questo \u00e8 Hamas. Questo \u00e8 il jihad.<br \/>Questa \u00e8 l\u2019essenza di un\u2019organizzazione terroristica.<\/p>\n<p>Il punto \u00e8 che Hamas era un\u2019organizzazione terroristica cresciuta di livello: era l\u2019autorit\u00e0 di governo nella Striscia di Gaza. Con i bambini ha fatto tre cose. Primo: li ha educati all\u2019odio. Odio per gli ebrei, odio per i cristiani, odio per gli induisti, odio per chiunque non sia un islamista &#8211; persino i musulmani moderati sono ritenuti nemici -.<\/p>\n<p>Secondo: ha reclutato bambini dai 14 anni. Bambini che sventolavano bandiere di Hamas e con la svastica nazista. Perch\u00e9 veniva loro insegnata la completa identit\u00e0 tra le ambizioni di sterminio di Hitler e quelle di sterminio di Hamas. Del resto, \u00e8 esattamente questa la missione invocata dal leader dei Fratelli Musulmani, lo sceicco Yusuf al-Qaradawi: \u00abNoi musulmani dobbiamo portare a compimento l\u2019opera di Hitler\u00bb. Le ambizioni di Hamas erano persino superiori: volevano conquistare l\u2019Europa. Ripetutamente, hanno evocato Roma.\u00a0Terzo: Hamas ha esplicitamente dichiarato che il proprio scudo umano fossero i bambini e le donne palestinesi, la cui vita poteva essere sacrificata per il raggiungimento dei propri oscuri obiettivi.<br \/>Per ben comprendere quanto i bambini di Gaza fossero al cuore della macchina da guerra di Hamas, \u00e8 utile esaminare quel che l\u2019allora leader del gruppo terroristico, Ismail Haniyeh, dichiar\u00f2 il 27 ottobre, tre settimane dopo il terribile massacro: \u00abAbbiamo bisogno del sangue delle donne, dei bambini e degli anziani di Gaza, perch\u00e9 risvegli il nostro spirito rivoluzionario\u00bb. O ancora, ci\u00f2 che disse Fathi Hamad quand\u2019era ministro dell\u2019Interno di Hamas: \u00abUsiamo donne e bambini come scudi umani&#8230; Loro dicono al nemico sionista: noi aspiriamo alla morte come voi aspirate alla vita\u00bb.<\/p>\n<p>Che in Italia vi siano persone che vogliono assegnare il Premio Nobel per la Pace ai bambini di Gaza \u00e8 cosa bella; vale la pena, per\u00f2, ricordare quel che i leader di quei minori hanno dichiarato su Roma: Yunis al-Astal, uno dei capi di Hamas, ha lanciato un appello sulla televisione Al-Aqsa di Hamas a \u00abconquistare Roma e anche le due Americhe\u00bb. Nel 2012, il dottor Subhi al-Yaziji, tra i responsabili dell\u2019Universit\u00e0 Islamica di Gaza, ha proclamato sul canale di Hamas: \u00abAlzeremo la bandiera del Califfato islamico sul Vaticano\u00bb.<\/p>\n<p>Va dunque riconosciuto questo: solo un atteggiamento di totale indifferenza verso la natura omicida, colonialista, imperialista e nazista di Hamas pu\u00f2 legittimare la proposta di assegnazione del Premio Nobel per la Pace proprio ai bambini di Gaza, che sventolano bandiere con la svastica. Questi minori sono vittime dell\u2019Islam radicale a Gaza come in altri luoghi del mondo musulmano e hanno bisogno di un\u2019educazione alla pace, non di un premio all\u2019odio e all\u2019ambizione di sterminio.<\/p>\n<p>Nel sostenere la narrativa che attribuisce a Israele la responsabilit\u00e0 per il male inferto ai bambini di Gaza, il Professor Eugenio Mazzarella supporta una campagna propagandistica di menzogne che altro non fa che perpetuare il problema, rafforzando Hamas e il jihad e deteriorando la possibilit\u00e0 di una vita migliore per i bambini di Gaza.\u00a0Continuando a dar eco all\u2019orrenda campagna di propaganda contro Israele e, di fatto, a favore di Hamas, il Professor Mazzarella e altri incentivano il jihad, che sta arrivando anche nelle strade di Roma. Solo pochi giorni fa, un uomo ebreo \u00e8 stato aggredito due volte in due giorni. Non aveva commesso alcun peccato n\u00e9 alcun crimine. \u00c8 una vittima dell\u2019incitamento, delle menzogne e dell\u2019odio.\u00a0Pertanto, il professor Mazzarella \u00e8 invitato a fare la cosa giusta: combattere i movimenti jihadisti radicali, compreso Hamas, per garantire una vita migliore e pi\u00f9 giusta ai bambini di Gaza nonch\u00e9 agli ebrei e ai non ebrei di Roma e di tutto il mondo.<\/p>\n<p>\u00a0<\/p>\n<p>*Ben-Dror Yemini. Ricercatore, docente e giornalista senior di Yediot Ahronot, quotidiano israeliano di grande popolarit\u00e0.\u00a0Negli ultimi vent\u2019anni, Yemini si \u00e8 dedicato alla ricerca sulla propaganda anti-israeliana. Il suo ultimo best-seller, &#8220;L\u2019Industria delle bugie&#8221;, \u00e8 stato pubblicato in numerose lingue.<\/p>\n","protected":false},"excerpt":{"rendered":"L&#8217;intervento di Ben-Dror Yemini ricercatore docente e giornalista I terroristi hanno educato i bimbi all&#8217;odio, reclutandoli contro Israele&hellip;\n","protected":false},"author":3,"featured_media":636766,"comment_status":"","ping_status":"","sticky":false,"template":"","format":"standard","meta":{"footnotes":"","_share_on_mastodon":"0"},"categories":[160],"tags":[14,164,165,73,75,72,166,7,15,76,7577,11,167,12,168,161,162,163],"class_list":["post-636765","post","type-post","status-publish","format-standard","has-post-thumbnail","category-mondo","tag-cronaca","tag-dal-mondo","tag-dalmondo","tag-gaza","tag-hamas","tag-israele","tag-mondo","tag-news","tag-notizie","tag-palestina","tag-striscia-di-gaza","tag-ultime-notizie","tag-ultime-notizie-di-mondo","tag-ultimenotizie","tag-ultimenotiziedimondo","tag-world","tag-world-news","tag-worldnews"],"share_on_mastodon":{"url":"https:\/\/pubeurope.com\/@it\/117112037787664470","error":""},"_links":{"self":[{"href":"https:\/\/www.europesays.com\/it\/wp-json\/wp\/v2\/posts\/636765","targetHints":{"allow":["GET"]}}],"collection":[{"href":"https:\/\/www.europesays.com\/it\/wp-json\/wp\/v2\/posts"}],"about":[{"href":"https:\/\/www.europesays.com\/it\/wp-json\/wp\/v2\/types\/post"}],"author":[{"embeddable":true,"href":"https:\/\/www.europesays.com\/it\/wp-json\/wp\/v2\/users\/3"}],"replies":[{"embeddable":true,"href":"https:\/\/www.europesays.com\/it\/wp-json\/wp\/v2\/comments?post=636765"}],"version-history":[{"count":0,"href":"https:\/\/www.europesays.com\/it\/wp-json\/wp\/v2\/posts\/636765\/revisions"}],"wp:featuredmedia":[{"embeddable":true,"href":"https:\/\/www.europesays.com\/it\/wp-json\/wp\/v2\/media\/636766"}],"wp:attachment":[{"href":"https:\/\/www.europesays.com\/it\/wp-json\/wp\/v2\/media?parent=636765"}],"wp:term":[{"taxonomy":"category","embeddable":true,"href":"https:\/\/www.europesays.com\/it\/wp-json\/wp\/v2\/categories?post=636765"},{"taxonomy":"post_tag","embeddable":true,"href":"https:\/\/www.europesays.com\/it\/wp-json\/wp\/v2\/tags?post=636765"}],"curies":[{"name":"wp","href":"https:\/\/api.w.org\/{rel}","templated":true}]}}