{"id":636904,"date":"2026-08-17T19:19:23","date_gmt":"2026-08-17T19:19:23","guid":{"rendered":"https:\/\/www.europesays.com\/it\/636904\/"},"modified":"2026-08-17T19:19:23","modified_gmt":"2026-08-17T19:19:23","slug":"roma-24enne-morto-a-tor-sapienza-caccia-allaggressore","status":"publish","type":"post","link":"https:\/\/www.europesays.com\/it\/636904\/","title":{"rendered":"Roma, 24enne morto a Tor Sapienza: caccia all&#8217;aggressore"},"content":{"rendered":"<p>Il giovane, Raymond Asosa Agheyisi, nato a Roma nel 2002, \u00e8 morto poco dopo il ricovero al Policlinico Casilino. La squadra mobile indaga per ricostruire la dinamica e rintracciare l&#8217;aggressore. La zona \u00e8 considerata una delle principali piazze di spaccio della citt\u00e0 e nessuna pista \u00e8 esclusa<\/p>\n<p>Si chiamava Raymond Asosa Agheyisi il 24enne morto nel pomeriggio di oggi dopo essere stato ferito in via Giorgio Morandi, nel quartiere di Tor Sapienza, nella periferia est di Roma. Nato nella Capitale nel 2002, il giovane \u00e8 deceduto poco dopo il ricovero al Policlinico Casilino. Gli investigatori della squadra mobile sono al lavoro per ricostruire la dinamica e identificare il responsabile, tuttora ricercato.<\/p>\n<p>\t\t \tI soccorsi e il trasporto in ospedale<\/p>\n<p>La polizia \u00e8 intervenuta intorno alle 15, dopo la richiesta di aiuto arrivata da un amico della vittima. Il giovane \u00e8 stato trovato con una ferita all&#8217;addome: non \u00e8 ancora chiaro se provocata da un&#8217;arma da taglio o da un colpo di pistola. Trasferito in codice rosso al Policlinico Casilino, \u00e8 deceduto poco dopo il ricovero. La squadra mobile di Roma \u00e8 al lavoro per ricostruire che cosa sia realmente successo.\u00a0<\/p>\n<p>\t\t\t<a class=\"c-inline-card j-inline-card c-inline-card--with-image\" href=\"https:\/\/tg24.sky.it\/cronaca\/2026\/08\/17\/uomo-morto-operazione-polmone-genova\" rel=\"follow nofollow noopener\" data-intcmp=\"skytg24_articolo_approfondimenti_inline\" target=\"_blank\"><\/p>\n<p>\t\t\t         <img decoding=\"async\" crossorigin=\"anonymous\" alt=\"\"  loading=\"lazy\"  src=\"https:\/\/www.europesays.com\/it\/wp-content\/uploads\/2026\/08\/M2MJ0H.jpg\"\/><\/p>\n<p>\n\t\t\t         Leggi anche<br \/>\n\t\t\t         Genova, 76enne muore durante operazione al polmone\n\t\t\t      <\/p>\n<p>\t\t\t<\/a><\/p>\n<p>\t\t\t<strong>Le indagini<\/strong><\/p>\n<p>Gli accertamenti della squadra mobile si concentrano ora sull&#8217;identificazione dell&#8217;aggressore, mentre proseguono le ricerche per rintracciarlo. L&#8217;area in cui \u00e8 avvenuta l&#8217;aggressione, nella periferia sud-est della citt\u00e0, \u00e8 considerata una delle principali piazze di spaccio di Roma: al momento nessuna pista viene esclusa.<\/p>\n<p>\t\t\t<strong>Le reazioni<\/strong><\/p>\n<p>Sulla vicenda interviene il presidente del Municipio Roma V, Mauro Caliste. &#8220;Qualcosa non va, si parla tanto di sicurezza, ma il controllo del territorio non esiste&#8221;, dichiara in una nota. Caliste sottolinea che la sicurezza urbana &#8220;si pu\u00f2 costruire in tanti modi attraverso un approccio integrato che tenga conto della necessit\u00e0 di rafforzare la coesione sociale&#8221; e rivendica il lavoro fatto in diversi quartieri, &#8220;recuperando spazi e pianificando interventi sociali&#8221;. Ma serve, aggiunge, &#8220;che tutti lavorino nella stessa direzione&#8221;. Da qui la richiesta di &#8220;rivedere il sistema, la relazione tra enti locali e forze dell&#8217;ordine&#8221; e di rafforzare i presidi territoriali, &#8220;che vanno dotati di personale e mezzi&#8221;.<\/p>\n<p>\t            TAG:<\/p>\n","protected":false},"excerpt":{"rendered":"Il giovane, Raymond Asosa Agheyisi, nato a Roma nel 2002, \u00e8 morto poco dopo il ricovero al Policlinico&hellip;\n","protected":false},"author":3,"featured_media":636905,"comment_status":"","ping_status":"","sticky":false,"template":"","format":"standard","meta":{"footnotes":"","_share_on_mastodon":"0"},"categories":[6],"tags":[364,14,8,1537,90,89,300,7,15,82,9,83,10,987,13,11,80,84,12,81,85],"class_list":["post-636904","post","type-post","status-publish","format-standard","has-post-thumbnail","category-ultime-notizie","tag-collaboratori","tag-cronaca","tag-headlines","tag-it","tag-italia","tag-italy","tag-morto","tag-news","tag-notizie","tag-notizie-di-cronaca","tag-notizie-principali","tag-notiziedicronaca","tag-notizieprincipali","tag-roma","tag-titoli","tag-ultime-notizie","tag-ultime-notizie-di-cronaca","tag-ultime-notizie-e-news-di-oggi","tag-ultimenotizie","tag-ultimenotiziedicronaca","tag-ultimenotizieenewsdioggi"],"share_on_mastodon":{"url":"https:\/\/pubeurope.com\/@it\/117112470121498522","error":""},"_links":{"self":[{"href":"https:\/\/www.europesays.com\/it\/wp-json\/wp\/v2\/posts\/636904","targetHints":{"allow":["GET"]}}],"collection":[{"href":"https:\/\/www.europesays.com\/it\/wp-json\/wp\/v2\/posts"}],"about":[{"href":"https:\/\/www.europesays.com\/it\/wp-json\/wp\/v2\/types\/post"}],"author":[{"embeddable":true,"href":"https:\/\/www.europesays.com\/it\/wp-json\/wp\/v2\/users\/3"}],"replies":[{"embeddable":true,"href":"https:\/\/www.europesays.com\/it\/wp-json\/wp\/v2\/comments?post=636904"}],"version-history":[{"count":0,"href":"https:\/\/www.europesays.com\/it\/wp-json\/wp\/v2\/posts\/636904\/revisions"}],"wp:featuredmedia":[{"embeddable":true,"href":"https:\/\/www.europesays.com\/it\/wp-json\/wp\/v2\/media\/636905"}],"wp:attachment":[{"href":"https:\/\/www.europesays.com\/it\/wp-json\/wp\/v2\/media?parent=636904"}],"wp:term":[{"taxonomy":"category","embeddable":true,"href":"https:\/\/www.europesays.com\/it\/wp-json\/wp\/v2\/categories?post=636904"},{"taxonomy":"post_tag","embeddable":true,"href":"https:\/\/www.europesays.com\/it\/wp-json\/wp\/v2\/tags?post=636904"}],"curies":[{"name":"wp","href":"https:\/\/api.w.org\/{rel}","templated":true}]}}