{"id":636913,"date":"2026-08-17T19:34:34","date_gmt":"2026-08-17T19:34:34","guid":{"rendered":"https:\/\/www.europesays.com\/it\/636913\/"},"modified":"2026-08-17T19:34:34","modified_gmt":"2026-08-17T19:34:34","slug":"i-bronzi-di-riace-il-16-agosto-1972-riemersero-dalle-acque-del-mediterraneo-e-divennero-il-simbolo-universale-della-magna-grecia","status":"publish","type":"post","link":"https:\/\/www.europesays.com\/it\/636913\/","title":{"rendered":"I Bronzi di Riace il 16 agosto 1972 riemersero dalle acque del Mediterraneo e divennero il simbolo universale della Magna Grecia"},"content":{"rendered":"<p>16 agosto 1972. Nelle acque di Riace Marina il Mediterraneo restitu\u00ec due dei pi\u00f9 grandi capolavori della scultura greca: i Bronzi di Riace. A oltre cinquant\u2019anni dal loro ritrovamento, quei due guerrieri continuano a raccontare la straordinaria eredit\u00e0 della Magna Grecia e il legame profondo tra il mare e la memoria della civilt\u00e0 mediterranea<\/p>\n<p class=\"wp-block-paragraph\">Il 16 agosto 1972 il Mediterraneo comp\u00ec uno dei gesti pi\u00f9 straordinari della storia dell\u2019archeologia. A pochi metri dalla costa ionica della Calabria, nelle acque di Riace Marina, un giovane subacqueo romano, Stefano Mariottini, scorse affiorare dalla sabbia quello che inizialmente credette fosse il braccio di un corpo umano. Era invece il braccio di una statua in bronzo del V secolo a.C. Poco distante giaceva una seconda figura. Dopo oltre duemila anni di silenzio, il mare restituiva due capolavori destinati a diventare il simbolo universale della Magna Grecia: i Bronzi di Riace.<\/p>\n<p>Un\u2019estate italiana, un ritrovamento che cambi\u00f2 la storia<\/p>\n<p class=\"wp-block-paragraph\">L\u2019Italia del 1972 viveva una stagione di profonde contraddizioni. Erano gli anni del boom ormai concluso, delle tensioni sociali e della strategia della tensione, mentre il Mediterraneo continuava a rappresentare un crocevia politico e culturale. Pochi giorni dopo quel Ferragosto si sarebbero aperte le Olimpiadi di Monaco, destinate a essere ricordate per uno degli episodi pi\u00f9 tragici del Novecento. In quel clima inquieto, la scoperta di Riace sembr\u00f2 riportare l\u2019attenzione su una dimensione diversa della storia: quella della bellezza capace di attraversare i millenni. Mariottini denunci\u00f2 immediatamente il ritrovamento alla Soprintendenza. Nella relazione ufficiale descrisse due figure maschili nude, perfettamente conservate, adagiate sul fondale sabbioso a circa 230 metri dalla riva e a otto metri di profondit\u00e0. \u00c8 uno dei documenti pi\u00f9 emozionanti dell\u2019archeologia italiana perch\u00e9 racconta, con linguaggio burocratico, l\u2019istante in cui il mito entra nella cronaca.<\/p>\n<p>L\u2019eredit\u00e0 della Magna Grecia<\/p>\n<p class=\"wp-block-paragraph\">Per comprendere il significato dei Bronzi bisogna tornare al V secolo a.C., quando le colonie greche dell\u2019Italia meridionale costituivano uno dei centri pi\u00f9 avanzati della civilt\u00e0 mediterranea. Citt\u00e0 come Locri Epizefiri, Kaulon, Crotone, Sibari e Reggio non erano periferie della Grecia, ma laboratori di filosofia, matematica, medicina e arte. Fu in questo contesto che nacquero opere bronzee di qualit\u00e0 straordinaria. Le due statue, alte quasi due metri, furono realizzate con la sofisticata tecnica della fusione a cera persa, che permetteva una resa anatomica senza precedenti: vene pulsanti, muscoli tesi, labbra in rame rosso, denti e ciglia in argento, occhi impreziositi da materiali differenti. Non erano semplici sculture; erano uomini idealizzati, sintesi perfetta tra naturalismo e armonia classica. <strong>L\u2019attribuzione rimane ancora oggi oggetto di dibattito. <\/strong>Alcuni studiosi li hanno collegati ad Agelada di Argo, altri a Fidia, altri ancora alla scuola di Policleto. Pi\u00f9 che identificarne con certezza l\u2019autore, la ricerca contemporanea tende a considerarli parte di un grande gruppo monumentale greco successivamente trasportato via mare, probabilmente durante l\u2019et\u00e0 romana.<\/p>\n<p>Perch\u00e9 erano sul fondo del mare?<\/p>\n<p class=\"wp-block-paragraph\">\u00c8 la domanda che continua ad affascinare archeologi e storici. Nessun relitto \u00e8 stato individuato con certezza nel punto del ritrovamento. L\u2019ipotesi tradizionale sostiene che una nave, sorpresa da una tempesta, abbia alleggerito il carico gettando in mare le statue. Altri studiosi ritengono invece che i Bronzi appartenessero a un relitto naufragato pi\u00f9 lontano e che le correnti o eventi successivi abbiano modificato il contesto originario. Le campagne archeologiche condotte negli anni successivi recuperarono soltanto alcuni anelli metallici e frammenti, insufficienti a risolvere definitivamente il mistero. Ed \u00e8 forse proprio questa assenza di una risposta definitiva a renderli ancora pi\u00f9 potenti: i Bronzi non sono soltanto opere d\u2019arte, sono una domanda aperta sulla circolazione delle culture nel Mediterraneo antico.<\/p>\n<p>Il bronzo contro il tempo<\/p>\n<p class=\"wp-block-paragraph\">La maggior parte delle statue greche in bronzo fu fusa nei secoli successivi per recuperare il metallo. Per questo motivo gli originali giunti fino a noi sono rarissimi. I Bronzi di Riace costituiscono uno dei pi\u00f9 importanti esempi superstiti della grande scultura greca, mentre molte delle opere oggi celebrate nei musei del mondo sono copie romane in marmo di originali perduti. Paradossalmente fu il mare, spesso distruttore di civilt\u00e0, a trasformarsi nel loro custode. Ricoperti dalla sabbia e protetti dall\u2019assenza di ossigeno, i due guerrieri attraversarono ventitr\u00e9 secoli quasi intatti, fino a quando la casualit\u00e0 di un\u2019immersione li riport\u00f2 alla luce.<\/p>\n<p>Un patrimonio che appartiene all\u2019Italia<\/p>\n<p class=\"wp-block-paragraph\">Dopo il recupero del1972, le statue affrontarono lunghi restauri tra Reggio Calabria e Firenze, culminati nella loro definitiva collocazione al Museo Archeologico Nazionale di Reggio Calabria, dove sono conservate in una sala climatizzata su piattaforme antisismiche. Oggi rappresentano non soltanto l\u2019emblema della Calabria, ma uno dei simboli assoluti del patrimonio culturale italiano. A distanza di oltre mezzo secolo, il 16 agosto non ricorda semplicemente una scoperta archeologica. Ricorda il momento in cui il Mediterraneo restitu\u00ec all\u2019umanit\u00e0 due eroi senza nome, ricordandoci che la bellezza non appartiene al passato: attende soltanto di essere riconosciuta.<\/p>\n","protected":false},"excerpt":{"rendered":"16 agosto 1972. Nelle acque di Riace Marina il Mediterraneo restitu\u00ec due dei pi\u00f9 grandi capolavori della scultura&hellip;\n","protected":false},"author":3,"featured_media":636914,"comment_status":"","ping_status":"","sticky":false,"template":"","format":"standard","meta":{"footnotes":"","_share_on_mastodon":"0"},"categories":[1446],"tags":[1615,1613,1614,1611,1610,6185,1612,203,204,1537,90,89,7145,4456,136875],"class_list":["post-636913","post","type-post","status-publish","format-standard","has-post-thumbnail","category-arte-e-design","tag-arte","tag-arte-e-design","tag-arteedesign","tag-arts","tag-arts-and-design","tag-calabria","tag-design","tag-entertainment","tag-intrattenimento","tag-it","tag-italia","tag-italy","tag-mediterraneo","tag-scultura","tag-storia-dellarte"],"share_on_mastodon":{"url":"https:\/\/pubeurope.com\/@it\/117112528361553997","error":""},"_links":{"self":[{"href":"https:\/\/www.europesays.com\/it\/wp-json\/wp\/v2\/posts\/636913","targetHints":{"allow":["GET"]}}],"collection":[{"href":"https:\/\/www.europesays.com\/it\/wp-json\/wp\/v2\/posts"}],"about":[{"href":"https:\/\/www.europesays.com\/it\/wp-json\/wp\/v2\/types\/post"}],"author":[{"embeddable":true,"href":"https:\/\/www.europesays.com\/it\/wp-json\/wp\/v2\/users\/3"}],"replies":[{"embeddable":true,"href":"https:\/\/www.europesays.com\/it\/wp-json\/wp\/v2\/comments?post=636913"}],"version-history":[{"count":0,"href":"https:\/\/www.europesays.com\/it\/wp-json\/wp\/v2\/posts\/636913\/revisions"}],"wp:featuredmedia":[{"embeddable":true,"href":"https:\/\/www.europesays.com\/it\/wp-json\/wp\/v2\/media\/636914"}],"wp:attachment":[{"href":"https:\/\/www.europesays.com\/it\/wp-json\/wp\/v2\/media?parent=636913"}],"wp:term":[{"taxonomy":"category","embeddable":true,"href":"https:\/\/www.europesays.com\/it\/wp-json\/wp\/v2\/categories?post=636913"},{"taxonomy":"post_tag","embeddable":true,"href":"https:\/\/www.europesays.com\/it\/wp-json\/wp\/v2\/tags?post=636913"}],"curies":[{"name":"wp","href":"https:\/\/api.w.org\/{rel}","templated":true}]}}