{"id":636915,"date":"2026-08-17T19:36:26","date_gmt":"2026-08-17T19:36:26","guid":{"rendered":"https:\/\/www.europesays.com\/it\/636915\/"},"modified":"2026-08-17T19:36:26","modified_gmt":"2026-08-17T19:36:26","slug":"mercoledi-3-uscita-cast-e-trama-della-terza-stagione","status":"publish","type":"post","link":"https:\/\/www.europesays.com\/it\/636915\/","title":{"rendered":"Mercoled\u00ec 3: uscita, cast e trama della terza stagione"},"content":{"rendered":"<p>\nIN BREVE<br \/>Le informazioni essenziali<\/p>\n<p>\nUscita<br \/><strong>Non ancora annunciata<\/strong><\/p>\n<p>\nDove vederla<br \/><strong>Netflix<\/strong><\/p>\n<p>\nStato<br \/><strong>In produzione<\/strong><\/p>\n<p>\nRinnovo<br \/><strong>Quarta stagione non ancora annunciata<\/strong><\/p>\n<p>\nShowrunner<br \/><strong>Alfred Gough e Miles Millar<\/strong><\/p>\n<p>\nNuova location<br \/><strong>Parigi<\/strong><\/p>\n<p>\nCast<br \/><strong>Jenna Ortega, Emma Myers, Catherine Zeta-Jones, Luis Guzm\u00e1n, Eva Green, Winona Ryder, Hunter Doohan e Joy Sunday<\/strong><\/p>\n<p style=\"text-align: justify;\"><strong>Mercoled\u00ec torner\u00e0 ufficialmente per una terza stagione e le riprese sono gi\u00e0 in corso.<\/strong> Jenna Ortega riprende il ruolo di Wednesday Addams insieme a buona parte del cast principale, mentre Netflix ha aggiunto nomi come Eva Green, Winona Ryder e Lena Headey. La nuova stagione continuer\u00e0 ad approfondire i segreti della famiglia Addams e porter\u00e0 almeno parte della storia fuori da Nevermore, con una misteriosa deviazione a Parigi.<\/p>\n<p>Netflix non ha per\u00f2 ancora annunciato n\u00e9 <strong>la data di uscita n\u00e9 il numero di episodi<\/strong>, quindi qualsiasi indicazione pi\u00f9 precisa sul debutto deve essere considerata al momento non ufficiale.<\/p>\n<p>IN QUESTA GUIDA<\/p>\n<p>Quando esce la terza stagione di Mercoled\u00ec?<\/p>\n<p style=\"text-align: justify;\"><strong>Netflix non ha ancora annunciato la data di uscita della terza stagione di Mercoled\u00ec.<\/strong> La produzione \u00e8 gi\u00e0 iniziata, ma lo streamer continua a indicare il debutto semplicemente come futuro senza fornire una finestra ufficiale.<\/p>\n<p>Non \u00e8 quindi corretto indicare al momento un mese o un anno preciso come data confermata.<\/p>\n<p>Sono iniziate le riprese della terza stagione?<\/p>\n<p style=\"text-align: justify;\"><strong>S\u00ec. Le riprese della terza stagione sono iniziate nel febbraio 2026 nei pressi di Dublino.<\/strong> Netflix ha pubblicato il primo materiale dal set insieme all\u2019annuncio di diversi nuovi interpreti.<\/p>\n<p>La produzione si \u00e8 successivamente spostata anche a Parigi, elemento che anticipa una deviazione significativa rispetto all\u2019ambientazione tradizionale di Nevermore.<\/p>\n<p>Di cosa parler\u00e0 la terza stagione di Mercoled\u00ec?<\/p>\n<p style=\"text-align: justify;\"><strong>La terza stagione continuer\u00e0 a espandere il mondo di Nevermore e approfondir\u00e0 nuovi segreti della famiglia Addams.<\/strong> Alfred Gough e Miles Millar hanno anticipato l\u2019arrivo di nuovi studenti, nuovi insegnanti e ulteriori membri della famiglia.<\/p>\n<p>Il finale della seconda stagione ha inoltre lasciato diverse storyline aperte, a cominciare dal futuro di Enid e dalle conseguenze delle nuove rivelazioni sui personaggi pi\u00f9 vicini a Mercoled\u00ec.<\/p>\n<p>Perch\u00e9 Mercoled\u00ec sar\u00e0 a Parigi?<\/p>\n<p style=\"text-align: justify;\"><strong>Netflix ha confermato che Mercoled\u00ec far\u00e0 tappa a Parigi nella terza stagione.<\/strong> Una <a href=\"https:\/\/www.netflix.com\/tudum\/articles\/wednesday-season-3-release-date\" target=\"_blank\" rel=\"noopener nofollow\"><strong>prima immagine dal set pubblicata ufficialmente da Netflix Tudum<\/strong><\/a> mostra infatti il personaggio di Jenna Ortega nella capitale francese, anticipando quella che Netflix stessa definisce una deviazione europea nella \u201cCity of Love\u201d.<\/p>\n<p>Non \u00e8 per\u00f2 ancora stato spiegato ufficialmente cosa porter\u00e0 Mercoled\u00ec in Francia, quanto sar\u00e0 importante Parigi nella trama o per quanti episodi la citt\u00e0 far\u00e0 parte della storia. L\u2019ambientazione \u00e8 quindi confermata, mentre il contesto narrativo resta ancora da scoprire.<\/p>\n<p>Chi c\u2019\u00e8 nel cast della terza stagione di Mercoled\u00ec?<\/p>\n<p style=\"text-align: justify;\"><strong>Jenna Ortega torna come Mercoled\u00ec Addams insieme a Emma Myers, Hunter Doohan, Catherine Zeta-Jones, Luis Guzm\u00e1n, Joy Sunday, Isaac Ordonez, Fred Armisen e altri interpreti delle prime due stagioni.<\/strong><\/p>\n<p>Tra i nuovi ingressi figurano <strong>Eva Green, Winona Ryder, Chris Sarandon, Noah Taylor, Oscar Morgan, Kennedy Moyer, Lena Headey, Andrew McCarthy e James Lance<\/strong>.<\/p>\n<p>Recenserie aveva gi\u00e0 seguito l\u2019ingresso di <a href=\"https:\/\/recenserie.com\/eva-green-entra-nel-cast-di-wednesday-3-sara-zia-ophelia.html\" rel=\"nofollow noopener\" target=\"_blank\"><strong>Eva Green come zia Ophelia<\/strong><\/a> e quello di <a href=\"https:\/\/recenserie.com\/winona-ryder-entra-nel-cast-della-3a-stagione-di-wednesday-mercoledi.html\" rel=\"nofollow noopener\" target=\"_blank\"><strong>Winona Ryder nella terza stagione<\/strong><\/a>.<\/p>\n<p>Chi interpreta zia Ophelia nella terza stagione?<\/p>\n<p style=\"text-align: justify;\"><strong>Eva Green interpreta Ophelia, la misteriosa sorella di Morticia Addams.<\/strong> Il personaggio era gi\u00e0 diventato importante nelle rivelazioni della seconda stagione e avr\u00e0 ora finalmente un volto.<\/p>\n<p>L\u2019ingresso di Ophelia risponde direttamente alla promessa degli showrunner di approfondire ulteriormente la storia e i segreti della famiglia Addams.<\/p>\n<p>Mercoled\u00ec \u00e8 stata rinnovata per la quarta stagione?<\/p>\n<p style=\"text-align: justify;\"><strong>No. Netflix non ha ancora annunciato ufficialmente la quarta stagione di Mercoled\u00ec.<\/strong> La terza \u00e8 in piena produzione, ma al momento non esiste un nuovo rinnovo formalizzato.<\/p>\n<p>Gli showrunner hanno parlato della possibilit\u00e0 di continuare a espandere il mondo della serie, ma <strong>questo non equivale alla conferma di una quarta stagione<\/strong>.<\/p>\n<p>STATO DEL RINNOVO<\/p>\n<p><strong>Quarta stagione: non ancora annunciata.<\/strong> La terza stagione \u00e8 invece ufficialmente confermata e attualmente in produzione.<\/p>\n<p>\u00c8 uscito il trailer della terza stagione?<\/p>\n<p style=\"text-align: justify;\"><strong>No. Netflix non ha ancora pubblicato un vero trailer della terza stagione di Mercoled\u00ec.<\/strong> Sono disponibili un video di annuncio del cast e prime immagini dal set, ma il materiale promozionale completo arriver\u00e0 pi\u00f9 avanti.<\/p>\n<p>La pubblicazione del primo teaser rappresenter\u00e0 uno dei prossimi aggiornamenti principali di questa guida.<\/p>\n<p>Cosa \u00e8 confermato e cosa non sappiamo ancora?<\/p>\n<p>\u2713 CONFERMATO<\/p>\n<ul>\n<li>Terza stagione ufficialmente confermata<\/li>\n<li>Riprese iniziate nel febbraio 2026<\/li>\n<li>Produzione in Irlanda<\/li>\n<li>Scene ambientate a Parigi<\/li>\n<li>Jenna Ortega torna come Mercoled\u00ec<\/li>\n<li>Eva Green interpreta zia Ophelia<\/li>\n<li>Winona Ryder nel cast<\/li>\n<li>Lena Headey tra le nuove guest star<\/li>\n<li>Alfred Gough e Miles Millar restano showrunner<\/li>\n<\/ul>\n<p>\u231b ANCORA DA CONFERMARE<\/p>\n<ul>\n<li>Data di uscita<\/li>\n<li>Numero di episodi<\/li>\n<li>Durata degli episodi<\/li>\n<li>Ruolo completo di diversi nuovi interpreti<\/li>\n<li>Trailer ufficiale<\/li>\n<li>Quarta stagione<\/li>\n<\/ul>\n<p>Mercoled\u00ec 3: le tappe principali<\/p>\n<ol class=\"rs-guide-timeline\">\n<li><strong>Luglio 2025<\/strong>: Netflix rinnova Mercoled\u00ec per la terza stagione prima del debutto della seconda.<\/li>\n<li><strong>Novembre 2025<\/strong>: <a href=\"https:\/\/recenserie.com\/eva-green-entra-nel-cast-di-wednesday-3-sara-zia-ophelia.html\" rel=\"nofollow noopener\" target=\"_blank\"><strong>Eva Green viene scelta come zia Ophelia<\/strong><\/a>.<\/li>\n<li><strong>Febbraio 2026<\/strong>: iniziano le riprese vicino Dublino e <a href=\"https:\/\/recenserie.com\/winona-ryder-entra-nel-cast-della-3a-stagione-di-wednesday-mercoledi.html\" rel=\"nofollow noopener\" target=\"_blank\"><strong>Winona Ryder entra nel cast<\/strong><\/a>.<\/li>\n<li><strong>Aprile 2026<\/strong>: Netflix mostra le prime immagini della produzione a Parigi e annuncia Lena Headey, Andrew McCarthy e James Lance.<\/li>\n<li><strong>Data da annunciare<\/strong>: debutto della terza stagione su Netflix.<\/li>\n<\/ol>\n<p>Fonti e aggiornamenti<\/p>\n<p style=\"text-align: justify;\">Questa pagina \u00e8 una <strong>guida aggiornata alla terza stagione di Mercoled\u00ec<\/strong> e verr\u00e0 aggiornata quando Netflix annuncer\u00e0 data, episodi, trailer, nuovi personaggi o l\u2019eventuale quarta stagione.<\/p>\n","protected":false},"excerpt":{"rendered":"IN BREVELe informazioni essenziali UscitaNon ancora annunciata Dove vederlaNetflix StatoIn produzione RinnovoQuarta stagione non ancora annunciata ShowrunnerAlfred Gough&hellip;\n","protected":false},"author":3,"featured_media":636916,"comment_status":"","ping_status":"","sticky":false,"template":"","format":"standard","meta":{"footnotes":"","_share_on_mastodon":"0"},"categories":[1444],"tags":[203,204,1537,90,89,13709,4559,3166,253,351827],"class_list":["post-636915","post","type-post","status-publish","format-standard","has-post-thumbnail","category-tv","tag-entertainment","tag-intrattenimento","tag-it","tag-italia","tag-italy","tag-jenna-ortega","tag-mercoledi","tag-netflix","tag-tv","tag-wednesday"],"share_on_mastodon":{"url":"https:\/\/pubeurope.com\/@it\/117112536121263731","error":""},"_links":{"self":[{"href":"https:\/\/www.europesays.com\/it\/wp-json\/wp\/v2\/posts\/636915","targetHints":{"allow":["GET"]}}],"collection":[{"href":"https:\/\/www.europesays.com\/it\/wp-json\/wp\/v2\/posts"}],"about":[{"href":"https:\/\/www.europesays.com\/it\/wp-json\/wp\/v2\/types\/post"}],"author":[{"embeddable":true,"href":"https:\/\/www.europesays.com\/it\/wp-json\/wp\/v2\/users\/3"}],"replies":[{"embeddable":true,"href":"https:\/\/www.europesays.com\/it\/wp-json\/wp\/v2\/comments?post=636915"}],"version-history":[{"count":0,"href":"https:\/\/www.europesays.com\/it\/wp-json\/wp\/v2\/posts\/636915\/revisions"}],"wp:featuredmedia":[{"embeddable":true,"href":"https:\/\/www.europesays.com\/it\/wp-json\/wp\/v2\/media\/636916"}],"wp:attachment":[{"href":"https:\/\/www.europesays.com\/it\/wp-json\/wp\/v2\/media?parent=636915"}],"wp:term":[{"taxonomy":"category","embeddable":true,"href":"https:\/\/www.europesays.com\/it\/wp-json\/wp\/v2\/categories?post=636915"},{"taxonomy":"post_tag","embeddable":true,"href":"https:\/\/www.europesays.com\/it\/wp-json\/wp\/v2\/tags?post=636915"}],"curies":[{"name":"wp","href":"https:\/\/api.w.org\/{rel}","templated":true}]}}