{"id":637053,"date":"2026-08-17T21:29:16","date_gmt":"2026-08-17T21:29:16","guid":{"rendered":"https:\/\/www.europesays.com\/it\/637053\/"},"modified":"2026-08-17T21:29:16","modified_gmt":"2026-08-17T21:29:16","slug":"taylor-swift-cambia-look-il-nuovo-taglio-riporta-indietro-nel-tempo-e-i-fan-pensano-gia-a-una-nuova-era","status":"publish","type":"post","link":"https:\/\/www.europesays.com\/it\/637053\/","title":{"rendered":"Taylor Swift cambia look, il nuovo taglio riporta indietro nel tempo. E i fan pensano gi\u00e0 a una nuova era"},"content":{"rendered":"<p>Una delle personalit\u00e0 pi\u00f9 chiacchierate dell\u2019anno, non solo per il matrimonio da sogno di cui sappiamo ben poco. <b>Taylor Swift<\/b> \u00e8 uscita da un club privato di Londra con i capelli pi\u00f9 corti degli ultimi dieci anni, e nel giro di pochi minuti internet aveva gi\u00e0 deciso cosa volesse dire. Lunghezza appena sotto le spalle, frangia piena al suo posto, rossetto rosso d\u2019ordinanza. Tre giorni dopo si \u00e8 presentata al matrimonio di due amici con lo stesso taglio, portato a onde morbide. Il paragone \u00e8 scattato subito: <b>era 1989<\/b>.\n<\/p>\n<p><b>Il taglio visto prima a Londra, poi a un matrimonio inglese<\/b><\/p>\n<p>La prima apparizione risale alla notte tra il 12 e il 13 agosto. <a href=\"https:\/\/dilei.it\/star-e-vip\/taylor-swift\/\" rel=\"nofollow noopener\" target=\"_blank\">Taylor Swift<\/a> lascia Annabel\u2019s, club londinese per soli soci, in compagnia di un\u2019amica: minidress a fiori lilla e rosa firmato Delphine, tacchi Aquazzura, micro bag Christian Louboutin. E una chioma che fino a poco prima arrivava a met\u00e0 schiena e adesso si ferma sulle spalle, tagliata netta.<\/p>\n<blockquote class=\"instagram-media\" data-instgrm-captioned=\"\" data-instgrm-permalink=\"https:\/\/www.instagram.com\/p\/DcG805coMhJ\/?utm_source=ig_embed&amp;utm_campaign=loading\" data-instgrm-version=\"14\" style=\" background:#FFF; border:0; border-radius:3px; box-shadow:0 0 1px 0 rgba(0,0,0,0.5),0 1px 10px 0 rgba(0,0,0,0.15); margin: 1px; max-width:100%; min-width:326px; padding:0; width:99.375%; width:-webkit-calc(100% - 2px); width:calc(100% - 2px);\"\/>\n<p>Sabato 15 agosto, secondo atto. Taylor Swift ha partecipato al matrimonio di <b>Laura Sisk e Oli Jacobs<\/b>, i due tecnici del suono che lavorano con lei da anni, ai Real World Studios di Peter Gabriel vicino a Bath. Abito Costarellos blu notte in tulle ricamato, collana di perle, bracciale Cartier, fede e anello di fidanzamento in bella vista. Capelli mossi, riga di lato, stessa lunghezza. Tra gli invitati anche Sabrina Carpenter, Jack Antonoff e Phoebe Bridgers.<\/p>\n<p><b>Perch\u00e9 i fan parlano di era 1989<\/b><\/p>\n<p>Il richiamo non \u00e8 campato per aria. Nel 2014, nel backstage dell\u2019ultima data europea del Red Tour, Taylor Swift si era fatta accorciare i capelli fino alle spalle: quel taglio ha accompagnato il passaggio dal country al pop e tutta la stagione di 1989, prima di diventare un caschetto ancora pi\u00f9 corto nel 2016. Da l\u00ec in poi, dieci anni di lunghezze in crescita.<\/p>\n<blockquote class=\"instagram-media\" data-instgrm-captioned=\"\" data-instgrm-permalink=\"https:\/\/www.instagram.com\/p\/Cy41pGouiWm\/?utm_source=ig_embed&amp;utm_campaign=loading\" data-instgrm-version=\"14\" style=\" background:#FFF; border:0; border-radius:3px; box-shadow:0 0 1px 0 rgba(0,0,0,0.5),0 1px 10px 0 rgba(0,0,0,0.15); margin: 1px; max-width:100%; min-width:326px; padding:0; width:99.375%; width:-webkit-calc(100% - 2px); width:calc(100% - 2px);\"\/>\n<p>Quello del 2026 \u00e8 leggermente pi\u00f9 lungo dell\u2019originale e la somiglianza tecnica si esaurisce l\u00ec. <b>Il fandom per\u00f2 ragiona per associazioni, non per centimetri.<\/b><\/p>\n<p><b>La teoria TS13, tra bottoni lilla e orecchini contati<\/b><\/p>\n<p>Secondo la lettura pi\u00f9 diffusa sui social, <strong>il taglio anticiperebbe il tredicesimo album,<\/strong> per ora ribattezzato TS13. Taylor Swift non ha annunciato nulla, e l\u2019intero dossier \u00e8 opera dei fan. Il minidress di Londra era lilla, la borsa lilla e oro: due colori che nella teoria diventano la palette della prossima era. Nel video di Bejeweled, uscito nel 2022, l\u2019ascensore ha un bottone per ogni album e il tredicesimo, in cima, \u00e8 dipinto proprio di lilla.<\/p>\n<p>Il club londinese, poi, \u00e8 lo stesso da cui era uscita due anni prima con un completo tartan, letto a posteriori come anticipazione di The Life of a Showgirl. E una data che contiene un 13, per le Swifties, vale quanto un comunicato stampa.<\/p>\n<p>Al matrimonio, gli orecchini pendenti in opale montavano <b>esattamente tredici pietre<\/b>. Qualcuno le ha contate una per una e ha tirato fuori il precedente: ai Grammy, poco prima dell\u2019annuncio del dodicesimo album, le pietre erano dodici. La teoria pi\u00f9 ambiziosa immagina una trilogia cromatica, bianco per The Tortured Poets Department, arancione per The Life of a Showgirl e viola per quello che verr\u00e0, ipotesi che ha preso quota dopo alcuni like della cantante a post dei fan su questa progressione.<\/p>\n<p><b>E se non si fosse tagliata proprio niente<\/b><\/p>\n<p>Sul taglio, per\u00f2, il fandom si \u00e8 spaccato. Uba parte dei fan sostiene che si tratti soltanto di una piega arrotolata all\u2019interno, quella che nelle foto accorcia la chioma di dieci centimetri senza toglierne uno. Un altro gruppo ha saltato del tutto la questione lunghezza e discute del colore, giurando che il biondo sia pi\u00f9 scuro del solito. <b>Discussioni che si basano tutte sullo stesso pacchetto di fotografie<\/b>, scattate da lontano, dove una piega vale quanto un paio di forbici.<\/p>\n<p>\t\t\t\tScopri i personaggi in trend, le storie del momento e molto altro.<br \/>Dove? Sul <a href=\"https:\/\/whatsapp.com\/channel\/0029Vb68mVyHVvTWezDm7d0R\" target=\"_blank\" rel=\"noopener nofollow\">canale WhatsApp di DiLei!<\/a><\/p>\n<p>\t\t\t<a class=\"buttonCall\" href=\"https:\/\/whatsapp.com\/channel\/0029Vb68mVyHVvTWezDm7d0R\" target=\"_blank\" rel=\"noopener nofollow\" title=\"Seguici su WhatsApp\"><br \/>\n\t\t\t\tSeguici su WhatsApp<br \/>\n\t\t\t<\/a><\/p>\n<p>\t<script async src=\"\/\/www.instagram.com\/embed.js\"><\/script><\/p>\n","protected":false},"excerpt":{"rendered":"Una delle personalit\u00e0 pi\u00f9 chiacchierate dell\u2019anno, non solo per il matrimonio da sogno di cui sappiamo ben poco.&hellip;\n","protected":false},"author":3,"featured_media":637054,"comment_status":"","ping_status":"","sticky":false,"template":"","format":"standard","meta":{"footnotes":"","_share_on_mastodon":"0"},"categories":[174],"tags":[3055,203,204,1537,90,89,6865,86],"class_list":["post-637053","post","type-post","status-publish","format-standard","has-post-thumbnail","category-intrattenimento","tag-capelli","tag-entertainment","tag-intrattenimento","tag-it","tag-italia","tag-italy","tag-taylor-swift","tag-vip"],"share_on_mastodon":{"url":"https:\/\/pubeurope.com\/@it\/117112980278051648","error":""},"_links":{"self":[{"href":"https:\/\/www.europesays.com\/it\/wp-json\/wp\/v2\/posts\/637053","targetHints":{"allow":["GET"]}}],"collection":[{"href":"https:\/\/www.europesays.com\/it\/wp-json\/wp\/v2\/posts"}],"about":[{"href":"https:\/\/www.europesays.com\/it\/wp-json\/wp\/v2\/types\/post"}],"author":[{"embeddable":true,"href":"https:\/\/www.europesays.com\/it\/wp-json\/wp\/v2\/users\/3"}],"replies":[{"embeddable":true,"href":"https:\/\/www.europesays.com\/it\/wp-json\/wp\/v2\/comments?post=637053"}],"version-history":[{"count":0,"href":"https:\/\/www.europesays.com\/it\/wp-json\/wp\/v2\/posts\/637053\/revisions"}],"wp:featuredmedia":[{"embeddable":true,"href":"https:\/\/www.europesays.com\/it\/wp-json\/wp\/v2\/media\/637054"}],"wp:attachment":[{"href":"https:\/\/www.europesays.com\/it\/wp-json\/wp\/v2\/media?parent=637053"}],"wp:term":[{"taxonomy":"category","embeddable":true,"href":"https:\/\/www.europesays.com\/it\/wp-json\/wp\/v2\/categories?post=637053"},{"taxonomy":"post_tag","embeddable":true,"href":"https:\/\/www.europesays.com\/it\/wp-json\/wp\/v2\/tags?post=637053"}],"curies":[{"name":"wp","href":"https:\/\/api.w.org\/{rel}","templated":true}]}}